{"id":21870,"date":"2013-11-24T17:54:05","date_gmt":"2013-11-24T16:54:05","guid":{"rendered":"http:\/\/stockportal.hu\/?p=21870"},"modified":"2013-11-24T17:54:45","modified_gmt":"2013-11-24T16:54:45","slug":"megkezdodott-a-deli-aramlat-nevu-gazvezetek-szerbiai-szakaszanak-epitese","status":"publish","type":"post","link":"https:\/\/gazdasagportal.hu\/index.php\/megkezdodott-a-deli-aramlat-nevu-gazvezetek-szerbiai-szakaszanak-epitese\/","title":{"rendered":"Megkezd\u0151d\u00f6tt a D\u00e9li \u00c1ramlat nev\u0171 g\u00e1zvezet\u00e9k szerbiai szakasz\u00e1nak \u00e9p\u00edt\u00e9se"},"content":{"rendered":"<p><strong>\u00dcnnep\u00e9lyes keretek k\u00f6z\u00f6tt kezd\u0151d\u00f6tt meg vas\u00e1rnap d\u00e9lut\u00e1n a D\u00e9li \u00c1ramlat nev\u0171 g\u00e1zvezet\u00e9k szerbiai szakasz\u00e1nak \u00e9p\u00edt\u00e9se.<!--more--><\/strong><\/p>\n<p>A belgr\u00e1di \u00fcnneps\u00e9gen a szerbiai \u00e1llamvezet\u00e9s mellett magas rang\u00fa orosz politikusok \u00e9s a Gazprom orosz v\u00e1llalat igazgat\u00f3bizotts\u00e1g\u00e1nak eln\u00f6ke, Alekszej Miller is r\u00e9szt vett. Az illet\u00e9kes miniszterek h\u00e1rom energia\u00fcgyi szerz\u0151d\u00e9st \u00edrtak al\u00e1. \u00a0\u00a0\u00a0\u00a0&#8222;A D\u00e9li \u00c1ramlatra val\u00f3 csatlakoz\u00e1s a fejl\u0151d\u00e9s szimb\u00f3luma, valamint Szerbia \u00e9s Oroszorsz\u00e1g \u00f6sszekapcsol\u00e1sa a munk\u00e1n kereszt\u00fcl, illetve a bizonytalans\u00e1g n\u00e9lk\u00fcli g\u00e1zell\u00e1t\u00e1s garanci\u00e1ja&#8221; &#8211; jelentette ki Tomislav Nikolic szerb \u00e1llamf\u0151. \u00a0\u00a0\u00a0\u00a0A D\u00e9li \u00c1ramlat nemzetk\u00f6zi g\u00e1zvezet\u00e9k a Fekete-tenger alatt, Bulg\u00e1ri\u00e1n, Szerbi\u00e1n \u00e9s Magyarorsz\u00e1gon kereszt\u00fcl sz\u00e1ll\u00edtja majd az orosz g\u00e1zt Nyugat-Eur\u00f3pa fogyaszt\u00f3inak. A befektet\u00e9s \u00f6ssz\u00e9rt\u00e9ke t\u00f6bb mint 16 milli\u00e1rd eur\u00f3. A 421 kilom\u00e9teres szerbiai szakasz ki\u00e9p\u00edt\u00e9se 1,9 milli\u00e1rd eur\u00f3ba ker\u00fcl. \u00a0\u00a0\u00a0\u00a0Az \u00fcnneps\u00e9ggel egy id\u0151ben \u00f6sszeszerelt\u00e9k az els\u0151 cs\u0151vezet\u00e9ket is a vajdas\u00e1gi Sajk\u00e1sszentiv\u00e1non (Sajkas), a val\u00f3di munka azonban csak febru\u00e1rban kezd\u0151dik meg. A t\u00f6bb \u00e9vig tart\u00f3 munk\u00e1latok sor\u00e1n v\u00e1rhat\u00f3an 25 ezer embert alkalmaznak k\u00f6zvetlen\u00fcl, k\u00f6zvetetten viszont ak\u00e1r 100 ezer ember is munk\u00e1hoz juthat a projektnek k\u00f6sz\u00f6nhet\u0151en. \u00a0\u00a0\u00a0\u00a0Az \u00e9p\u00edtkez\u00e9st a South Stream Serbia (D\u00e9li \u00c1ramlat-Szerbia) v\u00e1llalat v\u00e9gzi, amelyben az orosz Gazpromnak 51, a szerbiai \u00e1llami g\u00e1zszolg\u00e1ltat\u00f3nak (Srbijagas) pedig 49 sz\u00e1zal\u00e9kos tulajdonr\u00e9sze van. \u00a0\u00a0\u00a0\u00a0Az Ukrajna megker\u00fcl\u00e9s\u00e9vel orosz g\u00e1zt az eur\u00f3pai piacra sz\u00e1ll\u00edt\u00f3 D\u00e9li \u00c1ramlat g\u00e1zvezet\u00e9ket el\u0151rel\u00e1that\u00f3lag 2016-ban helyezik \u00fczembe. \u00a0\u00a0\u00a0\u00a0A vezet\u00e9k \u00e9vente 63 milli\u00e1rd k\u00f6bm\u00e9ter f\u00f6ldg\u00e1zt lesz k\u00e9pes eljuttatni az eur\u00f3pai fogyaszt\u00f3khoz Bulg\u00e1ria, Szerbia, Magyarorsz\u00e1g, Szlov\u00e9nia \u00e9s Ausztria ter\u00fclet\u00e9n az olaszorsz\u00e1gi eloszt\u00f3 termin\u00e1lhoz vezet\u0151 nyomvonalon. (MTI)<\/p>\n","protected":false},"excerpt":{"rendered":"<p>\u00dcnnep\u00e9lyes keretek k\u00f6z\u00f6tt kezd\u0151d\u00f6tt meg vas\u00e1rnap d\u00e9lut\u00e1n a D\u00e9li \u00c1ramlat nev\u0171 g\u00e1zvezet\u00e9k szerbiai szakasz\u00e1nak \u00e9p\u00edt\u00e9se.<\/p>\n","protected":false},"author":1,"featured_media":0,"comment_status":"open","ping_status":"closed","sticky":false,"template":"","format":"standard","meta":[],"categories":[12],"tags":[],"_links":{"self":[{"href":"https:\/\/gazdasagportal.hu\/index.php\/wp-json\/wp\/v2\/posts\/21870"}],"collection":[{"href":"https:\/\/gazdasagportal.hu\/index.php\/wp-json\/wp\/v2\/posts"}],"about":[{"href":"https:\/\/gazdasagportal.hu\/index.php\/wp-json\/wp\/v2\/types\/post"}],"author":[{"embeddable":true,"href":"https:\/\/gazdasagportal.hu\/index.php\/wp-json\/wp\/v2\/users\/1"}],"replies":[{"embeddable":true,"href":"https:\/\/gazdasagportal.hu\/index.php\/wp-json\/wp\/v2\/comments?post=21870"}],"version-history":[{"count":1,"href":"https:\/\/gazdasagportal.hu\/index.php\/wp-json\/wp\/v2\/posts\/21870\/revisions"}],"predecessor-version":[{"id":21871,"href":"https:\/\/gazdasagportal.hu\/index.php\/wp-json\/wp\/v2\/posts\/21870\/revisions\/21871"}],"wp:attachment":[{"href":"https:\/\/gazdasagportal.hu\/index.php\/wp-json\/wp\/v2\/media?parent=21870"}],"wp:term":[{"taxonomy":"category","embeddable":true,"href":"https:\/\/gazdasagportal.hu\/index.php\/wp-json\/wp\/v2\/categories?post=21870"},{"taxonomy":"post_tag","embeddable":true,"href":"https:\/\/gazdasagportal.hu\/index.php\/wp-json\/wp\/v2\/tags?post=21870"}],"curies":[{"name":"wp","href":"https:\/\/api.w.org\/{rel}","templated":true}]}}