{"id":21868,"date":"2013-11-24T19:15:12","date_gmt":"2013-11-24T18:15:12","guid":{"rendered":"http:\/\/stockportal.hu\/?p=21868"},"modified":"2013-11-24T17:52:40","modified_gmt":"2013-11-24T16:52:40","slug":"ukrajna-eu-tobb-mint-szazezren-vonultak-kijev-foterere-ukrajna-eu-integraciojaert","status":"publish","type":"post","link":"https:\/\/gazdasagportal.hu\/index.php\/ukrajna-eu-tobb-mint-szazezren-vonultak-kijev-foterere-ukrajna-eu-integraciojaert\/","title":{"rendered":"Ukrajna-EU &#8211; T\u00f6bb mint sz\u00e1zezren vonultak Kijev f\u0151ter\u00e9re Ukrajna EU-integr\u00e1ci\u00f3j\u00e1\u00e9rt"},"content":{"rendered":"<p><strong>Becsl\u00e9sek szerint mintegy sz\u00e1zt\u00edzezren vonultak Kijev f\u0151ter\u00e9re tiltakozni vas\u00e1rnap Ukrajna eur\u00f3pai integr\u00e1ci\u00f3j\u00e1nak le\u00e1ll\u00edt\u00e1sa ellen.<!--more--><\/strong><\/p>\n<p>Az ellenz\u00e9k \u00e1ltal meghirdetett megmozdul\u00e1sra folyamatosan \u00e9rkeztek a r\u00e9sztvev\u0151k, id\u0151sek, fiatalok egyar\u00e1nt. K\u00f6zt\u00fck nagy sz\u00e1mban olyanok, akik nem p\u00e1rtz\u00e1szl\u00f3k alatt vonultak, \u00e9s nem viseltek magukon semmilyen p\u00e1rtszimb\u00f3lumot, csak a karjukra k\u00f6t\u00f6tt k\u00e9k-s\u00e1rga nemzeti sz\u00edn\u0171 szalagot.<br \/>\nA t\u00fcntet\u0151k menet\u00e9t a Sevcsenko parkt\u00f3l a F\u00fcggetlens\u00e9g ter\u00e9ig Arszenyij Jacenyuk, a Julija Timosenko beb\u00f6rt\u00f6nz\u00f6tt volt korm\u00e1nyf\u0151t t\u00e1mogat\u00f3 Haza p\u00e1rt frakci\u00f3vezet\u0151je \u00e9s Oleh Tyahnyibok, a Szabads\u00e1g (Szvoboda) eln\u00f6ke vezette.<br \/>\nVitalij Klicsko, az \u00dct\u00e9s (UDAR) p\u00e1rt vezet\u0151je lek\u00e9ste a demonstr\u00e1ci\u00f3 kezdet\u00e9t, mivel rep\u00fcl\u0151g\u00e9pe nem kapott lesz\u00e1ll\u00e1si enged\u00e9lyt az ukr\u00e1n f\u0151v\u00e1ros egyik repter\u00e9n sem. Sajt\u00f3szolg\u00e1lata szerint a politikus, aki k\u00fclf\u00f6ld\u00f6n &#8222;eur\u00f3pai vezet\u0151kkel folytatott konzult\u00e1ci\u00f3kat, egy m\u00e1sik v\u00e1rosban sz\u00e1llt le, s onnan aut\u00f3val tart Kijevbe&#8221;.<br \/>\nFiv\u00e9re, Volodimir Klicsko profi \u00f6k\u00f6lv\u00edv\u00f3 is csatlakozott a megmozdul\u00e1shoz. A k\u00f6zpontban fel\u00e1ll\u00edtott sz\u00ednpadon mondott besz\u00e9d\u00e9ben b\u00edr\u00e1lta a jelenlegi ukr\u00e1n vezet\u00e9st, \u00e9s kijelentette, hogy &#8222;az ukr\u00e1nok eur\u00f3pai m\u00f3don akarnak \u00e9lni&#8221;. &#8222;Meggy\u0151z\u0151d\u00e9sem, hogy ezt egy\u00fctt el\u00e9rj\u00fck, \u00e9s mi\u00e9nk lesz a gy\u0151zelem!&#8221; &#8211; hangoztatta.<br \/>\nArszenyij Jacenyuk az \u00f6sszegy\u0171ltek el\u0151tt k\u00f6vetelte, hogy Viktor Janukovics eln\u00f6k vegyen r\u00e9szt az EU keleti partners\u00e9gi cs\u00facs\u00e9rtekezlet\u00e9n Vilniusban. &#8222;Janukovics eln\u00f6knek november 28-\u00e1n al\u00e1 kell \u00edrnia az uni\u00f3s t\u00e1rsul\u00e1sr\u00f3l sz\u00f3l\u00f3 meg\u00e1llapod\u00e1st az ukr\u00e1n n\u00e9p nev\u00e9ben&#8221; &#8211; sz\u00f6gezte le. K\u00f6vetelte emellett az \u00e1llamf\u0151t\u0151l, hogy menessze Mikola Azarov minisztereln\u00f6k\u00f6t \u00e9s &#8222;Eur\u00f3pa-ellenes&#8221; korm\u00e1ny\u00e1t. &#8222;V\u00e1demel\u00e9s Janukovicsnak, meneszt\u00e9s a korm\u00e1nynak, Eur\u00f3pai Uni\u00f3 Ukrajn\u00e1nak!&#8221; &#8211; felki\u00e1lt\u00e1ssal z\u00e1rta besz\u00e9d\u00e9t.<br \/>\nA sz\u00ednpadon felsz\u00f3lal\u00f3k k\u00f6vetelt\u00e9k, hogy a korm\u00e1ny vonja vissza az EU-integr\u00e1ci\u00f3 le\u00e1ll\u00edt\u00e1s\u00e1r\u00f3l hozott rendeletet, a parlament pedig tartson rendk\u00edv\u00fcli \u00fcl\u00e9st november 27-\u00e9n. Az ellenz\u00e9ki politikusok kil\u00e1t\u00e1sba helyezt\u00e9k, hogy kezdem\u00e9nyezik a parlament feloszlat\u00e1s\u00e1t, ha az nem szavazza meg az eur\u00f3pai integr\u00e1ci\u00f3s jogszab\u00e1lyokat.<br \/>\nA megmozdul\u00e1s els\u0151 \u00f3r\u00e1iban mind\u00f6ssze egy incidens t\u00f6rt\u00e9nt. A belv\u00e1rosban \u00e1ll\u00f3 Lenin-szoborn\u00e1l s\u00e1tort \u00e1ll\u00edtottak az uni\u00f3ellenes kommunista aktivist\u00e1k, akiket n\u00e9h\u00e1ny tucat rohamrend\u0151r v\u00e9dett. A mellett\u00fck elhalad\u00f3 uni\u00f3p\u00e1rti t\u00fcntet\u0151k \u00e1tt\u00f6rt\u00e9k a rend\u0151rkordont, \u00e9s kisebb dulakod\u00e1s ut\u00e1n megszerezt\u00e9k, majd magukkal vitt\u00e9k a kommunist\u00e1k s\u00e1tr\u00e1t.<br \/>\nNagy sz\u00e1mban vez\u00e9nyeltek ki rend\u0151r\u00f6ket, akik lez\u00e1rt\u00e1k a mell\u00e9kutc\u00e1kat a f\u0151\u00faton, ahol a tiltakoz\u00f3k menete v\u00e9gighaladt.<br \/>\nK\u00f6zben a belv\u00e1ros egy m\u00e1sik ter\u00e9n rendezett ellendemonstr\u00e1ci\u00f3t a korm\u00e1nyz\u00f3 R\u00e9gi\u00f3k P\u00e1rtja l\u00e9nyegesen kevesebb, legfeljebb 10 ezernyi r\u00e9sztvev\u0151vel.<br \/>\nAz ukr\u00e1n korm\u00e1ny cs\u00fct\u00f6rt\u00f6k\u00f6n jelentette be, hogy le\u00e1ll\u00edtja az EU \u00e9s Ukrajna k\u00f6z\u00f6tti t\u00e1rsul\u00e1si folyamatot. Kijevben m\u00e9g aznap \u00e9jjel spont\u00e1n civil t\u00fcntet\u00e9st szerveztek k\u00f6z\u00f6ss\u00e9gi port\u00e1lokon kereszt\u00fcl a f\u0151v\u00e1rosiak a d\u00f6nt\u00e9s ellen. Az\u00f3ta folyamatosan demonstr\u00e1lnak Kijev f\u0151ter\u00e9n. A t\u00fcntet\u00e9sek az orsz\u00e1g m\u00e1s r\u00e9szeire is kiterjedtek, az eddigi legnagyobb vid\u00e9ki megmozdul\u00e1s p\u00e9nteken a nyugat-ukrajnai Lvivben volt mintegy 10 ezer r\u00e9sztvev\u0151vel.(MTI)<\/p>\n","protected":false},"excerpt":{"rendered":"<p>Becsl\u00e9sek szerint mintegy sz\u00e1zt\u00edzezren vonultak Kijev f\u0151ter\u00e9re tiltakozni vas\u00e1rnap Ukrajna eur\u00f3pai integr\u00e1ci\u00f3j\u00e1nak le\u00e1ll\u00edt\u00e1sa ellen.<\/p>\n","protected":false},"author":1,"featured_media":0,"comment_status":"open","ping_status":"closed","sticky":false,"template":"","format":"standard","meta":[],"categories":[12],"tags":[],"_links":{"self":[{"href":"https:\/\/gazdasagportal.hu\/index.php\/wp-json\/wp\/v2\/posts\/21868"}],"collection":[{"href":"https:\/\/gazdasagportal.hu\/index.php\/wp-json\/wp\/v2\/posts"}],"about":[{"href":"https:\/\/gazdasagportal.hu\/index.php\/wp-json\/wp\/v2\/types\/post"}],"author":[{"embeddable":true,"href":"https:\/\/gazdasagportal.hu\/index.php\/wp-json\/wp\/v2\/users\/1"}],"replies":[{"embeddable":true,"href":"https:\/\/gazdasagportal.hu\/index.php\/wp-json\/wp\/v2\/comments?post=21868"}],"version-history":[{"count":1,"href":"https:\/\/gazdasagportal.hu\/index.php\/wp-json\/wp\/v2\/posts\/21868\/revisions"}],"predecessor-version":[{"id":21869,"href":"https:\/\/gazdasagportal.hu\/index.php\/wp-json\/wp\/v2\/posts\/21868\/revisions\/21869"}],"wp:attachment":[{"href":"https:\/\/gazdasagportal.hu\/index.php\/wp-json\/wp\/v2\/media?parent=21868"}],"wp:term":[{"taxonomy":"category","embeddable":true,"href":"https:\/\/gazdasagportal.hu\/index.php\/wp-json\/wp\/v2\/categories?post=21868"},{"taxonomy":"post_tag","embeddable":true,"href":"https:\/\/gazdasagportal.hu\/index.php\/wp-json\/wp\/v2\/tags?post=21868"}],"curies":[{"name":"wp","href":"https:\/\/api.w.org\/{rel}","templated":true}]}}