{"id":21864,"date":"2013-11-24T14:58:37","date_gmt":"2013-11-24T13:58:37","guid":{"rendered":"http:\/\/stockportal.hu\/?p=21864"},"modified":"2013-11-24T14:32:54","modified_gmt":"2013-11-24T13:32:54","slug":"az-europai-tanacs-elnoke-udvozli-az-irannal-szuletett-egyezseget","status":"publish","type":"post","link":"https:\/\/gazdasagportal.hu\/index.php\/az-europai-tanacs-elnoke-udvozli-az-irannal-szuletett-egyezseget\/","title":{"rendered":"Az Eur\u00f3pai Tan\u00e1cs eln\u00f6ke \u00fcdv\u00f6zli az Ir\u00e1nnal sz\u00fcletett egyezs\u00e9get"},"content":{"rendered":"<p><strong>Herman Van Rompuy, az uni\u00f3s orsz\u00e1gok \u00e1llam-, illetve korm\u00e1nyf\u0151it t\u00f6m\u00f6r\u00edt\u0151 Eur\u00f3pai Tan\u00e1cs eln\u00f6ke vas\u00e1rnap nyilatkozatban \u00fcdv\u00f6z\u00f6lte, hogy hajnalban f\u00e9l \u00e9vre sz\u00f3l\u00f3 \u00e1tmeneti meg\u00e1llapod\u00e1s sz\u00fcletett Ir\u00e1n atomprogramj\u00e1r\u00f3l Teher\u00e1n \u00e9s a nemzetk\u00f6zi k\u00f6z\u00f6ss\u00e9g k\u00f6z\u00f6tt.<!--more--><\/strong><\/p>\n<p>Az egyezs\u00e9g Van Rompuy szerint fontos l\u00e9p\u00e9s abba az ir\u00e1nyba, hogy garant\u00e1lt legyen az ir\u00e1ni nukle\u00e1ris program b\u00e9k\u00e9s jellege. E k\u00e9rd\u00e9s hat\u00e9kony kezel\u00e9se &#8211; tette hozz\u00e1 &#8211; jelent\u0151s region\u00e1lis, illetve glob\u00e1lis hat\u00e1ssal fog j\u00e1rni: cs\u00f6kkenti a politikai fesz\u00fclts\u00e9get, hozz\u00e1j\u00e1rul a bizalom \u00e9p\u00edt\u00e9s\u00e9hez, \u00e9s seg\u00edti megg\u00e1tolni a t\u00f6megpuszt\u00edt\u00f3 fegyverek terjed\u00e9s\u00e9t.<br \/>\nAz EU-tagorsz\u00e1gokat megjelen\u00edt\u0151 test\u00fclet cs\u00facsvezet\u0151je k\u00fcl\u00f6n m\u00e9ltatta Haszan R\u00f3h\u00e1ni ir\u00e1ni eln\u00f6k &#8222;elk\u00f6telezetts\u00e9g\u00e9t \u00e9s b\u00e1tors\u00e1g\u00e1t&#8221;, illetve a k\u00e9rd\u00e9sben kifejtett &#8222;er\u0151fesz\u00edt\u00e9seit&#8221;. Elismer\u00e9ssel sz\u00f3lt Catherine Ashtonnak, az EU k\u00fcl- \u00e9s biztons\u00e1gpolitikai f\u0151k\u00e9pvisel\u0151j\u00e9nek a t\u00e1rgyal\u00e1sok sor\u00e1n ell\u00e1tott t\u00e1rseln\u00f6ki szerep\u00e9r\u0151l. Szerinte Ashton &#8222;kitart\u00e1sa&#8221; kulcsfontoss\u00e1g\u00fa volt a meg\u00e1llapod\u00e1s megsz\u00fclet\u00e9se szempontj\u00e1b\u00f3l.<br \/>\nHerman Van Rompuy kiemelte: most arra van sz\u00fcks\u00e9g, hogy pontosan val\u00f3s\u00edts\u00e1k meg a meg\u00e1llapod\u00e1sban foglaltakat, \u00e9s a kibontakoz\u00f3 bizalom alapj\u00e1n folytass\u00e1k a munk\u00e1t a k\u00e9rd\u00e9s v\u00e9gleges rendez\u00e9se \u00e9rdek\u00e9ben.(MTI)<\/p>\n","protected":false},"excerpt":{"rendered":"<p>Herman Van Rompuy, az uni\u00f3s orsz\u00e1gok \u00e1llam-, illetve korm\u00e1nyf\u0151it t\u00f6m\u00f6r\u00edt\u0151 Eur\u00f3pai Tan\u00e1cs eln\u00f6ke vas\u00e1rnap nyilatkozatban \u00fcdv\u00f6z\u00f6lte, hogy hajnalban f\u00e9l \u00e9vre sz\u00f3l\u00f3 \u00e1tmeneti meg\u00e1llapod\u00e1s sz\u00fcletett Ir\u00e1n atomprogramj\u00e1r\u00f3l Teher\u00e1n \u00e9s a nemzetk\u00f6zi k\u00f6z\u00f6ss\u00e9g k\u00f6z\u00f6tt.<\/p>\n","protected":false},"author":1,"featured_media":0,"comment_status":"open","ping_status":"closed","sticky":false,"template":"","format":"standard","meta":[],"categories":[16],"tags":[],"_links":{"self":[{"href":"https:\/\/gazdasagportal.hu\/index.php\/wp-json\/wp\/v2\/posts\/21864"}],"collection":[{"href":"https:\/\/gazdasagportal.hu\/index.php\/wp-json\/wp\/v2\/posts"}],"about":[{"href":"https:\/\/gazdasagportal.hu\/index.php\/wp-json\/wp\/v2\/types\/post"}],"author":[{"embeddable":true,"href":"https:\/\/gazdasagportal.hu\/index.php\/wp-json\/wp\/v2\/users\/1"}],"replies":[{"embeddable":true,"href":"https:\/\/gazdasagportal.hu\/index.php\/wp-json\/wp\/v2\/comments?post=21864"}],"version-history":[{"count":1,"href":"https:\/\/gazdasagportal.hu\/index.php\/wp-json\/wp\/v2\/posts\/21864\/revisions"}],"predecessor-version":[{"id":21865,"href":"https:\/\/gazdasagportal.hu\/index.php\/wp-json\/wp\/v2\/posts\/21864\/revisions\/21865"}],"wp:attachment":[{"href":"https:\/\/gazdasagportal.hu\/index.php\/wp-json\/wp\/v2\/media?parent=21864"}],"wp:term":[{"taxonomy":"category","embeddable":true,"href":"https:\/\/gazdasagportal.hu\/index.php\/wp-json\/wp\/v2\/categories?post=21864"},{"taxonomy":"post_tag","embeddable":true,"href":"https:\/\/gazdasagportal.hu\/index.php\/wp-json\/wp\/v2\/tags?post=21864"}],"curies":[{"name":"wp","href":"https:\/\/api.w.org\/{rel}","templated":true}]}}