{"id":21862,"date":"2013-11-24T13:36:15","date_gmt":"2013-11-24T12:36:15","guid":{"rendered":"http:\/\/stockportal.hu\/?p=21862"},"modified":"2013-11-24T12:27:55","modified_gmt":"2013-11-24T11:27:55","slug":"netanjahu-tortenelmi-hiba-a-genfben-alairt-megallapodas","status":"publish","type":"post","link":"https:\/\/gazdasagportal.hu\/index.php\/netanjahu-tortenelmi-hiba-a-genfben-alairt-megallapodas\/","title":{"rendered":"Netanjahu: t\u00f6rt\u00e9nelmi hiba a Genfben al\u00e1\u00edrt meg\u00e1llapod\u00e1s"},"content":{"rendered":"<p><strong>Benj\u00e1min Netanjahu izraeli minisztereln\u00f6k t\u00f6rt\u00e9nelmi hib\u00e1nak nevezte a Genfben al\u00e1\u00edrt meg\u00e1llapod\u00e1st &#8211; k\u00f6z\u00f6lte az izraeli katonai r\u00e1di\u00f3.<!--more--><\/strong><\/p>\n<p>Netanjahu a vas\u00e1rnapi korm\u00e1ny\u00fcl\u00e9s kezdet\u00e9n kijelentette, hogy &#8222;ma sokkal vesz\u00e9lyesebb\u00e9 v\u00e1lt a vil\u00e1g, mert a legvesz\u00e9lyesebb rendszer jelent\u0151s l\u00e9p\u00e9st tett a vil\u00e1g legvesz\u00e9lyesebb fegyver\u00e9nek megszerz\u00e9s\u00e9re. A vil\u00e1g vezet\u0151 hatalmai el\u0151sz\u00f6r fogadt\u00e1k el az ir\u00e1ni ur\u00e1nd\u00fas\u00edt\u00e1st, mik\u00f6zben teljesen figyelmen k\u00edv\u00fcl hagyj\u00e1k az \u00e1ltaluk vezetett ENSZ Biztons\u00e1gi Tan\u00e1csot.&#8221;<br \/>\n&#8222;Izrael nem tekinti mag\u00e1ra n\u00e9zve k\u00f6telez\u0151nek a meg\u00e1llapod\u00e1st \u00e9s fenntartja a jogot az \u00f6nv\u00e9delemre&#8221;- tette hozz\u00e1 az izraeli korm\u00e1nyf\u0151. \u00c9lesen szembesz\u00e1llt a szankci\u00f3k felold\u00e1s\u00e1val, mert \u00e9vekbe telt l\u00e9trehoz\u00e1suk, \u00e9s Ir\u00e1n kozmetikai engedm\u00e9nyei\u00e9rt oldj\u00e1k fel, amelyeket heteken bel\u00fcl visszavonhatnak &#8211; v\u00e9lekedett.<br \/>\nIr\u00e1n elt\u00f6k\u00e9lt Izrael elpuszt\u00edt\u00e1s\u00e1ban, de Izrael nem engedi az ir\u00e1ni nukle\u00e1ris katonai k\u00e9pess\u00e9gek kifejleszt\u00e9s\u00e9t &#8211; k\u00f6z\u00f6lte a minisztereln\u00f6k. Netanjahuhoz hasonl\u00f3an Avigdor Liberman k\u00fcl\u00fcgyminiszter is sajn\u00e1lat\u00e1t fejezte ki az egyezm\u00e9ny al\u00e1\u00edr\u00e1sa miatt vas\u00e1rnap reggel.<br \/>\nA katonai r\u00e1di\u00f3nak adott interj\u00faban azt mondta r\u00f3la, hogy &#8222;az Iszl\u00e1m K\u00f6zt\u00e1rsas\u00e1g legnagyobb diplom\u00e1ciai gy\u0151zelm\u00e9t k\u00f6nyvelheti el Khomeini forradalma \u00f3ta, amely fegyverkez\u00e9si versenyhez vezethet a K\u00f6zel-Keleten is.&#8221;<br \/>\nCipi Livni igazs\u00e1g\u00fcgyminiszter, a centrista Tnua (Mozgalom) p\u00e1rt eln\u00f6ke viszont azt nyilatkozta a r\u00e1di\u00f3nak, hogy az egyezm\u00e9ny al\u00e1\u00edr\u00e1sa ut\u00e1n el\u0151re kell n\u00e9zni, meg kell er\u0151s\u00edteni a strat\u00e9giai kapcsolatokat Amerik\u00e1val \u00e9s egys\u00e9ges politikai \u00e1ll\u00e1spontot kell kialak\u00edtani tov\u00e1bbi orsz\u00e1gokkal, k\u00f6zt\u00fck az Ir\u00e1nban fenyeget\u00e9st l\u00e1t\u00f3 arab \u00e1llamokkal, hogy a majdani v\u00e9gleges meg\u00e1llapod\u00e1s val\u00f3ban megakad\u00e1lyozza az ir\u00e1ni atomfegyverkez\u00e9st.(MTI)<\/p>\n","protected":false},"excerpt":{"rendered":"<p>Benj\u00e1min Netanjahu izraeli minisztereln\u00f6k t\u00f6rt\u00e9nelmi hib\u00e1nak nevezte a Genfben al\u00e1\u00edrt meg\u00e1llapod\u00e1st &#8211; k\u00f6z\u00f6lte az izraeli katonai r\u00e1di\u00f3.<\/p>\n","protected":false},"author":1,"featured_media":1340,"comment_status":"open","ping_status":"closed","sticky":false,"template":"","format":"standard","meta":[],"categories":[16],"tags":[],"_links":{"self":[{"href":"https:\/\/gazdasagportal.hu\/index.php\/wp-json\/wp\/v2\/posts\/21862"}],"collection":[{"href":"https:\/\/gazdasagportal.hu\/index.php\/wp-json\/wp\/v2\/posts"}],"about":[{"href":"https:\/\/gazdasagportal.hu\/index.php\/wp-json\/wp\/v2\/types\/post"}],"author":[{"embeddable":true,"href":"https:\/\/gazdasagportal.hu\/index.php\/wp-json\/wp\/v2\/users\/1"}],"replies":[{"embeddable":true,"href":"https:\/\/gazdasagportal.hu\/index.php\/wp-json\/wp\/v2\/comments?post=21862"}],"version-history":[{"count":1,"href":"https:\/\/gazdasagportal.hu\/index.php\/wp-json\/wp\/v2\/posts\/21862\/revisions"}],"predecessor-version":[{"id":21863,"href":"https:\/\/gazdasagportal.hu\/index.php\/wp-json\/wp\/v2\/posts\/21862\/revisions\/21863"}],"wp:featuredmedia":[{"embeddable":true,"href":"https:\/\/gazdasagportal.hu\/index.php\/wp-json\/wp\/v2\/media\/1340"}],"wp:attachment":[{"href":"https:\/\/gazdasagportal.hu\/index.php\/wp-json\/wp\/v2\/media?parent=21862"}],"wp:term":[{"taxonomy":"category","embeddable":true,"href":"https:\/\/gazdasagportal.hu\/index.php\/wp-json\/wp\/v2\/categories?post=21862"},{"taxonomy":"post_tag","embeddable":true,"href":"https:\/\/gazdasagportal.hu\/index.php\/wp-json\/wp\/v2\/tags?post=21862"}],"curies":[{"name":"wp","href":"https:\/\/api.w.org\/{rel}","templated":true}]}}