{"id":21849,"date":"2013-11-23T18:17:37","date_gmt":"2013-11-23T17:17:37","guid":{"rendered":"http:\/\/stockportal.hu\/?p=21849"},"modified":"2013-11-23T17:47:50","modified_gmt":"2013-11-23T16:47:50","slug":"mesterhazy-kampanyuzemmodra-kapcsolt-az-mszp","status":"publish","type":"post","link":"https:\/\/gazdasagportal.hu\/index.php\/mesterhazy-kampanyuzemmodra-kapcsolt-az-mszp\/","title":{"rendered":"Mesterh\u00e1zy: kamp\u00e1ny\u00fczemm\u00f3dra kapcsolt az MSZP"},"content":{"rendered":"<p><strong>Az MSZP kamp\u00e1ny\u00fczemm\u00f3dra kapcsolt &#8211; jelentette ki Mesterh\u00e1zy Attila a szocialist\u00e1k szombati v\u00e1lasztm\u00e1nyi \u00fcl\u00e9se ut\u00e1n, amelyen kieg\u00e9sz\u00edtett\u00e9k a p\u00e1rtot kamp\u00e1nyid\u0151szakban ir\u00e1ny\u00edt\u00f3 orsz\u00e1gos v\u00e1laszt\u00e1si bizotts\u00e1got.<!--more--><\/strong><\/p>\n<p>A p\u00e1rteln\u00f6k elmondta: a v\u00e1lasztm\u00e1ny kinyilv\u00e1n\u00edtotta, hogy csak az ellenz\u00e9ki szavaz\u00f3t\u00e1bor n\u00f6vel\u00e9s\u00e9t c\u00e9lz\u00f3 strat\u00e9gi\u00e1t tart elfogadhat\u00f3nak, a m\u00e1r megl\u00e9v\u0151 b\u00e1zis \u00fajraoszt\u00e1s\u00e1t, a &#8222;torta \u00fajraszeletel\u00e9s\u00e9t&#8221; nem.<br \/>\nEz\u00e9rt &#8211; folytatta &#8211; a bizonytalan szavaz\u00f3k probl\u00e9m\u00e1ira \u00f6sszpontos\u00edtanak a kamp\u00e1nyban, azokra adnak v\u00e1laszokat, mert ez a c\u00e9lravezet\u0151, nem az, ha a baloldali ellenz\u00e9k \u00f6nmag\u00e1val foglalkozik. Emellett &#8222;nagyobb kommunik\u00e1ci\u00f3s fegyelmet&#8221; k\u00e9rtek a megsz\u00f3lal\u00f3 szocialista politikusokt\u00f3l.<br \/>\nBajnai Gordon, az Egy\u00fctt-PM sz\u00f6vets\u00e9g vezet\u0151je, aki a szocialist\u00e1k megh\u00edv\u00e1s\u00e1ra ugyancsak felsz\u00f3lalt a v\u00e1lasztm\u00e1nyi \u00fcl\u00e9sen, a sajt\u00f3t\u00e1j\u00e9koztat\u00f3n azt mondta: elk\u00f6telezettek az MSZP-vel k\u00f6t\u00f6tt egyezs\u00e9g fenntart\u00e1sa \u00e9s meger\u0151s\u00edt\u00e9se mellett, \u00e9s a tan\u00e1cskoz\u00e1son senki sem fogalmazott meg ezzel ellent\u00e9tes v\u00e9lem\u00e9nyt.<br \/>\nC\u00e1folta, hogy az Egy\u00fctt-PM az elm\u00falt napokban a sz\u00f6vets\u00e9g \u00fajranyit\u00e1s\u00e1t vetette volna f\u00f6l az MSZP-nek. Azt mondta, ennek nem lett volna \u00e9rtelme, mert ez az a sz\u00f6vets\u00e9g k\u00edn\u00e1l alternat\u00edv\u00e1t az Orb\u00e1n-korm\u00e1nnyal szemben, \u00e9s \u00e9ri el a lehet\u0151 legt\u00f6bb &#8211; jelenleg 30 sz\u00e1zal\u00e9knyi &#8211; szavaz\u00f3t.<br \/>\n\u00dagy fogalmazott: a sz\u00f6vets\u00e9g tagjait az k\u00f6ti \u00f6ssze, hogy 2014-ben akarnak gy\u0151zni.<br \/>\nMesterh\u00e1zy Attila elmondta: mint a N\u00e9pszabads\u00e1gnak adott interj\u00faban, a v\u00e1lasztm\u00e1nyi \u00fcl\u00e9sen is besz\u00e9lt arr\u00f3l, hogy ill\u00fazi\u00f3nak tartja a teljes ellenz\u00e9ki \u00f6sszefog\u00e1st, \u00e9s biztos abban, hogy egyetlen k\u00f6rzetben sem lesz mind\u00f6ssze h\u00e1rom jel\u00f6lt. Ez\u00e9rt &#8211; folytatta &#8211; a feladat vil\u00e1goss\u00e1 tenni, hogy az MSZP-Egy\u00fctt-PM sz\u00f6vets\u00e9g jel\u00f6ltjeire adott voks biztosan nem veszik el, \u00e9s legink\u00e1bb \u0151k k\u00e9pesek szavazatokat maximaliz\u00e1lni az ellenz\u00e9ki oldalon.<br \/>\nA p\u00e1rteln\u00f6k hozz\u00e1tette: az lenne a legjobb, ha a v\u00e1laszt\u00e1s el\u0151tt siker\u00fclne meg\u00e1llapod\u00e1sra jutni az egy\u00e9ni k\u00f6rzetekr\u0151l, de &#8222;nem a mi kez\u00fcnkben van a d\u00f6nt\u00e9s (&#8230;), mindenkinek saj\u00e1t mag\u00e1nak kell m\u00e9rlegelnie az es\u00e9lyeit \u00e9s a jel\u00f6lt\u00e1ll\u00edt\u00e1s konzekvenci\u00e1it&#8221;.<br \/>\nBotka L\u00e1szl\u00f3 v\u00e1lasztm\u00e1nyi eln\u00f6k k\u00e9rd\u00e9sre v\u00e1laszolva meger\u0151s\u00edtette: az MSZP biztosan befut\u00f3 list\u00e1s helyeket \u00e9s egy\u00e9ni v\u00e1laszt\u00f3ker\u00fcleteket aj\u00e1nlott fel a DK-nak, de az nemet mondott erre. Azt mondta, nem igaz, hogy a Gyurcs\u00e1ny-p\u00e1rt t\u00f6bb vezet\u0151j\u00e9vel szemben kifog\u00e1st fogalmaztak volna meg, csak a volt minisztereln\u00f6kr\u0151l v\u00e9lekedtek \u00fagy, hogy akad\u00e1lya a korm\u00e1nyv\u00e1lt\u00f3 er\u0151k siker\u00e9nek. &#8222;Az\u00e9rt nem lett meg\u00e1llapod\u00e1s, mert a DK ezt visszautas\u00edtotta. \u00daj helyzet akkor lenne, ha a Demokratikus Koal\u00edci\u00f3 meggondoln\u00e1 mag\u00e1t, de erre m\u00e9g nem ker\u00fclt sor&#8221; &#8211; mondta.<br \/>\nMesterh\u00e1zy Attila kit\u00e9rt arra is, hogy az MSZP \u00e9s az Egy\u00fctt-PM egy\u00e9ni jel\u00f6ltjei egyforma arculattal kamp\u00e1nyolnak majd. Err\u0151l a v\u00e1lasztm\u00e1ny r\u00e9szletes felvil\u00e1gos\u00edt\u00e1st kapott Szigetv\u00e1ri Viktort\u00f3l \u00e9s Kar\u00e1csony Gergelyt\u0151l, az Egy\u00fctt-PM illet\u00e9keseit\u0151l.<br \/>\nElmondta, egyeztettek arr\u00f3l az \u00e1ltala javasolt al\u00e1\u00edr\u00e1sgy\u0171jt\u00e9sr\u0151l is, amelynek c\u00e9lja, hogy a stadion\u00e9p\u00edt\u00e9sre \u00e9s futballt\u00e1mogat\u00e1sra sz\u00e1nt k\u00f6lts\u00e9gvet\u00e9si p\u00e9nzt eg\u00e9szs\u00e9g\u00fcgyi c\u00e9lokra ford\u00edts\u00e1k. Ehhez v\u00e1rj\u00e1k a t\u00f6bbi ellenz\u00e9ki p\u00e1rt t\u00e1mogat\u00e1s\u00e1t.<br \/>\nA v\u00e1lasztm\u00e1ny &#8211; az eln\u00f6ks\u00e9g javaslat\u00e1ra &#8211; hat politikussal b\u0151v\u00edtette ki az orsz\u00e1gos v\u00e1laszt\u00e1si bizotts\u00e1got, amely a p\u00e1rtot ir\u00e1ny\u00edtja a kamp\u00e1nyid\u0151szakban az eln\u00f6ks\u00e9g helyett.<br \/>\nA test\u00fclet tagja az alapszab\u00e1ly szerint Mesterh\u00e1zy Attila p\u00e1rteln\u00f6k, Simon G\u00e1bor eln\u00f6khelyettes, G\u00far N\u00e1ndor \u00e9s Horv\u00e1th Csaba aleln\u00f6k, Botka L\u00e1szl\u00f3 v\u00e1lasztm\u00e1nyi eln\u00f6k, Velez \u00c1rp\u00e1d p\u00e1rtigazgat\u00f3 \u00e9s Moln\u00e1r Zsolt kamp\u00e1nyf\u0151n\u00f6k. Rajtuk k\u00edv\u00fcl a v\u00e1laszt\u00e1sokig h\u00e1tral\u00e9v\u0151 id\u0151szakban a legfontosabb d\u00f6nt\u00e9seket meghoz\u00f3 bizotts\u00e1g tagj\u00e1v\u00e1 v\u00e1lasztott\u00e1k Harangoz\u00f3 Tam\u00e1s, Luk\u00e1cs Zolt\u00e1n \u00e9s T\u00f3bi\u00e1s J\u00f3zsef frakci\u00f3vezet\u0151-helyettest, Sz\u0171cs G\u00e1bor v\u00e1lasztm\u00e1nyi eln\u00f6khelyettest, Szanyi Tibor EP-listavezet\u0151t \u00e9s Baja Ferencet, a v\u00e1laszt\u00e1sokat el\u0151k\u00e9sz\u00edt\u0151 munkacsoport helyettes vezet\u0151j\u00e9t. Az ovb sz\u00f3viv\u0151j\u00e9v\u00e9 kor\u00e1bban Kunhalmi \u00c1gnest v\u00e1lasztotta az eln\u00f6ks\u00e9g.<br \/>\nArr\u00f3l is d\u00f6nt\u00f6ttek &#8211; ismertette Botka L\u00e1szl\u00f3 eln\u00f6k -, hogy Kr\u00e1nitz L\u00e1szl\u00f3 lesz az MSZP-frakci\u00f3 \u00faj tagja, miut\u00e1n a K\u00f6zszolg\u00e1lati K\u00f6zalap\u00edtv\u00e1ny kurat\u00f3rium\u00e1ba megv\u00e1lasztott Mandur L\u00e1szl\u00f3 h\u00e9tf\u0151n lemondott parlamenti mand\u00e1tum\u00e1r\u00f3l.<br \/>\nMesterh\u00e1zy Attila a k\u00e9rd\u00e9sre, mit gondol arr\u00f3l, hogy K\u00e9ri L\u00e1szl\u00f3 politol\u00f3gus Szekeres Imre MSZP-s k\u00e9pvisel\u0151 f\u00f3rum\u00e1n k\u00f3cos fog\u00fa r\u00e9ms\u00e9gnek nevezte Selmeczi Gabriella Fidesz-sz\u00f3viv\u0151t, \u00fagy v\u00e1laszolt: b\u00e1rki sz\u00e1j\u00e1b\u00f3l hangzik is el dehoneszt\u00e1l\u00f3 kifejez\u00e9s egy n\u0151re, az elfogadhatatlan. &#8222;Selmeczi Gabriell\u00e1val sok mindenben nem \u00e9rt\u00fcnk egyet, de nem a k\u00fcllem\u00e9vel van gond&#8221;, \u00e9s nem csak az elfogadhatatlan, ha egy fideszes politikus b\u00e1ntalmazza az \u00e9lett\u00e1rs\u00e1t, hanem az ilyen t\u00edpus\u00fa szem\u00e9lyesked\u00e9s, sz\u00f3beli inzultus is &#8211; tette hozz\u00e1.(MTI)<\/p>\n","protected":false},"excerpt":{"rendered":"<p>Az MSZP kamp\u00e1ny\u00fczemm\u00f3dra kapcsolt &#8211; jelentette ki Mesterh\u00e1zy Attila a szocialist\u00e1k szombati v\u00e1lasztm\u00e1nyi \u00fcl\u00e9se ut\u00e1n, amelyen kieg\u00e9sz\u00edtett\u00e9k a p\u00e1rtot kamp\u00e1nyid\u0151szakban ir\u00e1ny\u00edt\u00f3 orsz\u00e1gos v\u00e1laszt\u00e1si bizotts\u00e1got.<\/p>\n","protected":false},"author":1,"featured_media":0,"comment_status":"open","ping_status":"closed","sticky":false,"template":"","format":"standard","meta":[],"categories":[18],"tags":[],"_links":{"self":[{"href":"https:\/\/gazdasagportal.hu\/index.php\/wp-json\/wp\/v2\/posts\/21849"}],"collection":[{"href":"https:\/\/gazdasagportal.hu\/index.php\/wp-json\/wp\/v2\/posts"}],"about":[{"href":"https:\/\/gazdasagportal.hu\/index.php\/wp-json\/wp\/v2\/types\/post"}],"author":[{"embeddable":true,"href":"https:\/\/gazdasagportal.hu\/index.php\/wp-json\/wp\/v2\/users\/1"}],"replies":[{"embeddable":true,"href":"https:\/\/gazdasagportal.hu\/index.php\/wp-json\/wp\/v2\/comments?post=21849"}],"version-history":[{"count":2,"href":"https:\/\/gazdasagportal.hu\/index.php\/wp-json\/wp\/v2\/posts\/21849\/revisions"}],"predecessor-version":[{"id":21851,"href":"https:\/\/gazdasagportal.hu\/index.php\/wp-json\/wp\/v2\/posts\/21849\/revisions\/21851"}],"wp:attachment":[{"href":"https:\/\/gazdasagportal.hu\/index.php\/wp-json\/wp\/v2\/media?parent=21849"}],"wp:term":[{"taxonomy":"category","embeddable":true,"href":"https:\/\/gazdasagportal.hu\/index.php\/wp-json\/wp\/v2\/categories?post=21849"},{"taxonomy":"post_tag","embeddable":true,"href":"https:\/\/gazdasagportal.hu\/index.php\/wp-json\/wp\/v2\/tags?post=21849"}],"curies":[{"name":"wp","href":"https:\/\/api.w.org\/{rel}","templated":true}]}}