{"id":21845,"date":"2013-11-23T15:23:59","date_gmt":"2013-11-23T14:23:59","guid":{"rendered":"http:\/\/stockportal.hu\/?p=21845"},"modified":"2013-11-23T14:55:05","modified_gmt":"2013-11-23T13:55:05","slug":"meglepte-a-kereskedelmi-erdekkepviseleteket-a-kuria-dontese","status":"publish","type":"post","link":"https:\/\/gazdasagportal.hu\/index.php\/meglepte-a-kereskedelmi-erdekkepviseleteket-a-kuria-dontese\/","title":{"rendered":"Meglepte a kereskedelmi \u00e9rdekk\u00e9pviseleteket a K\u00faria d\u00f6nt\u00e9se"},"content":{"rendered":"<p><strong>Meglep\u0151nek tartj\u00e1k az MTI \u00e1ltal megk\u00e9rdezett kereskedelmi \u00e9rdekk\u00e9pviseleti szervezetek a K\u00faria \u00edt\u00e9let\u00e9t, amelynek \u00e9rtelm\u00e9ben nem jogosultak vas\u00e1rnapi p\u00f3tl\u00e9kra a pl\u00e1z\u00e1k \u00fczleteiben dolgoz\u00f3k.<!--more--><\/strong><\/p>\n<p>A Magyar Nemzet szombati sz\u00e1m\u00e1ban arr\u00f3l \u00edrt, hogy precedens\u00e9rt\u00e9k\u0171 d\u00f6nt\u00e9st hozott a K\u00faria a boltok vas\u00e1rnapi nyitva tart\u00e1sa \u00fcgy\u00e9ben. Eddig vitat\u00e9ma volt, hogy a h\u00e9t v\u00e9g\u00e9n is nyitva tart\u00f3 pl\u00e1z\u00e1k \u00fczletei milyen meg\u00edt\u00e9l\u00e9s al\u00e1 esnek egy esetleges munka\u00fcgyi ellen\u0151rz\u00e9s sor\u00e1n.<br \/>\nAz \u00faj t\u00f6rv\u00e9nyk\u00f6nyv lehet\u0151s\u00e9get ad minden, a kereskedelemben m\u0171k\u00f6d\u0151 munk\u00e1ltat\u00f3nak a vas\u00e1rnapi rendes munkaid\u0151 elrendel\u00e9s\u00e9re, ugyanakkor ebben az esetben 50 sz\u00e1zal\u00e9knyi b\u00e9rp\u00f3tl\u00e9kot is fizetni kell a dolgoz\u00f3nak. A rendeltet\u00e9s\u00fckn\u00e9l fogva a h\u00e9t utols\u00f3 napj\u00e1n is nyitva tart\u00f3 \u00fczletekben viszont nem j\u00e1r pluszp\u00e9nz a munkav\u00e1llal\u00f3nak &#8211; olvashat\u00f3 a Magyar Nemzetben.<br \/>\nV\u00e1mos Gy\u00f6rgy, az Orsz\u00e1gos Kereskedelmi Sz\u00f6vets\u00e9g (OKSZ) f\u0151titk\u00e1ra az MTI-\u00e9rdekl\u0151d\u00e9s\u00e9re ismertette: a Munka t\u00f6rv\u00e9nyk\u00f6nyve a vas\u00e1rnapi munkav\u00e9gz\u00e9st k\u00e9tf\u00e9lek\u00e9ppen szab\u00e1lyozza. Kimondja, hogy vannak int\u00e9zm\u00e9nyek, amelyek vas\u00e1rnap is rendeltet\u00e9sszer\u0171en m\u0171k\u00f6dnek, egyebek k\u00f6z\u00f6tt a rend\u0151rs\u00e9g, a t\u0171zolt\u00f3s\u00e1g, vagy a k\u00f3rh\u00e1zak, m\u00edg a kereskedelemb\u0151l ide sorolhat\u00f3ak a benzinkutak. A t\u00f6rv\u00e9ny szerint aki nem rendeltet\u00e9sszer\u0171en v\u00e9gzi a tev\u00e9kenys\u00e9g\u00e9t vas\u00e1rnap, de ki akar nyitni, mert keresked\u0151 vagy gy\u00e1rt\u00f3\u00fczem, az fizessen 50 sz\u00e1zal\u00e9kkal t\u00f6bb b\u00e9rt a dolgoz\u00f3inak, de emellett a heti k\u00e9t szabadnap j\u00e1r. K\u00f6z\u00f6lte, a kereskedelem elfogadta \u00e9s betartotta ezeket az el\u0151\u00edr\u00e1sokat, amelyek m\u00e1r a r\u00e9gi t\u00f6rv\u00e9nyk\u00f6nyvben is szerepeltek.<br \/>\nA f\u0151titk\u00e1r meglep\u0151nek nevezte a K\u00faria \u00edt\u00e9let\u00e9t, mert eszerint a kereskedelem az eddigi jog\u00e9rtelmez\u00e9sekkel szemben rendeltet\u00e9sszer\u0171en m\u0171k\u00f6dik vas\u00e1rnap, \u00e9s \u00edgy val\u00f3ban nem k\u00f6telez\u0151 b\u00e9rp\u00f3tl\u00e9kot adni. A K\u00faria ezzel a vas\u00e1rnapi munkav\u00e9gz\u00e9sre vonatkoz\u00f3 eddigi jog\u00e9rtelmez\u00e9st v\u00e1ltoztatta meg, ugyanakkor azt nem mondja, hogy tilos vas\u00e1rnapi b\u00e9rp\u00f3tl\u00e9kot adni &#8211; tette hozz\u00e1. A keresked\u0151k jelenleg m\u00e9rlegelik a kialakult helyzetet. A munka\u00fcgyi ellen\u0151rz\u00e9seken \u00e9s a b\u00edr\u00f3s\u00e1gokon kor\u00e1bban olyan d\u00f6nt\u00e9sek sz\u00fclettek, hogy a kereskedelemben a vas\u00e1rnapi nyitva tart\u00e1s nem rendeltet\u00e9sszer\u0171 &#8211; mondta V\u00e1mos Gy\u00f6rgy. Megjegyezte: ha egy c\u00e9g a K\u00faria d\u00f6nt\u00e9se alapj\u00e1n \u00fagy d\u00f6nt, hogy nem fizet vas\u00e1rnapi p\u00f3tl\u00e9kot, egy esetleges munka\u00fcgyi pert k\u00e9s\u0151bb biztosan elvesz\u00edt a dolgoz\u00f3val szemben.<br \/>\nS\u00e1linger J\u00f3zsef, a Kereskedelmi Alkalmazottak Szakszervezet\u00e9nek eln\u00f6ke szerint a K\u00faria d\u00f6nt\u00e9s\u00e9b\u0151l nem k\u00f6vetkezik az, hogy \u00e1talakul az eddig kialakult gyakorlat, \u00e9s mostant\u00f3l nem kell b\u00e9rp\u00f3tl\u00e9kot fizetni. Hozz\u00e1tette: megd\u00f6bben\u00e9ssel fogadt\u00e1k a h\u00edrt, \u00e9s mindenk\u00e9ppen szeretn\u00e9k megv\u00e9deni a dolgoz\u00f3knak a h\u00e9tv\u00e9gi munk\u00e1\u00e9rt j\u00e1r\u00f3 plusz juttat\u00e1st. K\u00f6zl\u00e9se szerint a szakszervezet munkajog\u00e1szaival a k\u00f6vetkez\u0151 napokban alak\u00edtja ki a r\u00e9szletes \u00e1ll\u00e1spontj\u00e1t.<\/p>\n","protected":false},"excerpt":{"rendered":"<p>Meglep\u0151nek tartj\u00e1k az MTI \u00e1ltal megk\u00e9rdezett kereskedelmi \u00e9rdekk\u00e9pviseleti szervezetek a K\u00faria \u00edt\u00e9let\u00e9t, amelynek \u00e9rtelm\u00e9ben nem jogosultak vas\u00e1rnapi p\u00f3tl\u00e9kra a pl\u00e1z\u00e1k \u00fczleteiben dolgoz\u00f3k.<\/p>\n","protected":false},"author":1,"featured_media":0,"comment_status":"open","ping_status":"closed","sticky":false,"template":"","format":"standard","meta":[],"categories":[19],"tags":[],"_links":{"self":[{"href":"https:\/\/gazdasagportal.hu\/index.php\/wp-json\/wp\/v2\/posts\/21845"}],"collection":[{"href":"https:\/\/gazdasagportal.hu\/index.php\/wp-json\/wp\/v2\/posts"}],"about":[{"href":"https:\/\/gazdasagportal.hu\/index.php\/wp-json\/wp\/v2\/types\/post"}],"author":[{"embeddable":true,"href":"https:\/\/gazdasagportal.hu\/index.php\/wp-json\/wp\/v2\/users\/1"}],"replies":[{"embeddable":true,"href":"https:\/\/gazdasagportal.hu\/index.php\/wp-json\/wp\/v2\/comments?post=21845"}],"version-history":[{"count":1,"href":"https:\/\/gazdasagportal.hu\/index.php\/wp-json\/wp\/v2\/posts\/21845\/revisions"}],"predecessor-version":[{"id":21846,"href":"https:\/\/gazdasagportal.hu\/index.php\/wp-json\/wp\/v2\/posts\/21845\/revisions\/21846"}],"wp:attachment":[{"href":"https:\/\/gazdasagportal.hu\/index.php\/wp-json\/wp\/v2\/media?parent=21845"}],"wp:term":[{"taxonomy":"category","embeddable":true,"href":"https:\/\/gazdasagportal.hu\/index.php\/wp-json\/wp\/v2\/categories?post=21845"},{"taxonomy":"post_tag","embeddable":true,"href":"https:\/\/gazdasagportal.hu\/index.php\/wp-json\/wp\/v2\/tags?post=21845"}],"curies":[{"name":"wp","href":"https:\/\/api.w.org\/{rel}","templated":true}]}}