{"id":21842,"date":"2013-11-23T12:59:36","date_gmt":"2013-11-23T11:59:36","guid":{"rendered":"http:\/\/stockportal.hu\/?p=21842"},"modified":"2013-11-23T12:59:36","modified_gmt":"2013-11-23T11:59:36","slug":"tobb-torveny-modositast-kezdemenyezik-a-rezsicsokkentes-vegrehajtasahoz","status":"publish","type":"post","link":"https:\/\/gazdasagportal.hu\/index.php\/tobb-torveny-modositast-kezdemenyezik-a-rezsicsokkentes-vegrehajtasahoz\/","title":{"rendered":"T\u00f6bb t\u00f6rv\u00e9ny m\u00f3dos\u00edt\u00e1st kezdem\u00e9nyezik a rezsics\u00f6kkent\u00e9s v\u00e9grehajt\u00e1s\u00e1hoz"},"content":{"rendered":"<p><strong>T\u00f6bb t\u00f6rv\u00e9ny m\u00f3dos\u00edt\u00e1s\u00e1t kezdem\u00e9nyezi a rezsics\u00f6kkent\u00e9s v\u00e9grehajt\u00e1sa \u00e9rdek\u00e9ben a Fidesz rezsics\u00f6kkent\u00e9si munkacsoportj\u00e1nak vezet\u0151je.<!--more--><\/strong><\/p>\n<p>N\u00e9meth Szil\u00e1rd szombaton budapesti sajt\u00f3t\u00e1j\u00e9koztat\u00f3j\u00e1n elmondta, a t\u00f6rv\u00e9nyjavaslatot p\u00e9nteken ny\u00fajtotta be. A javaslat c\u00e9lja a rezsics\u00f6kkent\u00e9s teljess\u00e9 \u00e9s pontosabb\u00e1 t\u00e9tele, valamint a fogyaszt\u00f3v\u00e9delmi rendszer meger\u0151s\u00edt\u00e9se.<br \/>\nK\u00f6z\u00f6lte, a rezsics\u00f6kkent\u00e9ssel kapcsolatban kezdem\u00e9nyezi a lak\u00f3sz\u00f6vetkezeti \u00e9s a t\u00e1rsash\u00e1zi t\u00f6rv\u00e9ny m\u00f3dos\u00edt\u00e1s\u00e1t annak \u00e9rdek\u00e9ben, hogy a villamos energia ell\u00e1t\u00e1sr\u00f3l sz\u00f3l\u00f3 t\u00f6rv\u00e9ny is adjon lehet\u0151s\u00e9get &#8222;a k\u00f6z\u00f6s helyis\u00e9gek egyetemes szolg\u00e1ltat\u00e1s\u00e1ra&#8221;.<br \/>\n&#8222;A k\u00f6z\u00f6s k\u00f6lts\u00e9geket ism\u00e9t faragni fogjuk&#8221; &#8211; fogalmazott N\u00e9meth Szil\u00e1rd, hozz\u00e1t\u00e9ve: kezdem\u00e9nyez\u00e9s\u00e9nek h\u00fasz sz\u00e1zal\u00e9kos cs\u00f6kken\u00e9st kell eredm\u00e9nyeznie a lak\u00f3sz\u00f6vetkezeti \u00e9s a t\u00e1rsash\u00e1zi lak\u00e1sokban.<br \/>\nElmondta, a javaslat t\u00e1j\u00e9koztat\u00e1si k\u00f6telezetts\u00e9get is el\u0151\u00edr. A k\u00f6z\u00f6s k\u00f6lts\u00e9gekn\u00e9l is ki kell mutatni a rezsics\u00f6kkent\u00e9s adatait. A javaslat szerint a hirdetm\u00e9nyt minden \u00e9v febru\u00e1r 15-ig k\u00f6zz\u00e9 kell tenni.<br \/>\nAz ind\u00edtv\u00e1ny az \u00f6nkorm\u00e1nyzati tulajdon\u00fa b\u00e9rlak\u00e1sokra is vonatkozik &#8211; jegyezte meg N\u00e9meth Szil\u00e1rd, majd \u00fagy fogalmazott: &#8222;a rezsics\u00f6kkent\u00e9s nem az \u00f6nkorm\u00e1nyzatot (&#8230;) \u00e9rinti, hanem a csal\u00e1dokat&#8221;.<br \/>\nN\u00e9meth Szil\u00e1rd elmondta, a t\u00f6rv\u00e9nyjavaslatban defini\u00e1lj\u00e1k a rezsics\u00f6kkent\u00e9st, eszerint &#8222;rezsics\u00f6kkent\u00e9s alatt a k\u00f6zszolg\u00e1ltat\u00e1sok v\u00e9gfogyaszt\u00f3i \u00e1r\u00e1nak jogszab\u00e1ly alapj\u00e1n megval\u00f3sult cs\u00f6kkent\u00e9s\u00e9t kell \u00e9rteni&#8221;.<br \/>\nK\u00f6z\u00f6lte azt is, hogy az ind\u00edtv\u00e1ny szerint az orsz\u00e1gos h\u00e1l\u00f3zattal rendelkez\u0151 c\u00e9geknek fogyaszt\u00f3v\u00e9delmi referenseket is kell majd alkalmazniuk.(MTI)<\/p>\n","protected":false},"excerpt":{"rendered":"<p>T\u00f6bb t\u00f6rv\u00e9ny m\u00f3dos\u00edt\u00e1s\u00e1t kezdem\u00e9nyezi a rezsics\u00f6kkent\u00e9s v\u00e9grehajt\u00e1sa \u00e9rdek\u00e9ben a Fidesz rezsics\u00f6kkent\u00e9si munkacsoportj\u00e1nak vezet\u0151je.<\/p>\n","protected":false},"author":1,"featured_media":21843,"comment_status":"open","ping_status":"closed","sticky":false,"template":"","format":"standard","meta":[],"categories":[19],"tags":[],"_links":{"self":[{"href":"https:\/\/gazdasagportal.hu\/index.php\/wp-json\/wp\/v2\/posts\/21842"}],"collection":[{"href":"https:\/\/gazdasagportal.hu\/index.php\/wp-json\/wp\/v2\/posts"}],"about":[{"href":"https:\/\/gazdasagportal.hu\/index.php\/wp-json\/wp\/v2\/types\/post"}],"author":[{"embeddable":true,"href":"https:\/\/gazdasagportal.hu\/index.php\/wp-json\/wp\/v2\/users\/1"}],"replies":[{"embeddable":true,"href":"https:\/\/gazdasagportal.hu\/index.php\/wp-json\/wp\/v2\/comments?post=21842"}],"version-history":[{"count":1,"href":"https:\/\/gazdasagportal.hu\/index.php\/wp-json\/wp\/v2\/posts\/21842\/revisions"}],"predecessor-version":[{"id":21844,"href":"https:\/\/gazdasagportal.hu\/index.php\/wp-json\/wp\/v2\/posts\/21842\/revisions\/21844"}],"wp:featuredmedia":[{"embeddable":true,"href":"https:\/\/gazdasagportal.hu\/index.php\/wp-json\/wp\/v2\/media\/21843"}],"wp:attachment":[{"href":"https:\/\/gazdasagportal.hu\/index.php\/wp-json\/wp\/v2\/media?parent=21842"}],"wp:term":[{"taxonomy":"category","embeddable":true,"href":"https:\/\/gazdasagportal.hu\/index.php\/wp-json\/wp\/v2\/categories?post=21842"},{"taxonomy":"post_tag","embeddable":true,"href":"https:\/\/gazdasagportal.hu\/index.php\/wp-json\/wp\/v2\/tags?post=21842"}],"curies":[{"name":"wp","href":"https:\/\/api.w.org\/{rel}","templated":true}]}}