{"id":2184,"date":"2013-02-06T12:14:29","date_gmt":"2013-02-06T11:14:29","guid":{"rendered":"http:\/\/stockportal.hu\/?p=2184"},"modified":"2013-02-06T12:14:29","modified_gmt":"2013-02-06T11:14:29","slug":"javult-az-elso-negyedevben-az-euroovezeti-uzleti-hangulat","status":"publish","type":"post","link":"https:\/\/gazdasagportal.hu\/index.php\/javult-az-elso-negyedevben-az-euroovezeti-uzleti-hangulat\/","title":{"rendered":"Javult az els\u0151 negyed\u00e9vben az eur\u00f3\u00f6vezeti \u00fczleti hangulat"},"content":{"rendered":"<p><strong>Egym\u00e1st k\u00f6vet\u0151 k\u00e9t roml\u00f3 negyed\u00e9v ut\u00e1n javult az els\u0151 negyed\u00e9vben az eur\u00f3\u00f6vezeti \u00fczleti hangulat, els\u0151sorban a hat h\u00f3napra el\u0151retekint\u0151 v\u00e1rakoz\u00e1sok mark\u00e1ns javul\u00e1s\u00e1nak k\u00f6sz\u00f6nhet\u0151en &#8211; k\u00f6z\u00f6lte szerd\u00e1n az ifo n\u00e9met gazdas\u00e1gkutat\u00f3 int\u00e9zet.<!--more--><\/strong><\/p>\n<p>A gazdas\u00e1gi konjunkt\u00faramutat\u00f3 valamennyi alindexe, \u00edgy a hangulati, v\u00e1rakoz\u00e1si \u00e9s jelenlegi helyzet meg\u00edt\u00e9l\u00e9s\u00e9nek mutat\u00f3ja is 95,1 pont volt az els\u0151 negyed\u00e9vi felm\u00e9r\u00e9sben.<br \/>\nA jelenlegi helyzet meg\u00edt\u00e9l\u00e9s\u00e9nek alindexe ugyan az el\u0151z\u0151 negyed\u00e9vi 97,9 pontr\u00f3l romlott 95,1 pontra, a v\u00e1rakoz\u00e1sok almutat\u00f3ja mark\u00e1nsan, 72,1 pontr\u00f3l javult 95,1 pontra, ami az elm\u00falt k\u00e9t \u00e9vben tapasztalt legmagasabb \u00e9rt\u00e9k. A gazdas\u00e1gi hangulatmutat\u00f3 alindexe 81,7 pontr\u00f3l 95,1 pontra javult.<br \/>\nAz infl\u00e1ci\u00f3s v\u00e1rakoz\u00e1sokat tekintve a megk\u00e9rdezett 281 gazdas\u00e1gi szakember 2,1 sz\u00e1zal\u00e9kos \u00e9ves eur\u00f3\u00f6vezeti fogyaszt\u00f3i \u00e1remelked\u00e9st v\u00e1r 2013-ban. (MTI)<\/p>\n","protected":false},"excerpt":{"rendered":"<p>Egym\u00e1st k\u00f6vet\u0151 k\u00e9t roml\u00f3 negyed\u00e9v ut\u00e1n javult az els\u0151 negyed\u00e9vben az eur\u00f3\u00f6vezeti \u00fczleti hangulat, els\u0151sorban a hat h\u00f3napra el\u0151retekint\u0151 v\u00e1rakoz\u00e1sok mark\u00e1ns javul\u00e1s\u00e1nak k\u00f6sz\u00f6nhet\u0151en &#8211; k\u00f6z\u00f6lte szerd\u00e1n az ifo n\u00e9met gazdas\u00e1gkutat\u00f3 int\u00e9zet.<\/p>\n","protected":false},"author":1,"featured_media":0,"comment_status":"closed","ping_status":"closed","sticky":false,"template":"","format":"standard","meta":[],"categories":[12,8],"tags":[],"_links":{"self":[{"href":"https:\/\/gazdasagportal.hu\/index.php\/wp-json\/wp\/v2\/posts\/2184"}],"collection":[{"href":"https:\/\/gazdasagportal.hu\/index.php\/wp-json\/wp\/v2\/posts"}],"about":[{"href":"https:\/\/gazdasagportal.hu\/index.php\/wp-json\/wp\/v2\/types\/post"}],"author":[{"embeddable":true,"href":"https:\/\/gazdasagportal.hu\/index.php\/wp-json\/wp\/v2\/users\/1"}],"replies":[{"embeddable":true,"href":"https:\/\/gazdasagportal.hu\/index.php\/wp-json\/wp\/v2\/comments?post=2184"}],"version-history":[{"count":2,"href":"https:\/\/gazdasagportal.hu\/index.php\/wp-json\/wp\/v2\/posts\/2184\/revisions"}],"predecessor-version":[{"id":2186,"href":"https:\/\/gazdasagportal.hu\/index.php\/wp-json\/wp\/v2\/posts\/2184\/revisions\/2186"}],"wp:attachment":[{"href":"https:\/\/gazdasagportal.hu\/index.php\/wp-json\/wp\/v2\/media?parent=2184"}],"wp:term":[{"taxonomy":"category","embeddable":true,"href":"https:\/\/gazdasagportal.hu\/index.php\/wp-json\/wp\/v2\/categories?post=2184"},{"taxonomy":"post_tag","embeddable":true,"href":"https:\/\/gazdasagportal.hu\/index.php\/wp-json\/wp\/v2\/tags?post=2184"}],"curies":[{"name":"wp","href":"https:\/\/api.w.org\/{rel}","templated":true}]}}