{"id":21833,"date":"2013-11-23T11:09:57","date_gmt":"2013-11-23T10:09:57","guid":{"rendered":"http:\/\/stockportal.hu\/?p=21833"},"modified":"2013-11-23T09:13:12","modified_gmt":"2013-11-23T08:13:12","slug":"nem-valasztjak-le-az-ingatlanportfoliot-az-mkb-rol","status":"publish","type":"post","link":"https:\/\/gazdasagportal.hu\/index.php\/nem-valasztjak-le-az-ingatlanportfoliot-az-mkb-rol\/","title":{"rendered":"Nem v\u00e1lasztj\u00e1k le az ingatlanportf\u00f3li\u00f3t az MKB-r\u00f3l"},"content":{"rendered":"<p><strong>Nem v\u00e1lasztj\u00e1k le az ingatlanportf\u00f3li\u00f3t az MKB Bankr\u00f3l, vagy ha m\u00e9gis, v\u00e1rhat\u00f3an nem az eddig tervezett m\u00f3don &#8211; der\u00fcl ki a hitelint\u00e9zet p\u00e9nteken, a B\u00c9T honlapj\u00e1n t\u0151zsdez\u00e1r\u00e1s ut\u00e1n k\u00f6zz\u00e9tett rendk\u00edv\u00fcli t\u00e1j\u00e9koztat\u00f3j\u00e1b\u00f3l.<!--more--><\/strong><\/p>\n<p>&#8222;A f\u0151tulajdonos BayernLB d\u00f6nt\u00e9se nyom\u00e1n nem ker\u00fcl sor az MKB Bank Zrt. \u00e9s az MKB P\u00e9nz\u00fcgyi Zrt. 2013. j\u00fanius 21-\u00e9n elhat\u00e1rozott \u00e1talakul\u00e1s\u00e1ra. A k\u00e9t t\u00e1rsas\u00e1g v\u00e1ltozatlan tulajdonosi szerkezettel, az MKB Bank Zrt. pedig a m\u00e9rlegf\u0151\u00f6sszege tekintet\u00e9ben v\u00e1ltozatlanul egyben m\u0171k\u00f6dik tov\u00e1bb&#8221; &#8211; \u00edrja t\u00e1j\u00e9koztat\u00f3j\u00e1ban a bank.<br \/>\nAz MKB &#8211; az MKB P\u00e9nz\u00fcgyi Zrt. egyed\u00fcli r\u00e9szv\u00e9nyesek\u00e9nt is &#8211; j\u00fanius 21-\u00e9n jelentette be, hogy aznap megtartott rendk\u00edv\u00fcli k\u00f6zgy\u0171l\u00e9se sz\u00e9tv\u00e1l\u00e1sr\u00f3l d\u00f6nt\u00f6tt. Ennek sor\u00e1n az MKB Bank t\u00e1rsas\u00e1gi vagyon\u00e1nak &#8211; els\u0151sorban a kereskedelmi ingatlanhiteleknek \u00e9s projekthiteleknek &#8211; egy r\u00e9sze az MKB P\u00e9nz\u00fcgyi Zrt. p\u00e9nz\u00fcgyi v\u00e1llalkoz\u00e1shoz ker\u00fcl \u00e1t oly m\u00f3don, hogy az ut\u00f3bbi egyed\u00fcli r\u00e9szv\u00e9nyese a Bayerische Landesbank lesz, m\u00edg az MKB Bank Zrt. v\u00e1ltozatlan form\u00e1ban m\u0171k\u00f6dik tov\u00e1bb, f\u0151r\u00e9szv\u00e9nyese tov\u00e1bbra is a BayernLB marad.<br \/>\nA BayernLB a m\u00falt h\u00e9ten m\u00e9g azt k\u00f6z\u00f6lte, hogy feldarabolja a magyar le\u00e1nybankot, mert \u00edgy nagyobb es\u00e9llyel tudja \u00e9rt\u00e9kes\u00edteni. &#8222;Kider\u00fclt, hogy az MKB egyben nem eladhat\u00f3&#8221; &#8211; k\u00f6z\u00f6lte Stephan Winkelmeier, a BayernLB p\u00e9nz\u00fcgyi igazgat\u00f3ja M\u00fcnchenben. A magyar le\u00e1nybank egyes r\u00e9szeit ez\u00e9rt \u00e1thelyezik egy \u00fagynevezett &#8222;rossz bankba&#8221; ezzel a bank &#8222;em\u00e9szthet\u0151bb&#8221; lesz &#8211; fogalmazott a n\u00e9met anyabank igazgat\u00f3ja.<br \/>\nA BayernLB-nek legk\u00e9s\u0151bb 2016 v\u00e9g\u00e9ig \u00e9rt\u00e9kes\u00edtenie kell magyar le\u00e1nyv\u00e1llalat\u00e1t az Eur\u00f3pai Bizotts\u00e1g tavalyi d\u00f6nt\u00e9se \u00e9rtelm\u00e9ben.<br \/>\nSim\u00e1k P\u00e1l, az MKB eln\u00f6k-vez\u00e9rigazgat\u00f3ja az MTI-nek a m\u00falt h\u00e9ten azt nyilatkozta, hogy a projektingatlanhitel-portf\u00f3li\u00f3 lev\u00e1laszt\u00e1sa az MKB-r\u00f3l kifejezetten pozit\u00edv fejlem\u00e9ny, hiszen ez\u00e1ltal egy 2009 \u00f3ta folyamatosan j\u00f3kora vesztes\u00e9get termel\u0151, s\u00falyos tehert\u0151l szabadul meg a hitelint\u00e9zet.<br \/>\nAz enged\u00e9lyez\u00e9si f\u00e1zisn\u00e1l tart\u00f3 proced\u00fara r\u00e9v\u00e9n a teljes, teh\u00e1t a j\u00f3l teljes\u00edt\u0151 \u00e9s a probl\u00e9m\u00e1s projektingatlan-hiteleket, \u00f6sszess\u00e9g\u00e9ben valamivel t\u00f6bb mint 400 milli\u00e1rd forint \u00e9rt\u00e9k\u0171 portf\u00f3li\u00f3t v\u00e1lasztott volna le az MKB-r\u00f3l a n\u00e9met tulajdonos, \u00e9s szervezett volna \u00e1t a p\u00e9nz\u00fcgyi v\u00e1llalkoz\u00e1sba, s a lev\u00e1laszt\u00e1ssal p\u00e1rhuzamosan az MKB t\u0151kejuttat\u00e1st is kapott volna tulajdonos\u00e1t\u00f3l.<br \/>\nA BayernLB nyeres\u00e9ge jelent\u0151sen, 97 milli\u00f3 eur\u00f3r\u00f3l 54 milli\u00f3 eur\u00f3ra (29 milli\u00e1rd forintr\u00f3l 16 milli\u00e1rd forintra) esett vissza 2013 harmadik negyed\u00e9v\u00e9ben az el\u0151z\u0151 \u00e9v azonos id\u0151szak\u00e1hoz k\u00e9pest. A m\u00fcncheni tartom\u00e1nyi bank ennek ellen\u00e9re &#8211; az er\u0151s els\u0151 f\u00e9l \u00e9vnek k\u00f6sz\u00f6nhet\u0151en &#8211; 773 milli\u00f3 eur\u00f3 (230 milli\u00e1rd forint) ad\u00f3z\u00e1s el\u0151tti eredm\u00e9nyt \u00e9rt el az \u00e9v els\u0151 kilenc h\u00f3napj\u00e1ban.<br \/>\nA bank eredm\u00e9nyeit jelent\u0151sen rontotta a magyarorsz\u00e1gi le\u00e1nyv\u00e1llalatn\u00e1l a janu\u00e1rt\u00f3l szeptember v\u00e9g\u00e9ig tart\u00f3 id\u0151szakban keletkezett, 181 milli\u00f3 eur\u00f3s (54 milli\u00e1rd forint) vesztes\u00e9g, amelynek oka egyr\u00e9szt a megn\u00f6vekedett magyarorsz\u00e1gi k\u00f6zterhek &#8211; a bankad\u00f3 \u00e9s a tranzakci\u00f3s illet\u00e9k -, m\u00e1sr\u00e9szt az MKB bolg\u00e1r le\u00e1nyv\u00e1llalat\u00e1nak, az Unionbanknak az elad\u00e1sa ut\u00e1ni 64 milli\u00f3 eur\u00f3 (19 milli\u00e1rd forint) le\u00edr\u00e1sa.<br \/>\nA BayernLB csoportszinten 51 milli\u00f3 eur\u00f3 (15,25 milli\u00e1rd forint) bankad\u00f3t fizetett be az \u00e9v els\u0151 kilenc h\u00f3napj\u00e1ban, amelyb\u0151l 46 milli\u00f3 eur\u00f3t (13,8 milli\u00e1rd forint) tett ki az MKB ilyen c\u00edmen t\u00f6rt\u00e9n\u0151 hozz\u00e1j\u00e1rul\u00e1sa.<br \/>\nA bajor bank v\u00e1rakoz\u00e1sai szerint az MKB v\u00e1rhat\u00f3an a j\u00f6v\u0151ben is a mostanihoz hasonl\u00f3, kedvez\u0151tlen gazdas\u00e1gi k\u00f6rnyezetben tev\u00e9kenykedik majd. Ebben tov\u00e1bbi bizonytalans\u00e1got okoznak az olyan politikai ind\u00edttat\u00e1s\u00fa megold\u00e1sok, mint p\u00e9ld\u00e1ul a devizahitelesek \u00fajb\u00f3li korm\u00e1nyzati kiseg\u00edt\u00e9se, amelyek v\u00e9gs\u0151 soron a bankszektoron csap\u00f3dnak le \u00fajabb vesztes\u00e9gek form\u00e1j\u00e1ban, \u00e9s amelyek tov\u00e1bbi racionaliz\u00e1l\u00e1si l\u00e9p\u00e9seket k\u00e9nyszer\u00edthetnek ki &#8211; id\u00e9zett a BayernLB harmadik negyed\u00e9ves jelent\u00e9s\u00e9b\u0151l kor\u00e1bban az MKB.<br \/>\nAz MKB tulajdonos\u00e1t rosszul \u00e9rintheti azt is, hogy a Gazdas\u00e1gi Versenyhivatal (GVH) a h\u00e9ten tizenegy p\u00e9nzint\u00e9zetre \u00f6sszesen 9,488 milli\u00e1rd forint &#8211; ebb\u0151l az MKB Bankra 783 milli\u00f3 forint b\u00edrs\u00e1got szabott ki a v\u00e9gt\u00f6rleszt\u00e9s korl\u00e1toz\u00e1s\u00e1ra ir\u00e1nyul\u00f3 \u00f6sszehangolt magatart\u00e1s miatt. Az MKB Bank az MTI-t arr\u00f3l t\u00e1j\u00e9koztatta, teljes m\u00e9rt\u00e9kben megalapozatlannak tekinti a GVH Versenytan\u00e1csa hat\u00e1rozat\u00e1ban foglaltakat, s b\u00edr\u00f3s\u00e1ghoz fordul annak \u00e9rdek\u00e9ben, hogy kider\u00fclj\u00f6n: jogszer\u0171en j\u00e1rt el a v\u00e9gt\u00f6rleszt\u00e9sek el\u0151k\u00e9sz\u00edt\u00e9s\u00e9ben \u00e9s lebonyol\u00edt\u00e1s\u00e1ban.(MTI)<\/p>\n","protected":false},"excerpt":{"rendered":"<p>Nem v\u00e1lasztj\u00e1k le az ingatlanportf\u00f3li\u00f3t az MKB Bankr\u00f3l, vagy ha m\u00e9gis, v\u00e1rhat\u00f3an nem az eddig tervezett m\u00f3don &#8211; der\u00fcl ki a hitelint\u00e9zet p\u00e9nteken, a B\u00c9T honlapj\u00e1n t\u0151zsdez\u00e1r\u00e1s ut\u00e1n k\u00f6zz\u00e9tett rendk\u00edv\u00fcli t\u00e1j\u00e9koztat\u00f3j\u00e1b\u00f3l.<\/p>\n","protected":false},"author":1,"featured_media":21834,"comment_status":"open","ping_status":"closed","sticky":false,"template":"","format":"standard","meta":[],"categories":[19],"tags":[],"_links":{"self":[{"href":"https:\/\/gazdasagportal.hu\/index.php\/wp-json\/wp\/v2\/posts\/21833"}],"collection":[{"href":"https:\/\/gazdasagportal.hu\/index.php\/wp-json\/wp\/v2\/posts"}],"about":[{"href":"https:\/\/gazdasagportal.hu\/index.php\/wp-json\/wp\/v2\/types\/post"}],"author":[{"embeddable":true,"href":"https:\/\/gazdasagportal.hu\/index.php\/wp-json\/wp\/v2\/users\/1"}],"replies":[{"embeddable":true,"href":"https:\/\/gazdasagportal.hu\/index.php\/wp-json\/wp\/v2\/comments?post=21833"}],"version-history":[{"count":1,"href":"https:\/\/gazdasagportal.hu\/index.php\/wp-json\/wp\/v2\/posts\/21833\/revisions"}],"predecessor-version":[{"id":21835,"href":"https:\/\/gazdasagportal.hu\/index.php\/wp-json\/wp\/v2\/posts\/21833\/revisions\/21835"}],"wp:featuredmedia":[{"embeddable":true,"href":"https:\/\/gazdasagportal.hu\/index.php\/wp-json\/wp\/v2\/media\/21834"}],"wp:attachment":[{"href":"https:\/\/gazdasagportal.hu\/index.php\/wp-json\/wp\/v2\/media?parent=21833"}],"wp:term":[{"taxonomy":"category","embeddable":true,"href":"https:\/\/gazdasagportal.hu\/index.php\/wp-json\/wp\/v2\/categories?post=21833"},{"taxonomy":"post_tag","embeddable":true,"href":"https:\/\/gazdasagportal.hu\/index.php\/wp-json\/wp\/v2\/tags?post=21833"}],"curies":[{"name":"wp","href":"https:\/\/api.w.org\/{rel}","templated":true}]}}