{"id":21794,"date":"2013-11-22T15:24:58","date_gmt":"2013-11-22T14:24:58","guid":{"rendered":"http:\/\/stockportal.hu\/?p=21794"},"modified":"2013-11-22T15:48:59","modified_gmt":"2013-11-22T14:48:59","slug":"jozsefvarosi-piac-a-mav-meginditotta-a-vegrehajtasi-eljarast","status":"publish","type":"post","link":"https:\/\/gazdasagportal.hu\/index.php\/jozsefvarosi-piac-a-mav-meginditotta-a-vegrehajtasi-eljarast\/","title":{"rendered":"J\u00f3zsefv\u00e1rosi piac &#8211; A M\u00c1V megind\u00edtotta a v\u00e9grehajt\u00e1si elj\u00e1r\u00e1st"},"content":{"rendered":"<p><strong>A M\u00c1V Zrt. megind\u00edtotta a v\u00e9grehajt\u00e1si elj\u00e1r\u00e1st p\u00e9nteken a Komondor Kft.-vel szemben a j\u00f3zsefv\u00e1rosi piac ter\u00fclet\u00e9nek visszaszerz\u00e9s\u00e9re &#8211; k\u00f6z\u00f6lte a vas\u00fatt\u00e1rsas\u00e1g az MTI-vel.<\/strong><\/p>\n<p>K\u00f6zlem\u00e9ny\u00e9ben a M\u00c1V Zrt. eml\u00e9keztet arra, hogy a b\u00e9rl\u0151 a b\u00e9rleti szerz\u0151d\u00e9s lej\u00e1rt\u00e1nak napj\u00e1n, november 21-\u00e9n nem adta vissza a ter\u00fcletet a vas\u00fatt\u00e1rsas\u00e1g birtok\u00e1ba.<br \/>\nA\u00a0\u00a0M\u00c1V Zrt. k\u00e9relm\u00e9nek be\u00e9rkez\u00e9s\u00e9t k\u00f6vet\u0151en a k\u00f6zjegyz\u0151 z\u00e1rad\u00e9kkal ell\u00e1tott iratot k\u00fcld az illet\u00e9kes v\u00e9grehajt\u00f3nak, aki felsz\u00f3l\u00edtja a Komondor Kft.-t az \u00f6nk\u00e9ntes teljes\u00edt\u00e9sre, amennyiben ennek nem tesz eleget, akkor hat\u00f3s\u00e1gi k\u00e9nyszert alkalmazva j\u00e1rhat el a v\u00e9grehajt\u00f3 &#8211; \u00edrja k\u00f6zlem\u00e9ny\u00e9ben a vas\u00fatt\u00e1rsas\u00e1g.<br \/>\nA j\u00f3zsefv\u00e1rosi piac ter\u00fclet\u00e9re 2013. november 21-\u00e9n megsz\u0171nt a 2007-ben megk\u00f6t\u00f6tt b\u00e9rleti szerz\u0151d\u00e9s, amelyet a M\u00c1V id\u00e9n j\u00faniusban 150 napos hat\u00e1rid\u0151vel felmondott. Mivel a felmond\u00e1si hat\u00e1rid\u0151 lej\u00e1rt, ez\u00e9rt a b\u00e9rl\u0151t \u00e1tad\u00e1si k\u00f6telezetts\u00e9g terheli. November 21-\u00e9n a Komondor Kft. a M\u00c1V el\u0151zetes \u00e9rtes\u00edt\u00e9se \u00e9s a helysz\u00edni felsz\u00f3l\u00edt\u00e1s ellen\u00e9re sem tett eleget az \u00e1tad\u00e1si k\u00f6teless\u00e9g\u00e9nek. A M\u00c1V Zrt. a b\u00e9rleti szerz\u0151d\u00e9sen k\u00edv\u00fcl a k\u00f6zm\u0171szerz\u0151d\u00e9seket is felmondta, ez\u00e9rt cs\u00fct\u00f6rt\u00f6k\u00f6n lez\u00e1ratta a piac \u00e1ramell\u00e1t\u00e1s\u00e1nak egy r\u00e9sz\u00e9t is &#8211; eml\u00e9keztet k\u00f6zlem\u00e9ny\u00e9ben a M\u00c1V Zrt.<br \/>\nA Magyar Nemzeti Vagyonkezel\u0151 Zrt. &#8211; az NFM tulajdonosi d\u00f6nt\u00e9se alapj\u00e1n &#8211; id\u00e9n j\u00fanius 3-\u00e1n alap\u00edt\u00f3i hat\u00e1rozatban adta ki feladatk\u00e9nt a M\u00c1V Zrt. r\u00e9sz\u00e9re a j\u00f3zsefv\u00e1rosi piacot \u00fczemeltet\u0151 Komondor Kft. b\u00e9rleti szerz\u0151d\u00e9s\u00e9nek felmond\u00e1s\u00e1t. A M\u00c1V j\u00fanius 17-\u00e9n k\u00f6zjegyz\u0151i okiratban felmondta a j\u00f3zsefv\u00e1rosi piac b\u00e9rleti szerz\u0151d\u00e9s\u00e9t.<br \/>\nA Komondor Kft. jogi k\u00e9pvisel\u0151je, Szuromi Andr\u00e1s cs\u00fct\u00f6rt\u00f6k\u00f6n, a j\u00f3zsefv\u00e1rosi piac helysz\u00edn\u00e9n \u00fajs\u00e1g\u00edr\u00f3knak elmondta, hogy vitatj\u00e1k a felmond\u00e1s \u00e9rv\u00e9nyess\u00e9g\u00e9t, \u00e1ll\u00e1spontjuk szerint tov\u00e1bbra is fenn\u00e1ll a b\u00e9rleti szerz\u0151d\u00e9s, az \u00fcgyben b\u00edr\u00f3s\u00e1g fog d\u00f6nteni.(MTI)<\/p>\n","protected":false},"excerpt":{"rendered":"<p>A M\u00c1V Zrt. megind\u00edtotta a v\u00e9grehajt\u00e1si elj\u00e1r\u00e1st p\u00e9nteken a Komondor Kft.-vel szemben a j\u00f3zsefv\u00e1rosi piac ter\u00fclet\u00e9nek visszaszerz\u00e9s\u00e9re &#8211; k\u00f6z\u00f6lte a vas\u00fatt\u00e1rsas\u00e1g az MTI-vel. K\u00f6zlem\u00e9ny\u00e9ben a M\u00c1V Zrt. eml\u00e9keztet arra, hogy a b\u00e9rl\u0151 a b\u00e9rleti szerz\u0151d\u00e9s lej\u00e1rt\u00e1nak napj\u00e1n, november 21-\u00e9n nem adta vissza a ter\u00fcletet a vas\u00fatt\u00e1rsas\u00e1g birtok\u00e1ba. A\u00a0\u00a0M\u00c1V Zrt. k\u00e9relm\u00e9nek be\u00e9rkez\u00e9s\u00e9t k\u00f6vet\u0151en a k\u00f6zjegyz\u0151 z\u00e1rad\u00e9kkal &#8230;<\/p>\n","protected":false},"author":1,"featured_media":0,"comment_status":"open","ping_status":"closed","sticky":false,"template":"","format":"standard","meta":[],"categories":[19],"tags":[],"_links":{"self":[{"href":"https:\/\/gazdasagportal.hu\/index.php\/wp-json\/wp\/v2\/posts\/21794"}],"collection":[{"href":"https:\/\/gazdasagportal.hu\/index.php\/wp-json\/wp\/v2\/posts"}],"about":[{"href":"https:\/\/gazdasagportal.hu\/index.php\/wp-json\/wp\/v2\/types\/post"}],"author":[{"embeddable":true,"href":"https:\/\/gazdasagportal.hu\/index.php\/wp-json\/wp\/v2\/users\/1"}],"replies":[{"embeddable":true,"href":"https:\/\/gazdasagportal.hu\/index.php\/wp-json\/wp\/v2\/comments?post=21794"}],"version-history":[{"count":2,"href":"https:\/\/gazdasagportal.hu\/index.php\/wp-json\/wp\/v2\/posts\/21794\/revisions"}],"predecessor-version":[{"id":21800,"href":"https:\/\/gazdasagportal.hu\/index.php\/wp-json\/wp\/v2\/posts\/21794\/revisions\/21800"}],"wp:attachment":[{"href":"https:\/\/gazdasagportal.hu\/index.php\/wp-json\/wp\/v2\/media?parent=21794"}],"wp:term":[{"taxonomy":"category","embeddable":true,"href":"https:\/\/gazdasagportal.hu\/index.php\/wp-json\/wp\/v2\/categories?post=21794"},{"taxonomy":"post_tag","embeddable":true,"href":"https:\/\/gazdasagportal.hu\/index.php\/wp-json\/wp\/v2\/tags?post=21794"}],"curies":[{"name":"wp","href":"https:\/\/api.w.org\/{rel}","templated":true}]}}