{"id":21771,"date":"2013-11-22T11:47:02","date_gmt":"2013-11-22T10:47:02","guid":{"rendered":"http:\/\/stockportal.hu\/?p=21771"},"modified":"2013-11-22T11:49:00","modified_gmt":"2013-11-22T10:49:00","slug":"ukrajna-eu-azarov-taktikai-es-nem-strategiai-dontes-volt-a-tarsulas-leallitasa","status":"publish","type":"post","link":"https:\/\/gazdasagportal.hu\/index.php\/ukrajna-eu-azarov-taktikai-es-nem-strategiai-dontes-volt-a-tarsulas-leallitasa\/","title":{"rendered":"Ukrajna-EU &#8211; Azarov: &#8222;taktikai \u00e9s nem strat\u00e9giai&#8221; d\u00f6nt\u00e9s volt a t\u00e1rsul\u00e1s le\u00e1ll\u00edt\u00e1sa"},"content":{"rendered":"<p><strong>Taktikai, nem pedig strat\u00e9giai d\u00f6nt\u00e9s volt az Ukrajna \u00e9s az Eur\u00f3pai Uni\u00f3 k\u00f6z\u00f6tti t\u00e1rsul\u00e1si folyamat le\u00e1ll\u00edt\u00e1sa &#8211; jelentette ki p\u00e9nteken Mikola Azarov ukr\u00e1n minisztereln\u00f6k a parlament \u00fcl\u00e9s\u00e9n.<!--more--><\/strong><\/p>\n<p>A korm\u00e1nyf\u0151 szavai szerint ez &#8222;neh\u00e9z, de az egyetlen lehets\u00e9ges&#8221; d\u00f6nt\u00e9s volt az orsz\u00e1g jelenlegi helyzet\u00e9ben. Lesz\u00f6gezte, hogy a l\u00e9p\u00e9st kiz\u00e1r\u00f3lag a gazdas\u00e1gi k\u00f6r\u00fclm\u00e9nyek indokolt\u00e1k, s ezzel nem v\u00e1ltoztak az orsz\u00e1g strat\u00e9giai c\u00e9lkit\u0171z\u00e9sei.<br \/>\nAzarov kijelentette, hogy a teend\u0151k k\u00f6z\u00f6tt az els\u0151 helyre most Oroszorsz\u00e1g \u00e9s Ukrajna kapcsolatainak helyre\u00e1ll\u00edt\u00e1sa, a k\u00e9t orsz\u00e1g k\u00f6z\u00f6tti vit\u00e1s k\u00e9rd\u00e9sek rendez\u00e9se ker\u00fcl. Hozz\u00e1f\u0171zte, hogy a Kijev \u00e1ltal kezdem\u00e9nyezet h\u00e1romoldal\u00fa, EU-ukr\u00e1n-orosz t\u00e1rgyal\u00e1sok lehet\u0151s\u00e9get ny\u00fajtanak arra, hogy &#8222;feloldj\u00e1k az ellentmond\u00e1sokat, \u00e9s Ukrajna katasztrof\u00e1lis gazdas\u00e1gi vesztes\u00e9gek n\u00e9lk\u00fcl haladjon a strat\u00e9gi\u00e1ja \u00e1ltal meghat\u00e1rozott \u00faton&#8221;.<br \/>\nA minisztereln\u00f6k felsz\u00f3lal\u00e1s\u00e1t folyamatos bekiab\u00e1l\u00e1ssal zavarta az ellenz\u00e9k, amelynek tagjai k\u00f6z\u00fcl t\u00f6bben elhagyt\u00e1k a hely\u00fcket \u00e9s a korm\u00e1nytagok p\u00e1holya el\u00e9 gy\u0171ltek. N\u00e9h\u00e1nyan k\u00f6z\u00fcl\u00fck pap\u00edrt dob\u00e1ltak az \u00fcl\u00e9sen jelen l\u00e9v\u0151 korm\u00e1nytagok fel\u00e9.<br \/>\nAzarov besz\u00e9d\u00e9t befejezve a kabinet tagjaival egy\u00fctt elhagyta az \u00fcl\u00e9stermet, Volodimir Ribak h\u00e1zeln\u00f6k pedig berekesztette az \u00fcl\u00e9st, miut\u00e1n semmilyen megvitatand\u00f3 el\u0151terjeszt\u00e9s nem szerepelt a napirenden.<br \/>\nA t\u00f6rv\u00e9nyhoz\u00e1s \u00edgy az el\u0151z\u0151 napi el\u0151rejelz\u00e9ssel ellent\u00e9tben nem t\u00e1rgyalt a k\u00e9t h\u00e1tramaradt eur\u00f3pai integr\u00e1ci\u00f3s jogszab\u00e1lyr\u00f3l, az \u00fcgy\u00e9szs\u00e9gr\u0151l sz\u00f3l\u00f3 t\u00f6rv\u00e9ny m\u00f3dos\u00edt\u00e1s\u00e1r\u00f3l \u00e9s a beb\u00f6rt\u00f6nz\u00f6ttek k\u00fclf\u00f6ldi gy\u00f3gykezel\u00e9s\u00e9t szab\u00e1lyoz\u00f3, Julija Timosenko volt korm\u00e1nyf\u0151 \u00fcgy\u00e9t rendezni hivatott ind\u00edtv\u00e1nyokr\u00f3l sem.<br \/>\nK\u00f6zben Arszenyij Jacenyuk, a Timosenko m\u00f6g\u00f6tt \u00e1ll\u00f3 Haza p\u00e1rt frakci\u00f3vezet\u0151je bejelentette, hogy az ellenz\u00e9k bizalmatlans\u00e1gi ind\u00edtv\u00e1nyt terjesztett be a korm\u00e1ny ellen, \u00e9s megkezdte az al\u00e1\u00edr\u00e1sgy\u0171jt\u00e9st. Az ukr\u00e1n jogszab\u00e1lyok szerint legal\u00e1bb 150 k\u00e9pvisel\u0151nek kell al\u00e1\u00edr\u00e1s\u00e1val t\u00e1mogatnia a hat\u00e1rozati javaslat napirendre t\u0171z\u00e9s\u00e9t.(MTI)<\/p>\n","protected":false},"excerpt":{"rendered":"<p>Taktikai, nem pedig strat\u00e9giai d\u00f6nt\u00e9s volt az Ukrajna \u00e9s az Eur\u00f3pai Uni\u00f3 k\u00f6z\u00f6tti t\u00e1rsul\u00e1si folyamat le\u00e1ll\u00edt\u00e1sa &#8211; jelentette ki p\u00e9nteken Mikola Azarov ukr\u00e1n minisztereln\u00f6k a parlament \u00fcl\u00e9s\u00e9n.<\/p>\n","protected":false},"author":1,"featured_media":0,"comment_status":"open","ping_status":"closed","sticky":false,"template":"","format":"standard","meta":[],"categories":[12],"tags":[],"_links":{"self":[{"href":"https:\/\/gazdasagportal.hu\/index.php\/wp-json\/wp\/v2\/posts\/21771"}],"collection":[{"href":"https:\/\/gazdasagportal.hu\/index.php\/wp-json\/wp\/v2\/posts"}],"about":[{"href":"https:\/\/gazdasagportal.hu\/index.php\/wp-json\/wp\/v2\/types\/post"}],"author":[{"embeddable":true,"href":"https:\/\/gazdasagportal.hu\/index.php\/wp-json\/wp\/v2\/users\/1"}],"replies":[{"embeddable":true,"href":"https:\/\/gazdasagportal.hu\/index.php\/wp-json\/wp\/v2\/comments?post=21771"}],"version-history":[{"count":1,"href":"https:\/\/gazdasagportal.hu\/index.php\/wp-json\/wp\/v2\/posts\/21771\/revisions"}],"predecessor-version":[{"id":21772,"href":"https:\/\/gazdasagportal.hu\/index.php\/wp-json\/wp\/v2\/posts\/21771\/revisions\/21772"}],"wp:attachment":[{"href":"https:\/\/gazdasagportal.hu\/index.php\/wp-json\/wp\/v2\/media?parent=21771"}],"wp:term":[{"taxonomy":"category","embeddable":true,"href":"https:\/\/gazdasagportal.hu\/index.php\/wp-json\/wp\/v2\/categories?post=21771"},{"taxonomy":"post_tag","embeddable":true,"href":"https:\/\/gazdasagportal.hu\/index.php\/wp-json\/wp\/v2\/tags?post=21771"}],"curies":[{"name":"wp","href":"https:\/\/api.w.org\/{rel}","templated":true}]}}