{"id":2174,"date":"2013-02-06T11:41:44","date_gmt":"2013-02-06T10:41:44","guid":{"rendered":"http:\/\/stockportal.hu\/?p=2174"},"modified":"2013-02-06T11:44:33","modified_gmt":"2013-02-06T10:44:33","slug":"bajnai-gordon-vitara-hivja-orban-viktort","status":"publish","type":"post","link":"https:\/\/gazdasagportal.hu\/index.php\/bajnai-gordon-vitara-hivja-orban-viktort\/","title":{"rendered":"Bajnai Gordon vit\u00e1ra h\u00edvja Orb\u00e1n Viktort"},"content":{"rendered":"<p><strong>Bajnai Gordon nyilv\u00e1nos vit\u00e1ra h\u00edvja Orb\u00e1n Viktort &#8211; k\u00f6z\u00f6lte az Egy\u00fctt 2014 szerd\u00e1n az MTI-vel. Indokl\u00e1sul azt \u00edrt\u00e1k: a Fidesz \u00e1lcivil szervezetek m\u00f6g\u00e9 b\u00fajva hazugs\u00e1gokat terjeszt terveikr\u0151l, \u00e9s szembes\u00edteni szeretn\u00e9k &#8222;a val\u00f3s\u00e1ggal&#8221; a minisztereln\u00f6k\u00f6t.<!--more--><\/strong><\/p>\n<p>A v\u00e1laszt\u00f3i mozgalom k\u00f6zlem\u00e9nye arra reag\u00e1lt, hogy megjelentek a napilapokban a Civil \u00d6sszefog\u00e1s K\u00f6zhaszn\u00fa Alap\u00edtv\u00e1ny \u00fajabb hirdet\u00e9sei, amelyeken Bajnai Gordon \u00e9s Gyurcs\u00e1ny Ferenc, k\u00e9pm\u00e1suk alatt pedig az Egy\u00fctt tett\u00e9k t\u00f6nkre az orsz\u00e1got felirat l\u00e1that\u00f3.<br \/>\nAz Egy\u00fctt 2014 ezzel kapcsolatban k\u00f6z\u00f6lte, nem t\u0171rik tov\u00e1bb a hazugs\u00e1gokat, Bajnai Gordon ez\u00e9rt vit\u00e1ra h\u00edvja Orb\u00e1n Viktort. \u00c9l\u0151ben, t\u00e9v\u00e9m\u0171sorban vagy b\u00e1rmely m\u00e1s m\u00e9diumban, ak\u00e1r korm\u00e1nyp\u00e1rtiban, &#8222;a l\u00e9nyeg, hogy \u00e1lljon ki v\u00e9gre szemt\u0151l szembe, merje saj\u00e1t hangon elmondani a hazugs\u00e1gait \u00e9s viselje el, hogy valaki v\u00e1laszul a val\u00f3s\u00e1ggal szembes\u00edti \u0151t&#8221; &#8211; olvashat\u00f3 a k\u00f6zlem\u00e9nyben.<br \/>\nHangs\u00falyozt\u00e1k azt is, hogy a Bajnai Gordonnal szembeni &#8222;fideszes gy\u0171l\u00f6letkamp\u00e1ny&#8221; hazugs\u00e1gokkal folytat\u00f3dik.<br \/>\n&#8222;Az igazs\u00e1g ugyanis az, hogy nincs Bajnai-Gyurcs\u00e1ny-sz\u00f6vets\u00e9g. Az igazs\u00e1g az, hogy az Egy\u00fctt 2014-nek esze \u00e1g\u00e1ban sincs cs\u00f6kkenteni a minim\u00e1lb\u00e9rt. (&#8230;) Az igazs\u00e1g az, hogy az Egy\u00fctt 2014 programja egy\u00e1ltal\u00e1n nem cs\u00f6kkenti a nyugd\u00edjakat. (&#8230;) Az igazs\u00e1g az, hogy a Fidesz vezette be az \u00e1ltala ir\u00e1ny\u00edtott \u00f6nkorm\u00e1nyzatokn\u00e1l az ingatlanad\u00f3t, m\u00edg az Egy\u00fctt 2014 kifejezetten ellenzi az ingatlanad\u00f3 orsz\u00e1gos bevezet\u00e9s\u00e9t. (&#8230;) Az igazs\u00e1g az, hogy az Egy\u00fctt 2014 nem tervezi a k\u00fcl\u00f6nad\u00f3k, \u00edgy a bankad\u00f3 megsz\u00fcntet\u00e9s\u00e9t, de k\u00e9pesek vagyunk olyan szintre be\u00e1ll\u00edtani azokat, hogy a k\u00f6lts\u00e9gvet\u00e9s mellett a gazdas\u00e1g is j\u00f3l j\u00e1rjon&#8221; &#8211; sorolt\u00e1k az \u00fajs\u00e1ghirdet\u00e9sek \u00e1ll\u00edt\u00e1saira reag\u00e1lva.<br \/>\nA v\u00e1laszt\u00f3i mozgalom emellett tov\u00e1bbra is v\u00e1rja a kamp\u00e1ny k\u00f6lts\u00e9geir\u0151l sz\u00f3l\u00f3 elsz\u00e1mol\u00e1st. Ugyanis &#8211; jelezt\u00e9k &#8211; tov\u00e1bbra sem tudni, ahhoz mennyi k\u00f6zp\u00e9nzt \u00e9s milyen jogon haszn\u00e1ltak fel az &#8222;\u00e1lcivilek&#8221;. (MTI)<\/p>\n","protected":false},"excerpt":{"rendered":"<p>Bajnai Gordon nyilv\u00e1nos vit\u00e1ra h\u00edvja Orb\u00e1n Viktort &#8211; k\u00f6z\u00f6lte az Egy\u00fctt 2014 szerd\u00e1n az MTI-vel. Indokl\u00e1sul azt \u00edrt\u00e1k: a Fidesz \u00e1lcivil szervezetek m\u00f6g\u00e9 b\u00fajva hazugs\u00e1gokat terjeszt terveikr\u0151l, \u00e9s szembes\u00edteni szeretn\u00e9k &#8222;a val\u00f3s\u00e1ggal&#8221; a minisztereln\u00f6k\u00f6t.<\/p>\n","protected":false},"author":1,"featured_media":2177,"comment_status":"closed","ping_status":"closed","sticky":false,"template":"","format":"standard","meta":[],"categories":[18],"tags":[],"_links":{"self":[{"href":"https:\/\/gazdasagportal.hu\/index.php\/wp-json\/wp\/v2\/posts\/2174"}],"collection":[{"href":"https:\/\/gazdasagportal.hu\/index.php\/wp-json\/wp\/v2\/posts"}],"about":[{"href":"https:\/\/gazdasagportal.hu\/index.php\/wp-json\/wp\/v2\/types\/post"}],"author":[{"embeddable":true,"href":"https:\/\/gazdasagportal.hu\/index.php\/wp-json\/wp\/v2\/users\/1"}],"replies":[{"embeddable":true,"href":"https:\/\/gazdasagportal.hu\/index.php\/wp-json\/wp\/v2\/comments?post=2174"}],"version-history":[{"count":3,"href":"https:\/\/gazdasagportal.hu\/index.php\/wp-json\/wp\/v2\/posts\/2174\/revisions"}],"predecessor-version":[{"id":2176,"href":"https:\/\/gazdasagportal.hu\/index.php\/wp-json\/wp\/v2\/posts\/2174\/revisions\/2176"}],"wp:featuredmedia":[{"embeddable":true,"href":"https:\/\/gazdasagportal.hu\/index.php\/wp-json\/wp\/v2\/media\/2177"}],"wp:attachment":[{"href":"https:\/\/gazdasagportal.hu\/index.php\/wp-json\/wp\/v2\/media?parent=2174"}],"wp:term":[{"taxonomy":"category","embeddable":true,"href":"https:\/\/gazdasagportal.hu\/index.php\/wp-json\/wp\/v2\/categories?post=2174"},{"taxonomy":"post_tag","embeddable":true,"href":"https:\/\/gazdasagportal.hu\/index.php\/wp-json\/wp\/v2\/tags?post=2174"}],"curies":[{"name":"wp","href":"https:\/\/api.w.org\/{rel}","templated":true}]}}