{"id":21728,"date":"2013-11-22T06:04:43","date_gmt":"2013-11-22T05:04:43","guid":{"rendered":"http:\/\/stockportal.hu\/?p=21728"},"modified":"2013-11-21T21:08:11","modified_gmt":"2013-11-21T20:08:11","slug":"tobb-tucatnyi-amerikai-harcolhat-a-sziriai-lazadok-oldalan","status":"publish","type":"post","link":"https:\/\/gazdasagportal.hu\/index.php\/tobb-tucatnyi-amerikai-harcolhat-a-sziriai-lazadok-oldalan\/","title":{"rendered":"T\u00f6bb tucatnyi amerikai harcolhat a sz\u00edriai l\u00e1zad\u00f3k oldal\u00e1n"},"content":{"rendered":"<p><strong>T\u00f6bb tucatnyi amerikai \u00e1llampolg\u00e1r utazott Sz\u00edri\u00e1ba, vagy pr\u00f3b\u00e1lt meg eljutni a k\u00f6zel-keleti orsz\u00e1gba, hogy csatlakozzon a Bass\u00e1r el-Aszad eln\u00f6k rendszere ellen harcol\u00f3 l\u00e1zad\u00f3khoz &#8211; k\u00f6z\u00f6lte cs\u00fct\u00f6rt\u00f6k\u00f6n az amerikai h\u00edrszerz\u00e9sre hivatkozva a The New York Times.<!--more--><\/strong><\/p>\n<div id=\"attachment_1344\" style=\"width: 310px\" class=\"wp-caption alignnone\"><a href=\"http:\/\/stockportal.hu\/wp-content\/uploads\/2013\/01\/free_syria.jpg\" target=\"_blank\" rel=\"noopener\"><img aria-describedby=\"caption-attachment-1344\" decoding=\"async\" loading=\"lazy\" class=\"size-medium wp-image-1344\" alt=\"Szabad Sziria\" src=\"http:\/\/stockportal.hu\/wp-content\/uploads\/2013\/01\/free_syria-300x187.jpg\" width=\"300\" height=\"187\" srcset=\"https:\/\/gazdasagportal.hu\/wp-content\/uploads\/2013\/01\/free_syria-300x187.jpg 300w, https:\/\/gazdasagportal.hu\/wp-content\/uploads\/2013\/01\/free_syria.jpg 480w\" sizes=\"(max-width: 300px) 100vw, 300px\" \/><\/a><p id=\"caption-attachment-1344\" class=\"wp-caption-text\">Szabad Sziria<\/p><\/div>\n<p>Ez csak egy t\u00f6red\u00e9ke azoknak a nyugati \u00fatlev\u00e9llel rendelkez\u0151, t\u00falnyom\u00f3r\u00e9szt radikaliz\u00e1l\u00f3dott muszlimoknak, akik \u00c9szak-Amerik\u00e1b\u00f3l, Eur\u00f3p\u00e1b\u00f3l vagy Ausztr\u00e1li\u00e1b\u00f3l sziv\u00e1rogtak be Sz\u00edri\u00e1ba. Az \u0151 sz\u00e1mukat mintegy 600-ra becs\u00fclik a nyugati h\u00edrszerz\u0151 szolg\u00e1latok. Az arab orsz\u00e1gban jelenleg 6-10 ezer, t\u00falnyom\u00f3r\u00e9szt k\u00f6zel-keleti \u00e9s \u00e9szak-afrikai orsz\u00e1gokb\u00f3l \u00e9rkezett k\u00fclf\u00f6ldi fegyveres harcol.<br \/>\nAz amerikai h\u00edrszerz\u00e9si illet\u00e9kesek nem pontos\u00edtott\u00e1k, hogy a &#8222;t\u00f6bb tucatnyi&#8221; amerikai \u00e1llampolg\u00e1r voltak\u00e9ppen mennyi is lehet, csak annyit mondtak, hogy az Egyes\u00fclt \u00c1llamokb\u00f3l \u00e9rkezettek egyel\u0151re nem jeleskedtek az \u00fctk\u00f6zetekben. A nyugati titkosszolg\u00e1latok att\u00f3l tartanak, hogy a sz\u00edriai harcokb\u00f3l hazat\u00e9r\u0151 radik\u00e1lisok odahaza terrorista fenyeget\u00e9st jelenthetnek.<br \/>\nA legt\u00f6bb k\u00fclf\u00f6ldi fegyveres az Iszl\u00e1m \u00c1llam Irakban \u00e9s Sz\u00edri\u00e1ban (ISIS) elnevez\u00e9s\u0171 szervezethez csatlakozott. Ennek \u00e9szaki er\u0151it a szerdai The Wall Street Journal szerint a csecsen nemzetis\u00e9g\u0171 Tarkan Batirasvili parancsnok ir\u00e1ny\u00edtja, aki kor\u00e1bban az Egyes\u00fclt \u00c1llamok \u00e1ltal t\u00e1mogatott gr\u00faz hadsereg egyik k\u00fcl\u00f6nleges egys\u00e9g\u00e9n\u00e9l szolg\u00e1lt.<br \/>\nAz ISIS t\u00f6bbsz\u00f6r \u00f6sszecsapott a felkel\u0151k m\u00e1s alakulataival, bele\u00e9rtve az ugyancsak az al-Kaid\u00e1val sz\u00f6vets\u00e9ges an-N\u00faszra Frontot. Ezenk\u00edv\u00fcl vannak m\u00e9g olyan &#8222;migr\u00e1ns brig\u00e1dok&#8221; is, amelyekn\u00e9l nem olyan szigor\u00faak a csatlakoz\u00e1s alapfelt\u00e9telei, mint az eml\u00edtett k\u00e9t szervezetn\u00e9l, amelyekn\u00e9l szigor\u00faan \u00fcgyelnek a nyugati \u00fcgyn\u00f6k\u00f6k kisz\u0171r\u00e9s\u00e9re.<br \/>\nA The New York Times felh\u00edvta a figyelmet arra, hogy Aszad oldal\u00e1n is harcolnak idegenek, igaz, kisebb sz\u00e1mban, mint a felkel\u0151k k\u00f6z\u00f6tt. A rezsim p\u00e1rtj\u00e1n veszik ki a r\u00e9sz\u00fcket a k\u00fczdelemb\u0151l a Hezbollah libanoni s\u00edita mozgalom k\u00f6vet\u0151i \u00e9s az ir\u00e1ni Forradalmi G\u00e1rda al-Kudsz Er\u0151 elnevez\u00e9s\u0171 k\u00fcl\u00f6nleges egys\u00e9g\u00e9nek tagjai.(MTI)<\/p>\n","protected":false},"excerpt":{"rendered":"<p>T\u00f6bb tucatnyi amerikai \u00e1llampolg\u00e1r utazott Sz\u00edri\u00e1ba, vagy pr\u00f3b\u00e1lt meg eljutni a k\u00f6zel-keleti orsz\u00e1gba, hogy csatlakozzon a Bass\u00e1r el-Aszad eln\u00f6k rendszere ellen harcol\u00f3 l\u00e1zad\u00f3khoz &#8211; k\u00f6z\u00f6lte cs\u00fct\u00f6rt\u00f6k\u00f6n az amerikai h\u00edrszerz\u00e9sre hivatkozva a The New York Times.<\/p>\n","protected":false},"author":1,"featured_media":1344,"comment_status":"open","ping_status":"closed","sticky":false,"template":"","format":"standard","meta":[],"categories":[16,116],"tags":[],"_links":{"self":[{"href":"https:\/\/gazdasagportal.hu\/index.php\/wp-json\/wp\/v2\/posts\/21728"}],"collection":[{"href":"https:\/\/gazdasagportal.hu\/index.php\/wp-json\/wp\/v2\/posts"}],"about":[{"href":"https:\/\/gazdasagportal.hu\/index.php\/wp-json\/wp\/v2\/types\/post"}],"author":[{"embeddable":true,"href":"https:\/\/gazdasagportal.hu\/index.php\/wp-json\/wp\/v2\/users\/1"}],"replies":[{"embeddable":true,"href":"https:\/\/gazdasagportal.hu\/index.php\/wp-json\/wp\/v2\/comments?post=21728"}],"version-history":[{"count":1,"href":"https:\/\/gazdasagportal.hu\/index.php\/wp-json\/wp\/v2\/posts\/21728\/revisions"}],"predecessor-version":[{"id":21729,"href":"https:\/\/gazdasagportal.hu\/index.php\/wp-json\/wp\/v2\/posts\/21728\/revisions\/21729"}],"wp:featuredmedia":[{"embeddable":true,"href":"https:\/\/gazdasagportal.hu\/index.php\/wp-json\/wp\/v2\/media\/1344"}],"wp:attachment":[{"href":"https:\/\/gazdasagportal.hu\/index.php\/wp-json\/wp\/v2\/media?parent=21728"}],"wp:term":[{"taxonomy":"category","embeddable":true,"href":"https:\/\/gazdasagportal.hu\/index.php\/wp-json\/wp\/v2\/categories?post=21728"},{"taxonomy":"post_tag","embeddable":true,"href":"https:\/\/gazdasagportal.hu\/index.php\/wp-json\/wp\/v2\/tags?post=21728"}],"curies":[{"name":"wp","href":"https:\/\/api.w.org\/{rel}","templated":true}]}}