{"id":21720,"date":"2013-11-21T19:50:36","date_gmt":"2013-11-21T18:50:36","guid":{"rendered":"http:\/\/stockportal.hu\/?p=21720"},"modified":"2013-11-21T17:41:17","modified_gmt":"2013-11-21T16:41:17","slug":"elindult-a-sulinet-informatikai-fejlesztesi-program","status":"publish","type":"post","link":"https:\/\/gazdasagportal.hu\/index.php\/elindult-a-sulinet-informatikai-fejlesztesi-program\/","title":{"rendered":"Elindult a Sulinet+ informatikai fejleszt\u00e9si program"},"content":{"rendered":"<p><strong>Elindult a Sulinet+ informatikai fejleszt\u00e9si program, amelynek els\u0151 \u00e1llom\u00e1sak\u00e9nt t\u00f6bb ezer korszer\u0171 \u00e9s nagysebess\u00e9g\u0171 internet-kapcsol\u00f3d\u00e1st biztos\u00edt\u00f3 eszk\u00f6zt kapnak a k\u00f6zoktat\u00e1si int\u00e9zm\u00e9nyek. A j\u00f6v\u0151 \u00e9v v\u00e9g\u00e9ig tart\u00f3 projektet az Eur\u00f3pai Uni\u00f3 mintegy 1,3 milli\u00e1rd forinttal t\u00e1mogatja.<!--more--><\/strong><\/p>\n<p>Nagy Mikl\u00f3s, a Nemzeti Inform\u00e1ci\u00f3s Infrastrukt\u00fara Fejleszt\u00e9si Int\u00e9zet (NIIF Int\u00e9zet) igazgat\u00f3ja a cs\u00fct\u00f6rt\u00f6ki budapesti projektnyit\u00f3 \u00fcnneps\u00e9gen hangs\u00falyozta, egy h\u00e1rom\u00e9ves program els\u0151 l\u00e9p\u00e9sek\u00e9nt mintegy k\u00e9t h\u00f3nap alatt az iskol\u00e1k t\u00f6bb mint 5000 v\u00e9gpontj\u00e1t tett\u00e9k kompatibiliss\u00e9 az int\u00e9zet gerinch\u00e1l\u00f3zat\u00e1val.<br \/>\nA gerinch\u00e1l\u00f3zatot \u00e9s az iskol\u00e1kat \u00f6sszek\u00f6t\u0151 routerek m\u00e1r \u00e9vek \u00f3ta elavultnak sz\u00e1m\u00edtanak &#8211; tette hozz\u00e1. A m\u00e1sodik l\u00e9p\u00e9s a s\u00e1vsz\u00e9less\u00e9g b\u0151v\u00edt\u00e9se, ezen az int\u00e9zet m\u00e9g dolgozik &#8211; tette hozz\u00e1. Az igazgat\u00f3 \u00fagy fogalmazott, hogy &#8222;tapinthat\u00f3 k\u00f6zels\u00e9gben&#8221; van az egys\u00e9ges oktat\u00e1si h\u00e1l\u00f3zat l\u00e9trehoz\u00e1sa Magyarorsz\u00e1gon.<br \/>\nMoh\u00e1csi J\u00e1nos, NIIF Int\u00e9zet h\u00e1l\u00f3zati igazgat\u00f3helyettese \u00e9s a projekt vezet\u0151je azt mondta, a v\u00e9gponti eszk\u00f6z\u00f6k fejleszt\u00e9s\u00e9n\u00e9l az a f\u0151 c\u00e9l, hogy olyan eszk\u00f6z\u00f6k ker\u00fcljenek az iskol\u00e1kba, amelyek legal\u00e1bb \u00f6t \u00e9vig m\u0171k\u00f6d\u0151k\u00e9pesek \u00e9s ki tudj\u00e1k szolg\u00e1lni a j\u00f6v\u0151beli ig\u00e9nyeket. A projekttel a k\u00f6zoktat\u00e1si int\u00e9zm\u00e9nyek egyszer\u0171 eszk\u00f6z\u00f6kkel csatlakozhatnak az orsz\u00e1gos \u00e9s nemzetk\u00f6zileg kompatibilis videokonferencia rendszerhez, r\u00e9szt tudnak venni konferencia besz\u00e9lget\u00e9sekben, interakt\u00edv tan\u00f3r\u00e1kat tarthatnak \u00e9s egy\u00fcttm\u0171k\u00f6dhetnek m\u00e1s int\u00e9zm\u00e9nyekkel &#8211; sorolta.<br \/>\nA rendezv\u00e9nyen kiosztott h\u00e1tt\u00e9ranyag szerint az \u00faj eszk\u00f6z\u00f6k telep\u00edt\u00e9s\u00e9t az NIIF Int\u00e9zet Pest megy\u00e9n k\u00edv\u00fcl a meghib\u00e1sodott r\u00e9gi eszk\u00f6z\u00f6k cser\u00e9j\u00e9vel m\u00e1r megkezdte. Az \u00faj v\u00e9gponti h\u00e1l\u00f3zati eszk\u00f6z\u00f6k telep\u00edt\u00e9si munk\u00e1i napi 20-30 v\u00e9gpont \u00fczembe helyez\u00e9s\u00e9t jelenti nagyj\u00e1b\u00f3l egy \u00e9ven bel\u00fcl.<br \/>\nAz \u00faj Sulinet+ infrastrukt\u00fara eur\u00f3pai viszonylatban is kiemelked\u0151 min\u0151s\u00e9g\u0171 informatikai szolg\u00e1ltat\u00e1sokat tesz majd lehet\u0151v\u00e9 a k\u00f6zoktat\u00e1si int\u00e9zm\u00e9nyek di\u00e1kjai \u00e9s pedag\u00f3gusai sz\u00e1m\u00e1ra. Megteremti az Eur\u00f3pai Uni\u00f3 Magyarorsz\u00e1gon k\u00edv\u00fcli nemzeti kutat\u00f3i \u00e9s oktat\u00f3i h\u00e1l\u00f3zataival val\u00f3 egy\u00fcttm\u0171k\u00f6d\u00e9s lehet\u0151s\u00e9g\u00e9t is az iskol\u00e1k sz\u00e1m\u00e1ra &#8211; olvashat\u00f3 a t\u00e1j\u00e9koztat\u00f3ban.(MTI)<\/p>\n","protected":false},"excerpt":{"rendered":"<p>Elindult a Sulinet+ informatikai fejleszt\u00e9si program, amelynek els\u0151 \u00e1llom\u00e1sak\u00e9nt t\u00f6bb ezer korszer\u0171 \u00e9s nagysebess\u00e9g\u0171 internet-kapcsol\u00f3d\u00e1st biztos\u00edt\u00f3 eszk\u00f6zt kapnak a k\u00f6zoktat\u00e1si int\u00e9zm\u00e9nyek. A j\u00f6v\u0151 \u00e9v v\u00e9g\u00e9ig tart\u00f3 projektet az Eur\u00f3pai Uni\u00f3 mintegy 1,3 milli\u00e1rd forinttal t\u00e1mogatja.<\/p>\n","protected":false},"author":1,"featured_media":0,"comment_status":"open","ping_status":"closed","sticky":false,"template":"","format":"standard","meta":[],"categories":[48],"tags":[],"_links":{"self":[{"href":"https:\/\/gazdasagportal.hu\/index.php\/wp-json\/wp\/v2\/posts\/21720"}],"collection":[{"href":"https:\/\/gazdasagportal.hu\/index.php\/wp-json\/wp\/v2\/posts"}],"about":[{"href":"https:\/\/gazdasagportal.hu\/index.php\/wp-json\/wp\/v2\/types\/post"}],"author":[{"embeddable":true,"href":"https:\/\/gazdasagportal.hu\/index.php\/wp-json\/wp\/v2\/users\/1"}],"replies":[{"embeddable":true,"href":"https:\/\/gazdasagportal.hu\/index.php\/wp-json\/wp\/v2\/comments?post=21720"}],"version-history":[{"count":1,"href":"https:\/\/gazdasagportal.hu\/index.php\/wp-json\/wp\/v2\/posts\/21720\/revisions"}],"predecessor-version":[{"id":21721,"href":"https:\/\/gazdasagportal.hu\/index.php\/wp-json\/wp\/v2\/posts\/21720\/revisions\/21721"}],"wp:attachment":[{"href":"https:\/\/gazdasagportal.hu\/index.php\/wp-json\/wp\/v2\/media?parent=21720"}],"wp:term":[{"taxonomy":"category","embeddable":true,"href":"https:\/\/gazdasagportal.hu\/index.php\/wp-json\/wp\/v2\/categories?post=21720"},{"taxonomy":"post_tag","embeddable":true,"href":"https:\/\/gazdasagportal.hu\/index.php\/wp-json\/wp\/v2\/tags?post=21720"}],"curies":[{"name":"wp","href":"https:\/\/api.w.org\/{rel}","templated":true}]}}