{"id":21713,"date":"2013-11-21T18:09:27","date_gmt":"2013-11-21T17:09:27","guid":{"rendered":"http:\/\/stockportal.hu\/?p=21713"},"modified":"2013-11-21T17:35:15","modified_gmt":"2013-11-21T16:35:15","slug":"az-egykulcsos-adorendszer-a-novekedes-egyik-fo-motorja","status":"publish","type":"post","link":"https:\/\/gazdasagportal.hu\/index.php\/az-egykulcsos-adorendszer-a-novekedes-egyik-fo-motorja\/","title":{"rendered":"Az egykulcsos ad\u00f3rendszer a n\u00f6veked\u00e9s egyik f\u0151 motorja"},"content":{"rendered":"<p><strong>Az egykulcsos ad\u00f3rendszer a n\u00f6veked\u00e9s egyik f\u0151 motorja, a komplex j\u00f6vedelemad\u00f3-reformnak k\u00f6sz\u00f6nhet\u0151en Magyarorsz\u00e1gon ism\u00e9t meg\u00e9ri munkahelyet teremteni \u00e9s munk\u00e1t v\u00e1llalni, lehets\u00e9gess\u00e9 v\u00e1lik a munkan\u00e9lk\u00fclis\u00e9gb\u0151l, a gazdas\u00e1gi megtorpan\u00e1sb\u00f3l \u00e9s a demogr\u00e1fiai v\u00e1ls\u00e1gb\u00f3l val\u00f3 kit\u00f6r\u00e9s &#8211; mondta Orb\u00e1n G\u00e1bor, a Nemzetgazdas\u00e1gi Miniszt\u00e9rium (NGM) ad\u00f3- \u00e9s p\u00e9nz\u00fcgyek\u00e9rt felel\u0151s \u00e1llamtitk\u00e1ra cs\u00fct\u00f6rt\u00f6k\u00f6n Budapesten sajt\u00f3t\u00e1j\u00e9koztat\u00f3n.<!--more--><\/strong><\/p>\n<p>Az \u00e1llamtitk\u00e1r sz\u00f3lt arr\u00f3l is, hogy a P\u00e9nz\u00fcgyi Szeml\u00e9ben e t\u00e9m\u00e1ban megjelent tanulm\u00e1ny meg\u00e1llap\u00edt\u00e1sai f\u0151k\u00e9nt m\u00f3dszertani okokb\u00f3l f\u00e9lrevezet\u0151ek, hiszen a j\u00f6vedelmi helyzet vizsg\u00e1lata sor\u00e1n a szerz\u0151k nem t\u00e9rtek ki a h\u00e1ztart\u00e1si jellemz\u0151kre, sz\u00e1mos int\u00e9zked\u00e9st figyelmen k\u00edv\u00fcl hagytak, \u00e9s nem vett\u00e9k figyelembe az \u00e9rintettek ad\u00f3v\u00e1ltoz\u00e1sokra adott reakci\u00f3it sem.<br \/>\nA Virov\u00e1cz P\u00e9ter \u00e9s T\u00f3th G. Csaba \u00e1ltal jegyzett tanulm\u00e1nyban t\u00f6bbek k\u00f6z\u00f6tt arr\u00f3l \u00edrtak a szerz\u0151k, hogy az egykulcsos szja bevezet\u00e9s\u00e9b\u0151l a legt\u00f6bbet a legjobban keres\u0151, gyermektelen ad\u00f3z\u00f3k nyert\u00e9k, az \u00e1tlagb\u00e9r alatt keres\u0151k vesztesei voltak az int\u00e9zked\u00e9snek.<br \/>\nAz \u00e1llamtitk\u00e1r szerint a tanulm\u00e1ny egyik legl\u00e9nyegesebb t\u00e9ved\u00e9se, hogy a szem\u00e9lyi j\u00f6vedelemad\u00f3 (szja) rendszer 2010 \u00e9s 2013 k\u00f6z\u00f6tt v\u00e9gbemen\u0151 \u00e1talak\u00edt\u00e1s\u00e1t az szja-bevall\u00e1sok szerinti egy\u00e9ni j\u00f6vedelem-eloszl\u00e1son vizsg\u00e1lja. Ezzel az a probl\u00e9ma, hogy nem csal\u00e1dban, h\u00e1ztart\u00e1sban gondolkodik, \u00e9s ez\u00e9rt az egy\u00e9n j\u00f6vedelm\u00e9nek vizsg\u00e1lata sor\u00e1n figyelmen k\u00edv\u00fcl hagyja a t\u00f6bbi csal\u00e1dtag j\u00f6vedelmi helyzet\u00e9t, illetve az eltartottak sz\u00e1m\u00e1t.<br \/>\nEgy\u00e1ltal\u00e1n nem sz\u00e1moltak a tanulm\u00e1nyban az elm\u00falt \u00e9vekben v\u00e9gbement b\u00e9rn\u00f6veked\u00e9ssel sem, pedig a K\u00f6zponti Statisztikai Hivatal (KSH) adatai szerint 2010 \u00e9s 2013 k\u00f6z\u00f6tt 14 sz\u00e1zal\u00e9kkal emelkedett a brutt\u00f3 \u00e1tlagkereset, \u00e9s a csal\u00e1di kedvezm\u00e9nynek k\u00f6sz\u00f6nhet\u0151en pedig 17,8 sz\u00e1zal\u00e9kkal n\u0151tt a nett\u00f3 \u00e1tlagkereset Magyarorsz\u00e1gon.<br \/>\nOrb\u00e1n G\u00e1bor szerint hiba figyelmen k\u00edv\u00fcl hagyni a munkahelyv\u00e9delmi akci\u00f3 keret\u00e9ben bevezetett munk\u00e1ltat\u00f3i kedvezm\u00e9nyeket, amelyek a legink\u00e1bb kiszolg\u00e1ltatott munkav\u00e1llal\u00f3k ad\u00f3terheinek cs\u00f6kken\u00e9s\u00e9t eredm\u00e9nyezt\u00e9k. Egy m\u00e1sik t\u00e9vhit, hogy a minim\u00e1lb\u00e9rre bejelentett munkav\u00e1llal\u00f3k t\u00f6bbs\u00e9ge szeg\u00e9ny: val\u00f3j\u00e1ban m\u00e1sodik-harmadik keres\u0151 egy k\u00f6zepes vagy magas j\u00f6vedelm\u0171 h\u00e1ztart\u00e1sban &#8211; fejtette ki az \u00e1llamtitk\u00e1r. Hozz\u00e1f\u0171zte, hogy ez\u00e9rt az ad\u00f3j\u00f3v\u00e1\u00edr\u00e1s elt\u00f6rl\u00e9se kapcs\u00e1n kijelenthet\u0151, hogy annak teljes \u00f6sszeg\u00e9re sok esetben a magasabb j\u00f6vedelm\u0171 csal\u00e1dokban \u00e9l\u0151k voltak a jogosultak, \u00edgy nagyr\u00e9szt nem \u00e9rhetett c\u00e9lba az ad\u00f3rendszeren kereszt\u00fcl ny\u00fajtott t\u00e1mogat\u00e1s.<br \/>\n&#8222;Az egykulcsos rendszer kritikusai azt is el\u0151szeretettel elfelejtik megeml\u00edteni&#8221;, hogy 2013-t\u00f3l megsz\u0171nt a kimondottan a legmagasabb j\u00f6vedelm\u0171eknek kedvez\u0151 munkav\u00e1llal\u00f3i nyugd\u00edjj\u00e1rul\u00e9k-plafon int\u00e9zm\u00e9nye, amelynek k\u00f6vetkezt\u00e9ben nem csup\u00e1n az szja-rendszer, de a j\u00e1rul\u00e9krendszer is line\u00e1riss\u00e1 v\u00e1lt &#8211; mondta.<br \/>\nOrb\u00e1n G\u00e1bor hangs\u00falyozta: a csal\u00e1di ad\u00f3kedvezm\u00e9ny egy\u00e9ni j\u00e1rul\u00e9kokra val\u00f3, 2014-t\u0151l esed\u00e9kes kiterjeszt\u00e9se \u00e9ves szinten tov\u00e1bbi 53 milli\u00e1rd forintot hagy a csal\u00e1dokn\u00e1l, ez pedig egy\u00e9rtelm\u0171en hozz\u00e1j\u00e1rul a fogyaszt\u00f3i bizalom er\u0151s\u00f6d\u00e9s\u00e9hez, a n\u00f6veked\u00e9s beindul\u00e1s\u00e1hoz.<br \/>\nA jelenlegi rendszerben az ad\u00f3z\u00f3k fels\u0151 20 sz\u00e1zal\u00e9ka fizeti a szem\u00e9lyi j\u00f6vedelemad\u00f3 mintegy 60 sz\u00e1zal\u00e9k\u00e1t, teh\u00e1t az ad\u00f3 t\u00f6bbs\u00e9g\u00e9t jelenleg is a j\u00f3m\u00f3dban \u00e9l\u0151k fizetik, nem ebben van a v\u00e1ltoz\u00e1s l\u00e9nyege &#8211; h\u00edvta fel a figyelmet. Az ad\u00f3kulcsok kor\u00e1bbi kiugr\u00f3an magas m\u00e9rt\u00e9ke a m\u00faltban az \u00e9rintett r\u00e9teg teljes\u00edtm\u00e9ny\u00e9nek visszafog\u00e1s\u00e1t, a j\u00f6vedelm\u00fck eltitkol\u00e1s\u00e1t vagy extr\u00e9m esetben ak\u00e1r az orsz\u00e1g elhagy\u00e1s\u00e1t eredm\u00e9nyezte &#8211; fejtette ki Orb\u00e1n G\u00e1bor.<br \/>\nKiemelte: a 2011 el\u0151tti ad\u00f3rendszer kifejezetten b\u00fcntette a gazdas\u00e1gi szerepl\u0151k teljes\u00edtm\u00e9ny\u00e9t, eredm\u00e9nyeit \u00e9s t\u00fal sokat k\u00f6vetelt a leg\u00e1lisan munk\u00e1t v\u00e1llal\u00f3 polg\u00e1rokt\u00f3l, r\u00e1ad\u00e1sul &#8222;t\u00f6megek el\u0151tt t\u00e1rta nagyra az ad\u00f3csal\u00e1s kapuj\u00e1t&#8221;. A r\u00e9gi rendelkez\u00e9sek nem t\u00f6r\u0151dtek a munkahelyteremt\u00e9s fontoss\u00e1g\u00e1val, \u00e9s nem vett\u00e9k figyelembe a gyermeknevel\u00e9s k\u00f6lts\u00e9geit, \u00edgy b\u00fcntett\u00e9k a gyermekv\u00e1llal\u00e1st &#8211; mondta Orb\u00e1n G\u00e1bor.<br \/>\nEz\u00e9rt a korm\u00e1ny ad\u00f3reform programja olyan ad\u00f3rendszeri v\u00e1ltoz\u00e1sokat hozott, amelyek f\u00f3kusz\u00e1ban a munka \u00e9s a csal\u00e1dok megbecs\u00fcl\u00e9se \u00e1ll, egy\u00fattal m\u00e9rs\u00e9kli a munkav\u00e1llal\u00f3k \u00e9s a v\u00e1llalkoz\u00e1sok ad\u00f3terheit. A tapasztalatok alapj\u00e1n kimondhat\u00f3, hogy a gazdas\u00e1gi v\u00e1ls\u00e1gban az egykulcsos szem\u00e9lyi j\u00f6vedelemad\u00f3nak k\u00f6sz\u00f6nhet\u0151, hogy nem volt komolyabb visszaes\u00e9s a hazai keresletben, s\u0151t meg tudott indulni a kiskereskedelmi forgalom n\u00f6veked\u00e9se, ez\u00e9rt az \u00faj j\u00f6vedelemad\u00f3-rendszer a n\u00f6veked\u00e9s egyik f\u0151 motorj\u00e1nak tekinthet\u0151 az \u00e1llamtitk\u00e1r szerint.<br \/>\nA korm\u00e1ny els\u0151dleges c\u00e9lja az ad\u00f3rendszer \u00e1talak\u00edt\u00e1s\u00e1val az volt, hogy ne \u00e9rje meg Magyarorsz\u00e1gon sem anyagi, sem erk\u00f6lcsi \u00e9rtelemben az ad\u00f3z\u00e1s megker\u00fcl\u00e9se; ehhez egy \u00e9letszer\u0171, teljes\u00edthet\u0151, munkabar\u00e1t, egyszer\u0171 ad\u00f3rendszert kellett kialak\u00edtani.<br \/>\nAz ad\u00f3rendszer \u00e1talak\u00edt\u00e1sa az elm\u00falt 20 \u00e9v legjelent\u0151sebb ad\u00f3cs\u00f6kkent\u00e9s\u00e9vel biztos\u00edt el\u0151nyt a munk\u00e1t v\u00e1llal\u00f3, gyermeket nevel\u0151 csal\u00e1dok sz\u00e1m\u00e1ra, \u00e9s \u00e9vente mintegy 500 milli\u00e1rd forintot hagyott a lakoss\u00e1gn\u00e1l &#8211; emelte ki Orb\u00e1n G\u00e1bor.<br \/>\nHozz\u00e1f\u0171zte: vitathatatlan, hogy egy ilyen m\u00e9rt\u00e9k\u0171 ad\u00f3cs\u00f6kkent\u00e9s pozit\u00edvan hat a fogyaszt\u00e1sra, egy\u00fattal n\u00f6velve a megtakar\u00edt\u00e1sokat is. A csal\u00e1di kedvezm\u00e9ny a magas fogyaszt\u00e1si hat\u00e1rhajland\u00f3s\u00e1g\u00fa csoportokat juttatta jelent\u0151s t\u00f6bbletj\u00f6vedelemhez, ami elengedhetetlen volt a fogyaszt\u00f3i bizalom helyre\u00e1ll\u00edt\u00e1s\u00e1hoz, amellyel a gazdas\u00e1got siker\u00fclt gyorsul\u00f3 p\u00e1ly\u00e1ra \u00e1ll\u00edtani. A fels\u0151 ad\u00f3kulcs elt\u00f6rl\u00e9s\u00e9nek kedvezm\u00e9nyezettjei pedig j\u00f6vedelm\u00fck magas h\u00e1nyad\u00e1t takar\u00edthatt\u00e1k meg. Mindk\u00e9t hat\u00e1s k\u00f6z\u00f6s jellemz\u0151je, hogy seg\u00edti a gazdas\u00e1gi n\u00f6veked\u00e9st, az el\u0151bbi f\u0151leg r\u00f6vidt\u00e1von, m\u00edg az ut\u00f3bbi hosszabb t\u00e1von hat &#8211; mondta el Orb\u00e1n G\u00e1bor.(MTI)<\/p>\n","protected":false},"excerpt":{"rendered":"<p>Az egykulcsos ad\u00f3rendszer a n\u00f6veked\u00e9s egyik f\u0151 motorja, a komplex j\u00f6vedelemad\u00f3-reformnak k\u00f6sz\u00f6nhet\u0151en Magyarorsz\u00e1gon ism\u00e9t meg\u00e9ri munkahelyet teremteni \u00e9s munk\u00e1t v\u00e1llalni, lehets\u00e9gess\u00e9 v\u00e1lik a munkan\u00e9lk\u00fclis\u00e9gb\u0151l, a gazdas\u00e1gi megtorpan\u00e1sb\u00f3l \u00e9s a demogr\u00e1fiai v\u00e1ls\u00e1gb\u00f3l val\u00f3 kit\u00f6r\u00e9s &#8211; mondta Orb\u00e1n G\u00e1bor, a Nemzetgazdas\u00e1gi Miniszt\u00e9rium (NGM) ad\u00f3- \u00e9s p\u00e9nz\u00fcgyek\u00e9rt felel\u0151s \u00e1llamtitk\u00e1ra cs\u00fct\u00f6rt\u00f6k\u00f6n Budapesten sajt\u00f3t\u00e1j\u00e9koztat\u00f3n.<\/p>\n","protected":false},"author":1,"featured_media":0,"comment_status":"open","ping_status":"closed","sticky":false,"template":"","format":"standard","meta":[],"categories":[20,19],"tags":[],"_links":{"self":[{"href":"https:\/\/gazdasagportal.hu\/index.php\/wp-json\/wp\/v2\/posts\/21713"}],"collection":[{"href":"https:\/\/gazdasagportal.hu\/index.php\/wp-json\/wp\/v2\/posts"}],"about":[{"href":"https:\/\/gazdasagportal.hu\/index.php\/wp-json\/wp\/v2\/types\/post"}],"author":[{"embeddable":true,"href":"https:\/\/gazdasagportal.hu\/index.php\/wp-json\/wp\/v2\/users\/1"}],"replies":[{"embeddable":true,"href":"https:\/\/gazdasagportal.hu\/index.php\/wp-json\/wp\/v2\/comments?post=21713"}],"version-history":[{"count":1,"href":"https:\/\/gazdasagportal.hu\/index.php\/wp-json\/wp\/v2\/posts\/21713\/revisions"}],"predecessor-version":[{"id":21714,"href":"https:\/\/gazdasagportal.hu\/index.php\/wp-json\/wp\/v2\/posts\/21713\/revisions\/21714"}],"wp:attachment":[{"href":"https:\/\/gazdasagportal.hu\/index.php\/wp-json\/wp\/v2\/media?parent=21713"}],"wp:term":[{"taxonomy":"category","embeddable":true,"href":"https:\/\/gazdasagportal.hu\/index.php\/wp-json\/wp\/v2\/categories?post=21713"},{"taxonomy":"post_tag","embeddable":true,"href":"https:\/\/gazdasagportal.hu\/index.php\/wp-json\/wp\/v2\/tags?post=21713"}],"curies":[{"name":"wp","href":"https:\/\/api.w.org\/{rel}","templated":true}]}}