{"id":21711,"date":"2013-11-21T18:41:43","date_gmt":"2013-11-21T17:41:43","guid":{"rendered":"http:\/\/stockportal.hu\/?p=21711"},"modified":"2013-11-21T17:32:37","modified_gmt":"2013-11-21T16:32:37","slug":"gyogyszerpiaci-szereplok-nem-lesz-valsag-a-gyogyszertari-piacon","status":"publish","type":"post","link":"https:\/\/gazdasagportal.hu\/index.php\/gyogyszerpiaci-szereplok-nem-lesz-valsag-a-gyogyszertari-piacon\/","title":{"rendered":"Gy\u00f3gyszerpiaci szerepl\u0151k: nem lesz v\u00e1ls\u00e1g a gy\u00f3gyszert\u00e1ri piacon"},"content":{"rendered":"<p><strong>A gy\u00f3gyszerpiaci szerepl\u0151k \u00fagy v\u00e9lik, nem lesz v\u00e1ls\u00e1g j\u00f6v\u0151re ezen a ter\u00fcleten, ugyanakkor 450-500 patika eset\u00e9ben nincs m\u00e9g meg a janu\u00e1rig megszerzend\u0151 25 sz\u00e1zal\u00e9kos gy\u00f3gyszer\u00e9szi tulajdon &#8211; der\u00fclt ki egy budapesti szakmai konferenci\u00e1n, cs\u00fct\u00f6rt\u00f6k\u00f6n.<!--more--><\/strong><\/p>\n<p>A Napi.hu \u00e1ltal szervezett konferenci\u00e1n Mikola B\u00e1lint, a Mag\u00e1ngy\u00f3gyszer\u00e9szek Orsz\u00e1gos Sz\u00f6vets\u00e9g\u00e9nek (MOSZ) eln\u00f6ke \u00fagy v\u00e9lte, kev\u00e9s id\u0151 \u00e1ll rendelkez\u00e9sre a tulajdonr\u00e9szt k\u00f6telez\u0151v\u00e9 tev\u0151 rendelet ny\u00e1ri megjelen\u00e9se \u00e9s a janu\u00e1ri id\u0151pont k\u00f6z\u00f6tt.<br \/>\nA gy\u00f3gyszer\u00e9szeket t\u00f6m\u00f6r\u00edt\u0151 szervezetek abban egyet\u00e9rtettek, hogy sz\u00fcks\u00e9g volt a gy\u00f3gyszer\u00e9szi tulajdon meger\u0151s\u00edt\u00e9s\u00e9re. Ennek m\u00e9rt\u00e9k\u00e9t Mikola B\u00e1lint mellett kritiz\u00e1lta Zlinszky J\u00e1nos, a H\u00e1l\u00f3zati Gy\u00f3gyszert\u00e1rak Sz\u00f6vets\u00e9g\u00e9nek (HGYSZ) aleln\u00f6ke is.<br \/>\nZlinszky J\u00e1nos a patikai tulajdonl\u00e1sr\u00f3l \u00fagy v\u00e9lekedett, a korm\u00e1ny belek\u00e9nyszer\u00edtette a gy\u00f3gyszer\u00e9szt\u00e1rsadalmat a tulajdoni h\u00e1nyad n\u00f6vel\u00e9s\u00e9be. Szerinte nem a 25 sz\u00e1zal\u00e9kos patikai tulajdonr\u00e9sz el\u00e9r\u00e9se lesz neh\u00e9z, sokkal ink\u00e1bb a 2017-re teljes\u00edtend\u0151 50 sz\u00e1zal\u00e9k. Mint mondta, aki most hitelt k\u00e9nyszer\u00fcl felvenni az\u00e9rt, hogy a 25 sz\u00e1zal\u00e9kos tulajdonr\u00e9szt megszerezze, 2017-ig nem fogja tudni t\u00f6rleszteni azt.<br \/>\nA gy\u00f3gyszergy\u00e1rt\u00f3i \u00fagynevezett vaklicit rendszer\u00e9t is kifog\u00e1solta a MOSZ \u00e9s a HGYSZ eln\u00f6ke. \u00dagy v\u00e9lt\u00e9k, a negyed\u00e9vente lezajl\u00f3 \u00e1rverseny 100-150 ezer forint kies\u00e9st okoz a patik\u00e1knak.<br \/>\nMikola B\u00e1lint szerint egyoldal\u00fa a korm\u00e1nyzati t\u00e1j\u00e9koztat\u00e1s a betegterheket illet\u0151en. Mint mondta, igaz, hogy az \u00e1rverseny k\u00f6vetkezt\u00e9ben kevesebbet kell fizetni egyes gy\u00f3gyszerek\u00e9rt a patik\u00e1kban, azonban ugyanezen elj\u00e1r\u00e1sban sz\u00e1mos k\u00e9sz\u00edtm\u00e9ny kiker\u00fcl a t\u00e1mogatott k\u00f6rb\u0151l \u00e9s emelkedik az \u00e1ruk.<br \/>\nHank\u00f3 Zolt\u00e1n, a Magyar Gy\u00f3gyszer\u00e9szi Kamara eln\u00f6ke besz\u00e1mol\u00f3ja szerint 2010-ben 2451 patika m\u0171k\u00f6d\u00f6tt, 2013-ra sz\u00e1muk 2334-re cs\u00f6kkent. A vesztes\u00e9ges gy\u00f3gyszert\u00e1rak sz\u00e1ma 559-r\u0151l 300 al\u00e1 cs\u00f6kkent.(MTI)<\/p>\n","protected":false},"excerpt":{"rendered":"<p>A gy\u00f3gyszerpiaci szerepl\u0151k \u00fagy v\u00e9lik, nem lesz v\u00e1ls\u00e1g j\u00f6v\u0151re ezen a ter\u00fcleten, ugyanakkor 450-500 patika eset\u00e9ben nincs m\u00e9g meg a janu\u00e1rig megszerzend\u0151 25 sz\u00e1zal\u00e9kos gy\u00f3gyszer\u00e9szi tulajdon &#8211; der\u00fclt ki egy budapesti szakmai konferenci\u00e1n, cs\u00fct\u00f6rt\u00f6k\u00f6n.<\/p>\n","protected":false},"author":1,"featured_media":0,"comment_status":"open","ping_status":"closed","sticky":false,"template":"","format":"standard","meta":[],"categories":[19],"tags":[],"_links":{"self":[{"href":"https:\/\/gazdasagportal.hu\/index.php\/wp-json\/wp\/v2\/posts\/21711"}],"collection":[{"href":"https:\/\/gazdasagportal.hu\/index.php\/wp-json\/wp\/v2\/posts"}],"about":[{"href":"https:\/\/gazdasagportal.hu\/index.php\/wp-json\/wp\/v2\/types\/post"}],"author":[{"embeddable":true,"href":"https:\/\/gazdasagportal.hu\/index.php\/wp-json\/wp\/v2\/users\/1"}],"replies":[{"embeddable":true,"href":"https:\/\/gazdasagportal.hu\/index.php\/wp-json\/wp\/v2\/comments?post=21711"}],"version-history":[{"count":1,"href":"https:\/\/gazdasagportal.hu\/index.php\/wp-json\/wp\/v2\/posts\/21711\/revisions"}],"predecessor-version":[{"id":21712,"href":"https:\/\/gazdasagportal.hu\/index.php\/wp-json\/wp\/v2\/posts\/21711\/revisions\/21712"}],"wp:attachment":[{"href":"https:\/\/gazdasagportal.hu\/index.php\/wp-json\/wp\/v2\/media?parent=21711"}],"wp:term":[{"taxonomy":"category","embeddable":true,"href":"https:\/\/gazdasagportal.hu\/index.php\/wp-json\/wp\/v2\/categories?post=21711"},{"taxonomy":"post_tag","embeddable":true,"href":"https:\/\/gazdasagportal.hu\/index.php\/wp-json\/wp\/v2\/tags?post=21711"}],"curies":[{"name":"wp","href":"https:\/\/api.w.org\/{rel}","templated":true}]}}