{"id":21709,"date":"2013-11-21T20:30:37","date_gmt":"2013-11-21T19:30:37","guid":{"rendered":"http:\/\/stockportal.hu\/?p=21709"},"modified":"2013-11-21T17:31:21","modified_gmt":"2013-11-21T16:31:21","slug":"megvalasztottak-magyarorszag-elso-berugyviteli-bajnokat","status":"publish","type":"post","link":"https:\/\/gazdasagportal.hu\/index.php\/megvalasztottak-magyarorszag-elso-berugyviteli-bajnokat\/","title":{"rendered":"Megv\u00e1lasztott\u00e1k Magyarorsz\u00e1g els\u0151 B\u00e9r\u00fcgyviteli Bajnok\u00e1t"},"content":{"rendered":"<p><strong>Lez\u00e1rult a j\u00faniusban meghirdetett, els\u0151 magyarorsz\u00e1gi b\u00e9rsz\u00e1mfejt\u0151 verseny, cs\u00fct\u00f6rt\u00f6k\u00f6n kihirdett\u00e9k a t\u00edz legjobb b\u00e9rsz\u00e1mfejt\u0151 n\u00e9vsor\u00e1t, a B\u00e9r\u00fcgyvitel Bajnoka c\u00edmet F\u00fcleki Magdolna nyerte el a Nemzeti Ad\u00f3- \u00e9s V\u00e1mhivatal (NAV), a Budapesti Gazdas\u00e1gi F\u0151iskola (BGF) \u00e9s a NEXON \u00e1ltal szervezett szakmai versenyen.<!--more--><\/strong><\/p>\n<p>B\u00e1r a munkab\u00e9rek kifizet\u00e9s\u00e9nek ak\u00e1r egy-k\u00e9t napos cs\u00fasz\u00e1sa c\u00edmlapokra k\u00e9pes rep\u00edteni egy c\u00e9get, azt a b\u00e9rsz\u00e1mfejt\u0151k\u00f6n k\u00edv\u00fcl kevesen tudj\u00e1k, hogy az ad\u00f3k \u00e9s j\u00e1rul\u00e9kok ter\u00fclet\u00e9n a m\u00e1r megl\u00e9v\u0151 rendk\u00edv\u00fcl \u00f6sszetett rendelkez\u00e9sek mellett is szinte havonta sz\u00fcletik egy-egy \u00fajabb jogszab\u00e1ly, m\u00f3dos\u00edt\u00e1s. A b\u00e9r\u00fcgyviteli szakembereknek emellett a hum\u00e1n\u00fcgyvitelt \u00e9rint\u0151 \u00e9vi 10-12 t\u00f6rv\u00e9nym\u00f3dos\u00edt\u00f3 csomag t\u00f6bb sz\u00e1z v\u00e1ltoz\u00e1s\u00e1hoz is szinte azonnal kell tudniuk alkalmazkodni, mik\u00f6zben a sz\u00e1mfejt\u00e9sben \u00e9s a k\u00f6telez\u0151 hat\u00f3s\u00e1gi adatszolg\u00e1ltat\u00e1sokban elk\u00f6vetett t\u00e9ved\u00e9sek\u00e9rt esetenk\u00e9nt ak\u00e1r sok milli\u00f3 forintos b\u00fcntet\u00e9st r\u00f3nak ki a v\u00e1llalatokra &#8211; ismertetik k\u00f6zlem\u00e9ny\u00fckben a verseny szervez\u0151i.<br \/>\nA 2013 j\u00fanius\u00e1ban meghirdetett els\u0151 b\u00e9rsz\u00e1mfejt\u0151 versenyt az\u00e9rt hirdette meg NAV, a BGF \u00e9s a Nexon, hogy a b\u00e9rsz\u00e1mfejt\u00e9s szakmai preszt\u00edzse \u00e9s gazdas\u00e1gi, v\u00e1llalatir\u00e1ny\u00edt\u00e1si jelent\u0151s\u00e9ge javulhasson. A szervez\u0151k c\u00e9lja, hogy a verseny legjobb 100 r\u00e9sztvev\u0151je sz\u00e1m\u00e1ra \u00e1tadott elismer\u0151 tan\u00fas\u00edtv\u00e1ny orsz\u00e1gosan elismert \u00e9rt\u00e9ket jelentsen a hazai munkaer\u0151piacon.<br \/>\nA kezdetben \u00f6tsz\u00e1z nevez\u0151vel indult, majd id\u0151vel mintegy nyolcsz\u00e1z f\u0151sre duzzadt bajnoks\u00e1g els\u0151 f\u00e1zisa n\u00e9gy feladatsorb\u00f3l \u00e1llt, melyeket a NEXON e-learning keretrendszer\u00e9ben havonta oldottak meg a versenyz\u0151k. A verseny z\u00e1r\u00f3akkordja a november 14-\u00e9n megtartott d\u00f6nt\u0151 volt &#8211; ez\u00fattal m\u00e1r a versenyz\u0151k szem\u00e9lyes r\u00e9szv\u00e9tele mellett.<br \/>\nA NEXON \u00e1ltal biztos\u00edtott brutt\u00f3 k\u00e9tmilli\u00f3 forint \u00f6sszd\u00edjaz\u00e1s\u00fa bajnoks\u00e1g nyertesei p\u00e9nzbeli, valamint t\u00e1rgyi jutalomban r\u00e9szes\u00fcltek. Azoknak, akik szakir\u00e1ny\u00fa fels\u0151oktat\u00e1si int\u00e9zm\u00e9nyek hallgat\u00f3i \u00e9s kiemelked\u0151 eredm\u00e9nyt \u00e9rnek el a versenyben, a NEXON \u00f6szt\u00f6nd\u00edjat, tov\u00e1bb\u00e1 f\u00e9l\u00e9ves gyakornoki munkahelyet biztos\u00edt. A bajnoks\u00e1gban legt\u00f6bb pontsz\u00e1mot el\u00e9r\u0151 sz\u00e1z r\u00e9sztvev\u0151 emellett a NAV, a BGF \u00e9s a NEXON k\u00e9pvisel\u0151i \u00e1ltal al\u00e1\u00edrt, szakmai kiv\u00e1l\u00f3s\u00e1got igazol\u00f3 tan\u00fas\u00edtv\u00e1nyt kap.(MTI)<\/p>\n","protected":false},"excerpt":{"rendered":"<p>Lez\u00e1rult a j\u00faniusban meghirdetett, els\u0151 magyarorsz\u00e1gi b\u00e9rsz\u00e1mfejt\u0151 verseny, cs\u00fct\u00f6rt\u00f6k\u00f6n kihirdett\u00e9k a t\u00edz legjobb b\u00e9rsz\u00e1mfejt\u0151 n\u00e9vsor\u00e1t, a B\u00e9r\u00fcgyvitel Bajnoka c\u00edmet F\u00fcleki Magdolna nyerte el a Nemzeti Ad\u00f3- \u00e9s V\u00e1mhivatal (NAV), a Budapesti Gazdas\u00e1gi F\u0151iskola (BGF) \u00e9s a NEXON \u00e1ltal szervezett szakmai versenyen.<\/p>\n","protected":false},"author":1,"featured_media":0,"comment_status":"open","ping_status":"closed","sticky":false,"template":"","format":"standard","meta":[],"categories":[19],"tags":[],"_links":{"self":[{"href":"https:\/\/gazdasagportal.hu\/index.php\/wp-json\/wp\/v2\/posts\/21709"}],"collection":[{"href":"https:\/\/gazdasagportal.hu\/index.php\/wp-json\/wp\/v2\/posts"}],"about":[{"href":"https:\/\/gazdasagportal.hu\/index.php\/wp-json\/wp\/v2\/types\/post"}],"author":[{"embeddable":true,"href":"https:\/\/gazdasagportal.hu\/index.php\/wp-json\/wp\/v2\/users\/1"}],"replies":[{"embeddable":true,"href":"https:\/\/gazdasagportal.hu\/index.php\/wp-json\/wp\/v2\/comments?post=21709"}],"version-history":[{"count":1,"href":"https:\/\/gazdasagportal.hu\/index.php\/wp-json\/wp\/v2\/posts\/21709\/revisions"}],"predecessor-version":[{"id":21710,"href":"https:\/\/gazdasagportal.hu\/index.php\/wp-json\/wp\/v2\/posts\/21709\/revisions\/21710"}],"wp:attachment":[{"href":"https:\/\/gazdasagportal.hu\/index.php\/wp-json\/wp\/v2\/media?parent=21709"}],"wp:term":[{"taxonomy":"category","embeddable":true,"href":"https:\/\/gazdasagportal.hu\/index.php\/wp-json\/wp\/v2\/categories?post=21709"},{"taxonomy":"post_tag","embeddable":true,"href":"https:\/\/gazdasagportal.hu\/index.php\/wp-json\/wp\/v2\/tags?post=21709"}],"curies":[{"name":"wp","href":"https:\/\/api.w.org\/{rel}","templated":true}]}}