{"id":2168,"date":"2013-02-06T11:33:29","date_gmt":"2013-02-06T10:33:29","guid":{"rendered":"http:\/\/stockportal.hu\/?p=2168"},"modified":"2013-02-06T11:33:29","modified_gmt":"2013-02-06T10:33:29","slug":"mali-hamarosan-megkezdodik-a-francia-csapatkivonas-osszecsapasok-az-iszlamistakkal","status":"publish","type":"post","link":"https:\/\/gazdasagportal.hu\/index.php\/mali-hamarosan-megkezdodik-a-francia-csapatkivonas-osszecsapasok-az-iszlamistakkal\/","title":{"rendered":"Mali &#8211; Hamarosan megkezd\u0151dik a francia csapatkivon\u00e1s, \u00f6sszecsap\u00e1sok az iszlamist\u00e1kkal"},"content":{"rendered":"<p><strong>Nem fog tov\u00e1bb n\u00f6vekedni a Maliban \u00e1llom\u00e1soz\u00f3 francia katon\u00e1k sz\u00e1ma, ami el\u00e9rte a maxim\u00e1lis 4 ezret, s kivon\u00e1suk viszonylag gyorsan, n\u00e9h\u00e1ny h\u00e9t m\u00falva meg fog megkezd\u0151dni &#8211; k\u00f6z\u00f6lte szerd\u00e1n a francia v\u00e9delmi miniszter.<!--more--><\/strong><\/p>\n<p>Jean-Yves Le Drian az Europe 1 kereskedelmi r\u00e1di\u00f3ban elmondta: &#8222;Jelenleg 4 ezer francia katona van Maliban, ehhez j\u00f6n m\u00e9g 4 ezer afrikai. A francia katonai jelenl\u00e9tet viszonylag gyorsan fel fogja v\u00e1ltani az afrikai katonai jelenl\u00e9t.&#8221;<br \/>\nHozz\u00e1tette: &#8222;A maximumon vagyunk, enn\u00e9l feljebb m\u00e1r nem megy\u00fcnk. Amint a staf\u00e9tabot \u00e1tad\u00e1sa megt\u00f6rt\u00e9nt, megkezdj\u00fck a cs\u00f6kkent\u00e9st&#8221;.<br \/>\nA 4 ezer majdnem dupl\u00e1ja annak, amit P\u00e1rizs az intervenci\u00f3 kezdetekor tervezett \u00e9s bejelentetett. Franciaorsz\u00e1g egy\u00e9bk\u00e9nt \u00f6sszesen ennyi katon\u00e1t k\u00fcld\u00f6tt Afganiszt\u00e1nba is, sz\u00e1muk 2010 okt\u00f3ber\u00e9ben \u00e9rte el a 4 ezret.<br \/>\nAz id\u0151pont pontos megjel\u00f6l\u00e9se n\u00e9lk\u00fcl Le Drian jelezte: a francia csapatkivon\u00e1s &#8222;n\u00e9h\u00e1ny h\u00e9t m\u00falva&#8221; megkezd\u0151dhet. Laurent Fabius k\u00fcl\u00fcgyminiszter kedden azt mondta: elk\u00e9pzelhet\u0151, hogy a francia er\u0151k m\u00e1r m\u00e1rciusban elkezdenek kivonulni Malib\u00f3l, \u00e9s \u00e1tadj\u00e1k a feladatot az afrikai er\u0151knek.<br \/>\nA v\u00e9delmi miniszter azt is elmondta, hogy kedden a Mali \u00e9szaki r\u00e9sz\u00e9n tal\u00e1lhat\u00f3 Gao k\u00f6rny\u00e9k\u00e9n a francia \u00e9s mali katon\u00e1k &#8222;\u00f6sszet\u0171z\u00e9sekbe&#8221; keveredtek iszlamista csoportokkal.<br \/>\nGao v\u00e1ros\u00e1t a mali \u00e9s a francia hadsereg m\u00e1r kor\u00e1bban visszafoglalta a sz\u00e9ls\u0151s\u00e9ges, fegyveres iszlamist\u00e1kt\u00f3l. A v\u00e1ros k\u00f6r\u00fcl j\u00e1r\u0151r\u00f6z\u0151 francia-mali katonai alakulatok azonban &#8222;m\u00e9g tal\u00e1lkoznak ott maradt iszlamista csoportokkal, amelyek harcolnak&#8221; hangs\u00falyozta Le Drian.<br \/>\nA miniszter el\u0151sz\u00f6r tett eml\u00edt\u00e9st arr\u00f3l, hogy frontharcokra is sor ker\u00fclt Maliban az iszlamist\u00e1k \u00e9s a francia katon\u00e1k k\u00f6z\u00f6tt. A h\u00edrad\u00e1sok kor\u00e1bban arr\u00f3l sz\u00f3ltak, hogy a francia l\u00e9gicsap\u00e1sokat k\u00f6vet\u0151en az iszlamist\u00e1k \u00e9szak fel\u00e9 elmenek\u00fcltek a sz\u00e1razf\u00f6ld\u00f6n \u00e9rkez\u0151 mali \u00e9s francia katon\u00e1k el\u00f6l, akik ellen\u00e1ll\u00e1s n\u00e9lk\u00fcl vonultak be az \u00e9szaki v\u00e1rosokba.<br \/>\n&#8222;Gao t\u00e9rs\u00e9g\u00e9ben a dzsih\u00e1dista csoportok rak\u00e9t\u00e1kat l\u0151ttek ki. Val\u00f3di h\u00e1bor\u00fa zajlik. Amikor visszafoglaltuk Ga\u00f3t, akkor is voltak harcok&#8221; &#8211; hangs\u00falyozta Le Drian.<br \/>\nEgy fegyveres iszlamista csoport kedden este bejelentette, hogy megt\u00e1madta a francia \u00e9s az afrikai katon\u00e1k \u00e1ll\u00e1sait Ga\u00f3n\u00e1l, ezt azonban a nyugat-afrikai er\u0151k c\u00e1folt\u00e1k.<br \/>\nA miniszter jelezte: &#8222;van n\u00e9h\u00e1ny francia sebes\u00fclt, de viszonylag k\u00f6nnyen s\u00e9r\u00fcltek&#8221;. Eml\u00e9keztetett arra, hogy a harcok els\u0151 \u00f3r\u00e1iban, h\u00e1rom h\u00e9ttel ezel\u0151tt egy francia katona meghalt, \u0151 egy lel\u0151tt helikopter vezet\u0151je volt.<br \/>\nHozz\u00e1tette: &#8222;A dzsih\u00e1dist\u00e1k oldal\u00e1n jelent\u0151sek a vesztes\u00e9gek, de nem fogok k\u00f6nyvel\u00e9st k\u00e9sz\u00edteni. De igazi h\u00e1bor\u00fa volt, jelent\u0151s vesztes\u00e9gekkel.&#8221;<br \/>\nKedden a v\u00e9delmi miniszt\u00e9rium azt k\u00f6z\u00f6lte: t\u00f6bb sz\u00e1z iszlamista halt meg janu\u00e1r 11. \u00f3ta Maliban a Konna \u00e9s Gao v\u00e1rosokat \u00e9rt francia l\u00e9gi csap\u00e1sokban \u00e9s sz\u00e1razf\u00f6ldi frontharcokban. Le Drian akkor azt mondta, hogy k\u00e9t-h\u00e1rom k\u00f6nnyebb sebes\u00fcltje van a francia er\u0151knek. Szerd\u00e1n viszont nem pontos\u00edtotta, hogy a francia hadseregnek \u00fajabb sebes\u00fcltjei vannak, vagy pedig a kor\u00e1bbiakr\u00f3l tett ism\u00e9t eml\u00edt\u00e9st. (MTI)<\/p>\n","protected":false},"excerpt":{"rendered":"<p>Nem fog tov\u00e1bb n\u00f6vekedni a Maliban \u00e1llom\u00e1soz\u00f3 francia katon\u00e1k sz\u00e1ma, ami el\u00e9rte a maxim\u00e1lis 4 ezret, s kivon\u00e1suk viszonylag gyorsan, n\u00e9h\u00e1ny h\u00e9t m\u00falva meg fog megkezd\u0151dni &#8211; k\u00f6z\u00f6lte szerd\u00e1n a francia v\u00e9delmi miniszter.<\/p>\n","protected":false},"author":1,"featured_media":1809,"comment_status":"closed","ping_status":"closed","sticky":false,"template":"","format":"standard","meta":[],"categories":[12,16],"tags":[],"_links":{"self":[{"href":"https:\/\/gazdasagportal.hu\/index.php\/wp-json\/wp\/v2\/posts\/2168"}],"collection":[{"href":"https:\/\/gazdasagportal.hu\/index.php\/wp-json\/wp\/v2\/posts"}],"about":[{"href":"https:\/\/gazdasagportal.hu\/index.php\/wp-json\/wp\/v2\/types\/post"}],"author":[{"embeddable":true,"href":"https:\/\/gazdasagportal.hu\/index.php\/wp-json\/wp\/v2\/users\/1"}],"replies":[{"embeddable":true,"href":"https:\/\/gazdasagportal.hu\/index.php\/wp-json\/wp\/v2\/comments?post=2168"}],"version-history":[{"count":1,"href":"https:\/\/gazdasagportal.hu\/index.php\/wp-json\/wp\/v2\/posts\/2168\/revisions"}],"predecessor-version":[{"id":2169,"href":"https:\/\/gazdasagportal.hu\/index.php\/wp-json\/wp\/v2\/posts\/2168\/revisions\/2169"}],"wp:featuredmedia":[{"embeddable":true,"href":"https:\/\/gazdasagportal.hu\/index.php\/wp-json\/wp\/v2\/media\/1809"}],"wp:attachment":[{"href":"https:\/\/gazdasagportal.hu\/index.php\/wp-json\/wp\/v2\/media?parent=2168"}],"wp:term":[{"taxonomy":"category","embeddable":true,"href":"https:\/\/gazdasagportal.hu\/index.php\/wp-json\/wp\/v2\/categories?post=2168"},{"taxonomy":"post_tag","embeddable":true,"href":"https:\/\/gazdasagportal.hu\/index.php\/wp-json\/wp\/v2\/tags?post=2168"}],"curies":[{"name":"wp","href":"https:\/\/api.w.org\/{rel}","templated":true}]}}