{"id":21676,"date":"2013-11-21T13:59:47","date_gmt":"2013-11-21T12:59:47","guid":{"rendered":"http:\/\/stockportal.hu\/?p=21676"},"modified":"2013-11-21T13:59:47","modified_gmt":"2013-11-21T12:59:47","slug":"kozel-a-cegek-felet-erinti-a-jovo-marcius-15-ei-kotelezo-torzstoke-emeles","status":"publish","type":"post","link":"https:\/\/gazdasagportal.hu\/index.php\/kozel-a-cegek-felet-erinti-a-jovo-marcius-15-ei-kotelezo-torzstoke-emeles\/","title":{"rendered":"K\u00f6zel a c\u00e9gek fel\u00e9t \u00e9rinti a j\u00f6v\u0151 m\u00e1rcius 15.ei k\u00f6telez\u0151 t\u00f6rzst\u0151ke-emel\u00e9s"},"content":{"rendered":"<p><strong>T\u00f6bb mint k\u00e9tsz\u00e1zezer hazai kft-t &#8211; nagyj\u00e1b\u00f3l az \u00f6sszes rendben m\u0171k\u00f6d\u0151 c\u00e9g fel\u00e9t &#8211; \u00e9rinti a j\u00f6v\u0151 m\u00e1rcius 15-\u00e9n \u00e9letbe l\u00e9p\u0151 \u00faj Polg\u00e1ri T\u00f6rv\u00e9nyk\u00f6nyv (Ptk.) t\u00f6rzst\u0151ke k\u00f6vetelm\u00e9nyre\u00a0\u00a0vonatkoz\u00f3 v\u00e1ltoz\u00e1sa &#8211; der\u00fcl ki a C\u00e9ginfo.hu \u00e1ltal cs\u00fct\u00f6rt\u00f6k\u00f6n k\u00f6z\u00f6lt adataib\u00f3l.<!--more--><\/strong><\/p>\n<p>A c\u00e9ginform\u00e1ci\u00f3s szolg\u00e1ltat\u00e1s MTI-hez eljuttatott k\u00f6zlem\u00e9nye eml\u00e9keztet: a k\u00f6telez\u0151 t\u00f6rzst\u0151ke emel\u00e9sr\u0151l sz\u00f3l\u00f3 morat\u00f3riumot tartalmaz\u00f3 t\u00f6rv\u00e9nyt id\u00e9n okt\u00f3ber 28-\u00e1n fogadt\u00e1k el a Parlamentben, mindezek alapj\u00e1n a Ptk. hat\u00e1lyba l\u00e9p\u00e9s\u00e9t\u0151l m\u00e9g k\u00e9t \u00e9v hat\u00e1rid\u0151t adnak a kft-knek a t\u00f6rzst\u0151ke 3 milli\u00f3 forintra emel\u00e9s\u00e9re, azonban sokakn\u00e1l m\u00e1r 2014-ben aktu\u00e1lis lesz az \u00faj elv\u00e1r\u00e1sok teljes\u00edt\u00e9se.<br \/>\nAz \u00faj szab\u00e1ly szerint a kft-knek 2016. m\u00e1rcius 15-ig kell k\u00f6telez\u0151en megemelni\u00fck a t\u00f6rzst\u0151k\u00e9j\u00fcket 3 milli\u00f3 forintra, a jegyzett t\u0151ke emel\u00e9se azonban 2014. m\u00e1rcius 15. ut\u00e1n egyb\u0151l esed\u00e9kess\u00e9 v\u00e1lik, ha valaki t\u00e1rsas\u00e1gi okiratot m\u00f3dos\u00edt, \u00e9s azt beny\u00fajtja a C\u00e9gb\u00edr\u00f3s\u00e1gra. Azaz a t\u00f6rzst\u0151ke emel\u00e9s n\u00e9lk\u00fcl nem tudj\u00e1k a c\u00e9gjegyz\u00e9ken a c\u00e9gek \u00e1tvezetni p\u00e9ld\u00e1ul az \u00fczletr\u00e9sz \u00e9rt\u00e9kes\u00edt\u00e9st, \u00fcgyvezet\u0151 v\u00e1ltoz\u00e1st, sz\u00e9khelyv\u00e1ltoz\u00e1st, telephelyv\u00e1ltoz\u00e1st. A 3 milli\u00f3 forint jegyzett t\u0151k\u00e9re emel\u00e9s n\u00e9lk\u00fcl v\u00e9lhet\u0151en vagy elutas\u00edtja a c\u00e9gb\u00edr\u00f3s\u00e1g a v\u00e1ltoz\u00e1sbejegyz\u00e9si k\u00e9relmet, vagy a c\u00e9g d\u00f6nthet a bet\u00e9ti t\u00e1rsas\u00e1gg\u00e1 vagy k\u00f6zkereseti t\u00e1rsas\u00e1gg\u00e1 t\u00f6rt\u00e9n\u0151 \u00e1talakul\u00e1s\u00e1r\u00f3l, ami meglehet\u0151sen k\u00f6lts\u00e9ges \u00e9s id\u0151ig\u00e9nyes k\u00f6nyvvizsg\u00e1l\u00f3t is ig\u00e9nyl\u0151 elj\u00e1r\u00e1s.<br \/>\nA C\u00e9ginfo.hu adatai szerint a j\u00f6v\u0151 tavaszt\u00f3l \u00e9l\u0151 h\u00e1rommilli\u00f3s szab\u00e1lynak csak 170 ezer kft. felel meg, \u00e9s csak a f\u0151v\u00e1rosban 81 ezer c\u00e9get \u00e9rint a k\u00f6telez\u0151 t\u00f6rzst\u0151ke emel\u00e9s.<br \/>\nA k\u00f6zlem\u00e9ny eml\u00e9keztet, hogy 2007. szeptember 1-j\u00e9n cs\u00f6kkentett\u00e9k 500 ezer forintra a kft-k t\u00f6rzst\u0151k\u00e9j\u00e9nek minimum\u00e1t, az\u00f3ta \u00f6sszesen 213 ezer kft. alakult 3 milli\u00f3 forint alatti, \u00e9s mind\u00f6ssze 24 ezer 3 milli\u00f3 forint, vagy ann\u00e1l nagyobb\u00a0\u00a0jegyzett t\u0151k\u00e9vel. A plusz t\u0151kek\u00f6vetelm\u00e9ny \u00f6sszesen nagyj\u00e1b\u00f3l 490 milli\u00e1rd forinttal \u00e9rinti a teljes magyar c\u00e9gvil\u00e1got.<br \/>\nAzok a c\u00e9gek, amelyek nem hajtj\u00e1k v\u00e9gre a k\u00f6telez\u0151 t\u00f6rzst\u0151ke emel\u00e9st, vagy nem alakulnak \u00e1t bt-v\u00e9, kkt-v\u00e9, t\u00f6rv\u00e9nyess\u00e9gi fel\u00fcgyeleti elj\u00e1r\u00e1sra, b\u00edrs\u00e1gra, ak\u00e1r v\u00e9gleges t\u00f6rl\u00e9sre sz\u00e1m\u00edthatnak.<br \/>\nA t\u00f6rzst\u0151ke emel\u00e9se t\u00f6rt\u00e9nhet a tagok p\u00e9nzbeli hozz\u00e1j\u00e1rul\u00e1s\u00e1n k\u00edv\u00fcl kor\u00e1bban eredm\u00e9nytartal\u00e9kba helyezett eredm\u00e9ny terh\u00e9re is, teh\u00e1t a kft. saj\u00e1t nyeres\u00e9g\u00e9b\u0151l is jegyzett t\u0151k\u00e9t emelhet, illetve lehet\u0151s\u00e9g van a tagok r\u00e9sz\u00e9r\u0151l nem p\u00e9nzbeli, apporttal t\u00f6rt\u00e9n\u0151 jegyzett t\u0151ke emel\u00e9s\u00e9re is.<br \/>\nA jelenlegi, 2014. m\u00e1rcius 15-ig \u00e9rv\u00e9nyes szab\u00e1lyoz\u00e1s szerint egyszem\u00e9lyes kft. eset\u00e9n 100 ezer forintot, t\u00f6bbszem\u00e9lyes kft. eset\u00e9n pedig a p\u00e9nzbet\u00e9t fel\u00e9t kell t\u00e9nylegesen beszolg\u00e1ltatni bejegyz\u00e9s el\u0151tt.<br \/>\nA k\u00f6zlem\u00e9ny r\u00e1mutat: a t\u00f6rv\u00e9ny normasz\u00f6vege szerint nem kell egyetlen forintot sem rendelkez\u00e9sre bocs\u00e1tani alap\u00edt\u00e1skor a 3 milli\u00f3 forintos jegyzett t\u0151k\u00e9b\u0151l, a m\u00e9g be nem fizetett t\u00f6rzsbet\u00e9t erej\u00e9ig viszont felel a nem teljes\u00edt\u0151 tag a c\u00e9ges tartoz\u00e1sok\u00e9rt.(MTI)<\/p>\n<p>&nbsp;<\/p><div id=\"gazda-1297677986\" class=\"gazda-tartalomban gazda-entity-placement\"><script async src=\"https:\/\/pagead2.googlesyndication.com\/pagead\/js\/adsbygoogle.js\"><\/script>\r\n<ins class=\"adsbygoogle\"\r\n     style=\"display:block\"\r\n     data-ad-format=\"fluid\"\r\n     data-ad-layout-key=\"-6t+ed+2i-1n-4w\"\r\n     data-ad-client=\"ca-pub-1959107119989764\"\r\n     data-ad-slot=\"4008251320\"><\/ins>\r\n<script>\r\n     (adsbygoogle = window.adsbygoogle || []).push({});\r\n<\/script><\/div>\n","protected":false},"excerpt":{"rendered":"<p>T\u00f6bb mint k\u00e9tsz\u00e1zezer hazai kft-t &#8211; nagyj\u00e1b\u00f3l az \u00f6sszes rendben m\u0171k\u00f6d\u0151 c\u00e9g fel\u00e9t &#8211; \u00e9rinti a j\u00f6v\u0151 m\u00e1rcius 15-\u00e9n \u00e9letbe l\u00e9p\u0151 \u00faj Polg\u00e1ri T\u00f6rv\u00e9nyk\u00f6nyv (Ptk.) t\u00f6rzst\u0151ke k\u00f6vetelm\u00e9nyre\u00a0\u00a0vonatkoz\u00f3 v\u00e1ltoz\u00e1sa &#8211; der\u00fcl ki a C\u00e9ginfo.hu \u00e1ltal cs\u00fct\u00f6rt\u00f6k\u00f6n k\u00f6z\u00f6lt adataib\u00f3l.<\/p>\n","protected":false},"author":1,"featured_media":21677,"comment_status":"open","ping_status":"closed","sticky":false,"template":"","format":"standard","meta":[],"categories":[19],"tags":[],"_links":{"self":[{"href":"https:\/\/gazdasagportal.hu\/index.php\/wp-json\/wp\/v2\/posts\/21676"}],"collection":[{"href":"https:\/\/gazdasagportal.hu\/index.php\/wp-json\/wp\/v2\/posts"}],"about":[{"href":"https:\/\/gazdasagportal.hu\/index.php\/wp-json\/wp\/v2\/types\/post"}],"author":[{"embeddable":true,"href":"https:\/\/gazdasagportal.hu\/index.php\/wp-json\/wp\/v2\/users\/1"}],"replies":[{"embeddable":true,"href":"https:\/\/gazdasagportal.hu\/index.php\/wp-json\/wp\/v2\/comments?post=21676"}],"version-history":[{"count":1,"href":"https:\/\/gazdasagportal.hu\/index.php\/wp-json\/wp\/v2\/posts\/21676\/revisions"}],"predecessor-version":[{"id":21678,"href":"https:\/\/gazdasagportal.hu\/index.php\/wp-json\/wp\/v2\/posts\/21676\/revisions\/21678"}],"wp:featuredmedia":[{"embeddable":true,"href":"https:\/\/gazdasagportal.hu\/index.php\/wp-json\/wp\/v2\/media\/21677"}],"wp:attachment":[{"href":"https:\/\/gazdasagportal.hu\/index.php\/wp-json\/wp\/v2\/media?parent=21676"}],"wp:term":[{"taxonomy":"category","embeddable":true,"href":"https:\/\/gazdasagportal.hu\/index.php\/wp-json\/wp\/v2\/categories?post=21676"},{"taxonomy":"post_tag","embeddable":true,"href":"https:\/\/gazdasagportal.hu\/index.php\/wp-json\/wp\/v2\/tags?post=21676"}],"curies":[{"name":"wp","href":"https:\/\/api.w.org\/{rel}","templated":true}]}}