{"id":21616,"date":"2013-11-20T18:25:44","date_gmt":"2013-11-20T17:25:44","guid":{"rendered":"http:\/\/stockportal.hu\/?p=21616"},"modified":"2013-11-20T14:47:00","modified_gmt":"2013-11-20T13:47:00","slug":"a-siemens-magyarorszagi-erdekeltsege-stabil-penzugyi-evet-zart","status":"publish","type":"post","link":"https:\/\/gazdasagportal.hu\/index.php\/a-siemens-magyarorszagi-erdekeltsege-stabil-penzugyi-evet-zart\/","title":{"rendered":"A Siemens magyarorsz\u00e1gi \u00e9rdekelts\u00e9ge stabil p\u00e9nz\u00fcgyi \u00e9vet z\u00e1rt"},"content":{"rendered":"<p><strong>A Siemens magyarorsz\u00e1gi \u00e9rdekelts\u00e9ge stabil p\u00e9nz\u00fcgyi \u00e9vet z\u00e1rt szeptemberben &#8211; hangs\u00falyozta Dale A. Martin, a Siemens Zrt. eln\u00f6k-vez\u00e9rigazgat\u00f3ja szerd\u00e1n sajt\u00f3t\u00e1j\u00e9koztat\u00f3n Budapesten.<!--more--><\/strong><\/p>\n<p>A Siemens magyarorsz\u00e1gi csoportja a szeptember v\u00e9g\u00e9n z\u00e1rult 2013-as p\u00e9nz\u00fcgyi \u00e9vben 307,6 milli\u00f3 eur\u00f3 forgalmat \u00e9rt el, mintegy 1 sz\u00e1zal\u00e9kkal alacsonyabbat az el\u0151z\u0151 peri\u00f3dus 311 milli\u00f3 eur\u00f3j\u00e1n\u00e1l. Ugyanakkor biztat\u00f3, hogy a rendel\u00e9s\u00e1llom\u00e1ny folyamatosan n\u00f6vekszik &#8211; k\u00f6z\u00f6lte.<br \/>\nA Siemens magyarorsz\u00e1gi tev\u00e9kenys\u00e9g\u00e9b\u0151l sz\u00e1rmaz\u00f3 export 171 milli\u00f3 eur\u00f3t tett ki, m\u00edg az import 105 milli\u00f3 eur\u00f3 \u00e9rt\u00e9k\u0171 volt, ami azt mutatja, hogy a kivitel tov\u00e1bbra is meghaladja a behozatalt &#8211; mutatott r\u00e1 az eln\u00f6k-vez\u00e9rigazgat\u00f3.<br \/>\nDale. A Martin eml\u00e9keztetett arra, hogy Siemens-csoport j\u00faniusban strat\u00e9giai partneri meg\u00e1llapod\u00e1st k\u00f6t\u00f6tt a magyar korm\u00e1nnyal, mivel vannak olyan strat\u00e9giai pontok, amelyek a k\u00e9t f\u00e9l t\u00f6rekv\u00e9s\u00e9ben azonosak.<br \/>\nA Siemens magyarorsz\u00e1gi csoport hazai beszerz\u00e9si \u00e9rt\u00e9ke az elm\u00falt \u00e9vben 13 sz\u00e1zal\u00e9kkal n\u0151tt, a 2013-as \u00fczleti \u00e9vben 2346 magyar besz\u00e1ll\u00edt\u00f3 91 milli\u00f3 eur\u00f3 \u00e9rt\u00e9kben j\u00e1rult hozz\u00e1 a Siemens magyarorsz\u00e1gi csoport tev\u00e9kenys\u00e9g\u00e9hez &#8211; mondta K\u00e1rolyi Zsolt gazdas\u00e1gi igazgat\u00f3 az MTI-nek.<br \/>\nA Siemens az elm\u00falt h\u00e1rom \u00e9vben mintegy 500 \u00faj munkahelyet teremtett Magyarorsz\u00e1gon, jelenleg t\u00f6bb mint 2500 embert alkalmaznak, ebb\u0151l mintegy 2000 saj\u00e1t \u00e9s k\u00f6zel 500 a b\u00e9relt munkaer\u0151 &#8211; mondta az eln\u00f6k-vez\u00e9rigazgat\u00f3.<br \/>\nHangs\u00falyozta azt is, hogy a n\u00e9metorsz\u00e1gihoz hasonl\u00f3an Magyarorsz\u00e1gon szint\u00e9n fontos szerepet sz\u00e1nnak a du\u00e1lis szakk\u00e9pz\u00e9snek. Jelenleg k\u00e9t &#8211; hegeszt\u0151 \u00e9s ipari g\u00e9p\u00e9sz &#8211;\u00a0\u00a0szakm\u00e1ban folyik du\u00e1lis k\u00e9pz\u00e9s. A tervek szerint a k\u00e9pz\u00e9sek sz\u00e1m\u00e1t tov\u00e1bb b\u0151v\u00edtik, els\u0151sorban hi\u00e1nyszakm\u00e1ban, 2014-ben pedig 130 szakmunk\u00e1s k\u00e9pz\u00e9s\u00e9re alkalmas tanm\u0171helyt alak\u00edtanak ki.<br \/>\nA c\u00e9g h\u00e9t magyar egyetemmel alak\u00edtott m\u00e1r ki egy\u00fcttm\u0171k\u00f6d\u00e9st, \u00e9s tov\u00e1bbra is akt\u00edvan r\u00e9szt k\u00edv\u00e1n venni a kutat\u00e1s-fejleszt\u00e9sben &#8211; emelte ki Dale A. Martin eln\u00f6k-vez\u00e9rigazgat\u00f3.(MTI)<\/p>\n","protected":false},"excerpt":{"rendered":"<p>A Siemens magyarorsz\u00e1gi \u00e9rdekelts\u00e9ge stabil p\u00e9nz\u00fcgyi \u00e9vet z\u00e1rt szeptemberben &#8211; hangs\u00falyozta Dale A. Martin, a Siemens Zrt. eln\u00f6k-vez\u00e9rigazgat\u00f3ja szerd\u00e1n sajt\u00f3t\u00e1j\u00e9koztat\u00f3n Budapesten.<\/p>\n","protected":false},"author":1,"featured_media":0,"comment_status":"open","ping_status":"closed","sticky":false,"template":"","format":"standard","meta":[],"categories":[19],"tags":[],"_links":{"self":[{"href":"https:\/\/gazdasagportal.hu\/index.php\/wp-json\/wp\/v2\/posts\/21616"}],"collection":[{"href":"https:\/\/gazdasagportal.hu\/index.php\/wp-json\/wp\/v2\/posts"}],"about":[{"href":"https:\/\/gazdasagportal.hu\/index.php\/wp-json\/wp\/v2\/types\/post"}],"author":[{"embeddable":true,"href":"https:\/\/gazdasagportal.hu\/index.php\/wp-json\/wp\/v2\/users\/1"}],"replies":[{"embeddable":true,"href":"https:\/\/gazdasagportal.hu\/index.php\/wp-json\/wp\/v2\/comments?post=21616"}],"version-history":[{"count":1,"href":"https:\/\/gazdasagportal.hu\/index.php\/wp-json\/wp\/v2\/posts\/21616\/revisions"}],"predecessor-version":[{"id":21617,"href":"https:\/\/gazdasagportal.hu\/index.php\/wp-json\/wp\/v2\/posts\/21616\/revisions\/21617"}],"wp:attachment":[{"href":"https:\/\/gazdasagportal.hu\/index.php\/wp-json\/wp\/v2\/media?parent=21616"}],"wp:term":[{"taxonomy":"category","embeddable":true,"href":"https:\/\/gazdasagportal.hu\/index.php\/wp-json\/wp\/v2\/categories?post=21616"},{"taxonomy":"post_tag","embeddable":true,"href":"https:\/\/gazdasagportal.hu\/index.php\/wp-json\/wp\/v2\/tags?post=21616"}],"curies":[{"name":"wp","href":"https:\/\/api.w.org\/{rel}","templated":true}]}}