{"id":21614,"date":"2013-11-20T14:45:07","date_gmt":"2013-11-20T13:45:07","guid":{"rendered":"http:\/\/stockportal.hu\/?p=21614"},"modified":"2013-11-20T14:45:07","modified_gmt":"2013-11-20T13:45:07","slug":"visszaterhet-a-gazdasagi-recesszio-csehorszagban","status":"publish","type":"post","link":"https:\/\/gazdasagportal.hu\/index.php\/visszaterhet-a-gazdasagi-recesszio-csehorszagban\/","title":{"rendered":"Visszat\u00e9rhet a gazdas\u00e1gi recesszi\u00f3 Csehorsz\u00e1gban"},"content":{"rendered":"<p><strong>A harmadik negyed\u00e9v el\u0151zetes adatai azt mutatj\u00e1k, hogy a cseh gazdas\u00e1g visszat\u00e9rhet a recesszi\u00f3ba &#8211; jelentette ki Vladim\u00edr Toms\u00edk, a Cseh Nemzeti Bank (CNB) korm\u00e1nyz\u00f3-helyettese szerd\u00e1n Pr\u00e1g\u00e1ban, a cseh k\u00fclkereskedelemmel foglalkoz\u00f3 szakkonferenci\u00e1n.<!--more--><\/strong><\/p>\n<p>A Cseh Statisztikai Hivatal gyorsbecsl\u00e9se szerint a 3. negyed\u00e9vben a 2. negyed\u00e9vhez viszony\u00edtva 0,5 sz\u00e1zal\u00e9kkal cs\u00f6kkent a brutt\u00f3 hazai term\u00e9k (GDP) a szezon\u00e1lisan \u00e9s a napt\u00e1rhat\u00e1ssal korrig\u00e1lt megtiszt\u00edtott adat szerint. Elemz\u0151k kor\u00e1bban 0,5 sz\u00e1zal\u00e9kos n\u00f6veked\u00e9st prognosztiz\u00e1ltak a harmadik negyed\u00e9vre.<br \/>\nA m\u00e1sodik negyed\u00e9vben a cseh gazdas\u00e1g kiker\u00fclt a recesszi\u00f3b\u00f3l, \u00e9s az els\u0151 negyed\u00e9vhez viszony\u00edtva 0,6 sz\u00e1zal\u00e9kkal emelkedett. Ezt megel\u0151z\u0151en hat negyed\u00e9ven kereszt\u00fcl a GDP cs\u00f6kkent.<br \/>\nToms\u00edk megism\u00e9telte a jegybank hivatalos \u00e1ll\u00e1spontj\u00e1t, miszerint a beavatkoz\u00e1s az \u00e1rfolyamba, a korona meggyeng\u00edt\u00e9se sz\u00fcks\u00e9gszer\u0171 volt, mert m\u00e1sk\u00fcl\u00f6nben janu\u00e1rban defl\u00e1ci\u00f3 k\u00f6vetkezett volna be.<br \/>\nA jegybanki korm\u00e1nyz\u00f3-helyettes \u00fagy l\u00e1tja, hogy a cseh gazdas\u00e1gban megjelentek az \u00e9l\u00e9nk\u00fcl\u00e9s jelei, de az nem a hazai fogyaszt\u00e1s, hanem a kivitel k\u00f6vetkezm\u00e9nye.<br \/>\n&#8222;Az eur\u00f3 \u00e9rt\u00e9k\u00e9t addig fogjuk 27 korona k\u00f6r\u00fcl tartani, am\u00edg nem m\u00falik el a defl\u00e1ci\u00f3s vesz\u00e9ly&#8221; &#8211; sz\u00f6gezte le Toms\u00edk. Hozz\u00e1tette: a CNB kedden meg\u00e1llap\u00edtotta, hogy a cseh p\u00e9nzpiac jelenleg nagyon \u00e9rz\u00e9keny, ez\u00e9rt \u00f3vatos lesz a korona \u00e1rfolyam\u00e1t \u00e9rint\u0151 nyilatkozatokkal.<br \/>\nLubom\u00edr L\u00edzal, a jegybanktan\u00e1cs tagja kedden a Patria p\u00e9nz\u00fcgyi h\u00edrport\u00e1lon lefolytatott online besz\u00e9lget\u00e9s keret\u00e9ben azt mondta: nem irre\u00e1lis, \u00e9s nem z\u00e1rhat\u00f3 ki, hogy a cseh jegybank tov\u00e1bb gyeng\u00edti a koron\u00e1t az eur\u00f3hoz k\u00e9pest, m\u00e9gpedig a jelenlegi 27 koron\u00e1r\u00f3l 28 koron\u00e1ra. L\u00edzal kijelent\u00e9se ut\u00e1n a korona tov\u00e1bb gyeng\u00fclt, \u00e9s t\u0151zsdez\u00e1r\u00e1skor egy eur\u00f3 27,37 koron\u00e1ba ker\u00fclt. 2009 m\u00e1rciusa \u00f3ta ez a korona leggyeng\u00e9bb \u00e1rfolyama.<br \/>\nMiroslav Singer, a jegybank korm\u00e1nyz\u00f3ja a Mlad\u00e1 Fronta Dnes c\u00edm\u0171 napilapban a m\u00falt h\u00e9ten azt mondta, hogy a CNB legal\u00e1bb m\u00e1sf\u00e9l \u00e9vig 27 korona k\u00f6r\u00fcl fogja tartani az eur\u00f3 \u00e1rfolyam\u00e1t.(MTI)<\/p>\n","protected":false},"excerpt":{"rendered":"<p>A harmadik negyed\u00e9v el\u0151zetes adatai azt mutatj\u00e1k, hogy a cseh gazdas\u00e1g visszat\u00e9rhet a recesszi\u00f3ba &#8211; jelentette ki Vladim\u00edr Toms\u00edk, a Cseh Nemzeti Bank (CNB) korm\u00e1nyz\u00f3-helyettese szerd\u00e1n Pr\u00e1g\u00e1ban, a cseh k\u00fclkereskedelemmel foglalkoz\u00f3 szakkonferenci\u00e1n.<\/p>\n","protected":false},"author":1,"featured_media":0,"comment_status":"open","ping_status":"closed","sticky":false,"template":"","format":"standard","meta":[],"categories":[12],"tags":[],"_links":{"self":[{"href":"https:\/\/gazdasagportal.hu\/index.php\/wp-json\/wp\/v2\/posts\/21614"}],"collection":[{"href":"https:\/\/gazdasagportal.hu\/index.php\/wp-json\/wp\/v2\/posts"}],"about":[{"href":"https:\/\/gazdasagportal.hu\/index.php\/wp-json\/wp\/v2\/types\/post"}],"author":[{"embeddable":true,"href":"https:\/\/gazdasagportal.hu\/index.php\/wp-json\/wp\/v2\/users\/1"}],"replies":[{"embeddable":true,"href":"https:\/\/gazdasagportal.hu\/index.php\/wp-json\/wp\/v2\/comments?post=21614"}],"version-history":[{"count":1,"href":"https:\/\/gazdasagportal.hu\/index.php\/wp-json\/wp\/v2\/posts\/21614\/revisions"}],"predecessor-version":[{"id":21615,"href":"https:\/\/gazdasagportal.hu\/index.php\/wp-json\/wp\/v2\/posts\/21614\/revisions\/21615"}],"wp:attachment":[{"href":"https:\/\/gazdasagportal.hu\/index.php\/wp-json\/wp\/v2\/media?parent=21614"}],"wp:term":[{"taxonomy":"category","embeddable":true,"href":"https:\/\/gazdasagportal.hu\/index.php\/wp-json\/wp\/v2\/categories?post=21614"},{"taxonomy":"post_tag","embeddable":true,"href":"https:\/\/gazdasagportal.hu\/index.php\/wp-json\/wp\/v2\/tags?post=21614"}],"curies":[{"name":"wp","href":"https:\/\/api.w.org\/{rel}","templated":true}]}}