{"id":21612,"date":"2013-11-20T16:40:59","date_gmt":"2013-11-20T15:40:59","guid":{"rendered":"http:\/\/stockportal.hu\/?p=21612"},"modified":"2013-11-20T14:43:22","modified_gmt":"2013-11-20T13:43:22","slug":"kotelezettsegszeges-az-europai-bizottsag-a-szen-dioxidra-vonatkozo-iranyelv-atulteteset-keri","status":"publish","type":"post","link":"https:\/\/gazdasagportal.hu\/index.php\/kotelezettsegszeges-az-europai-bizottsag-a-szen-dioxidra-vonatkozo-iranyelv-atulteteset-keri\/","title":{"rendered":"K\u00f6telezetts\u00e9gszeg\u00e9s &#8211; Az Eur\u00f3pai Bizotts\u00e1g a sz\u00e9n-dioxidra vonatkoz\u00f3 ir\u00e1nyelv \u00e1t\u00fcltet\u00e9s\u00e9t k\u00e9ri"},"content":{"rendered":"<p><strong>\u00d6t m\u00e1sik uni\u00f3s tagorsz\u00e1ggal egy\u00fctt Magyarorsz\u00e1g eset\u00e9ben is m\u00e1sodik szakaszba l\u00e9ptette szerd\u00e1n a kor\u00e1bban ind\u00edtott k\u00f6telezetts\u00e9gszeg\u00e9si elj\u00e1r\u00e1st az Eur\u00f3pai Bizotts\u00e1g a sz\u00e9n-dioxid t\u00e1rol\u00e1s\u00e1t szab\u00e1lyoz\u00f3 ir\u00e1nyelv \u00e1t\u00fcltet\u00e9s\u00e9nek elmarad\u00e1sa miatt.<!--more--><\/strong><\/p>\n<p>Magyarorsz\u00e1g mellett Ausztria, Ciprus, \u00cdrorsz\u00e1g, Sv\u00e9dorsz\u00e1g \u00e9s Szlov\u00e9nia kapott m\u00e9g szerd\u00e1n ebben a t\u00e9m\u00e1ban \u00fagynevezett indokl\u00e1ssal ell\u00e1tott v\u00e9lem\u00e9nyt Br\u00fcsszelb\u0151l.<br \/>\nA 2009-ben elfogadott, a sz\u00e9n-dioxid geol\u00f3giai t\u00e1rol\u00e1s\u00e1r\u00f3l sz\u00f3l\u00f3 ir\u00e1nyelv a bizotts\u00e1g szerint megteremti a jogi kereteket a sz\u00e9n-dioxid k\u00f6rnyezeti szempontb\u00f3l biztons\u00e1gos geol\u00f3giai t\u00e1rol\u00e1sa sz\u00e1m\u00e1ra, elh\u00e1r\u00edtja ennek \u00fatj\u00e1b\u00f3l a jogi akad\u00e1lyokat, valamint lefekteti a t\u00e1rol\u00f3 teljes \u00e9lettartam\u00e1ra vonatkoz\u00f3 szab\u00e1lyokat. Br\u00fcsszel szerint a sz\u00e9n-dioxid kereskedelmi c\u00e9l\u00fa begy\u0171jt\u00e9se \u00e9s t\u00e1rol\u00e1sa jelent\u0151sen hozz\u00e1j\u00e1rulhat az alacsony sz\u00e9n-dioxid-kibocs\u00e1t\u00e1sra t\u00f6rt\u00e9n\u0151 \u00e1t\u00e1ll\u00e1shoz az Eur\u00f3pai Uni\u00f3ban. Ez a hat orsz\u00e1g egyel\u0151re nem \u00e9rtes\u00edtette Br\u00fcsszelt arr\u00f3l, hogy megfelel\u0151en \u00e1t\u00fcltette saj\u00e1t jog\u00e1ba az uni\u00f3s ir\u00e1nyelvet.<br \/>\nMindent egybevetve 248 k\u00f6telezetts\u00e9gszeg\u00e9si \u00fcgyben hozott szerd\u00e1n d\u00f6nt\u00e9seket az Eur\u00f3pai Bizotts\u00e1g, 58 indokl\u00e1ssal ell\u00e1tott v\u00e9lem\u00e9nyt k\u00fcld\u00f6tt a tag\u00e1llamoknak, \u00e9s tucatnyi esetben az Eur\u00f3pai B\u00edr\u00f3s\u00e1ghoz fordul.<br \/>\nT\u00f6bb orsz\u00e1gt\u00f3l, \u00edgy Belgiumt\u00f3l, Ciprust\u00f3l, Csehorsz\u00e1gt\u00f3l, Litv\u00e1ni\u00e1t\u00f3l, Lengyelorsz\u00e1gt\u00f3l \u00e9s Rom\u00e1ni\u00e1t\u00f3l is adatokat k\u00e9rt a bizotts\u00e1g a szerencsej\u00e1t\u00e9kokat, k\u00fcl\u00f6n\u00f6sen az internetes szerencsej\u00e1t\u00e9kokat szab\u00e1lyoz\u00f3 jogszab\u00e1lyok miatt. Sv\u00e9dorsz\u00e1got az uni\u00f3s jog, a szolg\u00e1ltat\u00e1sny\u00fajt\u00e1si szabads\u00e1g elv\u00e9nek tiszteletben tart\u00e1s\u00e1ra sz\u00f3l\u00edtotta fel Br\u00fcsszel.<br \/>\nAz nem f\u00e9r \u00f6ssze, hogy a szerencsej\u00e1t\u00e9kok k\u00e1ros hat\u00e1saira, a fogyaszt\u00f3k v\u00e9delm\u00e9re hivatkozva egy orsz\u00e1g kitiltja a k\u00fclf\u00f6ldi internetes szolg\u00e1ltat\u00f3kat, mik\u00f6zben a hazai monop\u00f3lium \u00f3ri\u00e1si rekl\u00e1mkamp\u00e1nyt folytathat \u00e9s fogad\u00e1sra, j\u00e1t\u00e9kra buzd\u00edtja az embereket &#8211; magyar\u00e1zta a szolg\u00e1ltat\u00e1sok\u00e9rt \u00e9s az egys\u00e9ges piac\u00e9rt felel\u0151s uni\u00f3s biztos, Michel Barnier sz\u00f3viv\u0151je, Chantal Hughes.<br \/>\nAusztri\u00e1val szemben a meg\u00fajul\u00f3 energi\u00e1r\u00f3l sz\u00f3l\u00f3 ir\u00e1nyelv nem megfelel\u0151 \u00e1t\u00fcltet\u00e9se miatt napi 40 ezer eur\u00f3s b\u00edrs\u00e1g kiszab\u00e1s\u00e1t k\u00e9ri a b\u00edr\u00f3s\u00e1gt\u00f3l a bizotts\u00e1g. G\u00f6r\u00f6gorsz\u00e1g pedig a v\u00e1rosi szennyv\u00edz kezel\u00e9s\u00e9re vonatkoz\u00f3 uni\u00f3s szab\u00e1lyok be nem tart\u00e1sa miatt k\u00e9nytelen 11,5 milli\u00f3 eur\u00f3 egyszeri b\u00edrs\u00e1g \u00e9s napi 47 ezer eur\u00f3 folyamatos p\u00e9nzb\u00fcntet\u00e9ssel szemben\u00e9zni mindaddig, am\u00edg nem teljes\u00edti az uni\u00f3s szab\u00e1lyokat.<br \/>\nA nem megfelel\u0151 v\u00edztiszt\u00edt\u00e1s eg\u00e9szs\u00e9g\u00fcgyi kock\u00e1zatot rejt, a bakt\u00e9riumok \u00e9s v\u00edrusok az emberekre is vesz\u00e9lyt jelenthetnek, a kezeletlen szennyv\u00edz pedig a v\u00edzi \u00e9l\u0151vil\u00e1got is fenyegeti &#8211; indokolja a d\u00f6nt\u00e9st a bizotts\u00e1g.<br \/>\nG\u00f6r\u00f6gorsz\u00e1g egy m\u00e1sik \u00fcgyben, a k\u00f6zeg\u00e9szs\u00e9g\u00fcgyi szab\u00e1lyok be nem tart\u00e1sa miatt is a b\u00edr\u00f3s\u00e1g el\u0151tt kell megv\u00e9dje igaz\u00e1t: az uni\u00f3s szab\u00e1lyok szerint a k\u00f6zeg\u00e9szs\u00e9g\u00fcgyben gy\u00f3gy\u00edt\u00f3 orvosok nem dolgozhatn\u00e1nak heti 48 \u00f3r\u00e1n\u00e1l t\u00f6bbet, G\u00f6r\u00f6gorsz\u00e1gban viszont a doktoroknak gyakran 64 \u00f3r\u00e1t kell teljes\u00edteni\u00fck, de egyes esetekben heti 90 \u00f3r\u00e1t is dolgozhatnak, s ezt semmilyen t\u00f6rv\u00e9nyi el\u0151\u00edr\u00e1s nem korl\u00e1tozza. Ez Br\u00fcsszel szerint s\u00falyos jogs\u00e9rt\u00e9s, amely nem csak az orvosok, de p\u00e1cienseik eg\u00e9szs\u00e9g\u00e9t is vesz\u00e9lybe sodorhatja. \u00cdrorsz\u00e1gban hasonl\u00f3 probl\u00e9m\u00e1t azonos\u00edtott a bizotts\u00e1g, ahol egyes orvosokra nem vonatkozik a t\u00f6rv\u00e9nyileg garant\u00e1lt munkaid\u0151korl\u00e1t, \u00edgy \u0151k egyik 36 \u00f3r\u00e1s m\u0171szakb\u00f3l esnek a m\u00e1sikba, heti \u00e1tlagban 70-75 \u00f3r\u00e1t dolgoznak, de 100 \u00f3r\u00e1s munkah\u00e9t is el\u0151fordul.<br \/>\nOlaszorsz\u00e1g az\u00e9rt sz\u00e1m\u00edthat b\u00fcntet\u00e9sre, mert nem fizetett vissza tiltott \u00e1llami t\u00e1mogat\u00e1snak \u00edt\u00e9lt p\u00e9nzeket. Az \u00fcgy lassan 15 \u00e9ve h\u00faz\u00f3dik, s miut\u00e1n a bizotts\u00e1g emiatt m\u00e1r m\u00e1sodszor fordul a b\u00edr\u00f3s\u00e1ghoz, most m\u00e1r p\u00e9nzb\u00edrs\u00e1g kiszab\u00e1s\u00e1t k\u00e9ri, ami a napi 200 ezer eur\u00f3t is el\u00e9rheti.(MTI)<\/p>\n","protected":false},"excerpt":{"rendered":"<p>\u00d6t m\u00e1sik uni\u00f3s tagorsz\u00e1ggal egy\u00fctt Magyarorsz\u00e1g eset\u00e9ben is m\u00e1sodik szakaszba l\u00e9ptette szerd\u00e1n a kor\u00e1bban ind\u00edtott k\u00f6telezetts\u00e9gszeg\u00e9si elj\u00e1r\u00e1st az Eur\u00f3pai Bizotts\u00e1g a sz\u00e9n-dioxid t\u00e1rol\u00e1s\u00e1t szab\u00e1lyoz\u00f3 ir\u00e1nyelv \u00e1t\u00fcltet\u00e9s\u00e9nek elmarad\u00e1sa miatt.<\/p>\n","protected":false},"author":1,"featured_media":0,"comment_status":"open","ping_status":"closed","sticky":false,"template":"","format":"standard","meta":[],"categories":[12],"tags":[],"_links":{"self":[{"href":"https:\/\/gazdasagportal.hu\/index.php\/wp-json\/wp\/v2\/posts\/21612"}],"collection":[{"href":"https:\/\/gazdasagportal.hu\/index.php\/wp-json\/wp\/v2\/posts"}],"about":[{"href":"https:\/\/gazdasagportal.hu\/index.php\/wp-json\/wp\/v2\/types\/post"}],"author":[{"embeddable":true,"href":"https:\/\/gazdasagportal.hu\/index.php\/wp-json\/wp\/v2\/users\/1"}],"replies":[{"embeddable":true,"href":"https:\/\/gazdasagportal.hu\/index.php\/wp-json\/wp\/v2\/comments?post=21612"}],"version-history":[{"count":1,"href":"https:\/\/gazdasagportal.hu\/index.php\/wp-json\/wp\/v2\/posts\/21612\/revisions"}],"predecessor-version":[{"id":21613,"href":"https:\/\/gazdasagportal.hu\/index.php\/wp-json\/wp\/v2\/posts\/21612\/revisions\/21613"}],"wp:attachment":[{"href":"https:\/\/gazdasagportal.hu\/index.php\/wp-json\/wp\/v2\/media?parent=21612"}],"wp:term":[{"taxonomy":"category","embeddable":true,"href":"https:\/\/gazdasagportal.hu\/index.php\/wp-json\/wp\/v2\/categories?post=21612"},{"taxonomy":"post_tag","embeddable":true,"href":"https:\/\/gazdasagportal.hu\/index.php\/wp-json\/wp\/v2\/tags?post=21612"}],"curies":[{"name":"wp","href":"https:\/\/api.w.org\/{rel}","templated":true}]}}