{"id":21606,"date":"2013-11-20T15:23:50","date_gmt":"2013-11-20T14:23:50","guid":{"rendered":"http:\/\/stockportal.hu\/?p=21606"},"modified":"2013-11-20T14:35:10","modified_gmt":"2013-11-20T13:35:10","slug":"egyre-kiszamithatobb-lesz-a-magyar-gazdasagpolitika","status":"publish","type":"post","link":"https:\/\/gazdasagportal.hu\/index.php\/egyre-kiszamithatobb-lesz-a-magyar-gazdasagpolitika\/","title":{"rendered":"Egyre kisz\u00e1m\u00edthat\u00f3bb lesz a magyar gazdas\u00e1gpolitika"},"content":{"rendered":"<p><strong>Egyre kisz\u00e1m\u00edthat\u00f3bb lesz a magyar gazdas\u00e1gpolitika &#8211; mondta a Nemzetgazdas\u00e1gi Miniszt\u00e9rium (NGM) \u00e1llamtitk\u00e1ra a CNBC telev\u00edzi\u00f3nak Budapesten.<!--more--><\/strong><\/p>\n<p>Cs\u00e9falvay Zolt\u00e1n az amerikai telev\u00edzi\u00f3nak adott interj\u00faban \u00fagy fogalmazott: &#8222;l\u00e9p\u00e9sr\u0151l l\u00e9p\u00e9sre sokkal kisz\u00e1m\u00edthat\u00f3bb lesz a magyar gazdas\u00e1gpolitika, \u00e9s azt hiszem, ez j\u00f3 \u00fczenet az \u00fczleti vil\u00e1gnak&#8221;. A tud\u00f3s\u00edt\u00e1s k\u00f6z\u00e9p-eur\u00f3pai id\u0151 szerint szerda reggel jelent meg a gazdas\u00e1gi h\u00edrtelev\u00edzi\u00f3 honlapj\u00e1n.<br \/>\n&#8222;Meg tudom \u00e9rteni, ha ezek az \u00f3ri\u00e1si kiterjed\u00e9s\u0171 reformok &#8211; az ad\u00f3rendszerben, a munkaer\u0151-piaci szab\u00e1lyoz\u00e1sban \u00e9s az int\u00e9zm\u00e9nyi strukt\u00far\u00e1ban &#8211; kisz\u00e1m\u00edthatatlannak t\u0171nnek (a befektet\u0151knek), de a 2014-es k\u00f6lts\u00e9gvet\u00e9s m\u00e1r hasonl\u00f3 az ideihez, egy kisz\u00e1m\u00edthat\u00f3an unalmas b\u00fcdzs\u00e9&#8221; &#8211; mondta az \u00e1llamtitk\u00e1r.<br \/>\nA CNBC tud\u00f3s\u00edt\u00e1s\u00e1ban megjegyezte, Magyarorsz\u00e1gnak az elm\u00falt n\u00e9h\u00e1ny \u00e9vben nem volt felh\u0151tlen a viszonya &#8222;sem a hitelez\u0151kkel, sem az Eur\u00f3pai Uni\u00f3 illet\u00e9keseivel&#8221;. Az amerikai telev\u00edzi\u00f3 ismertette a magyar korm\u00e1ny \u00e9s az eur\u00f3pai int\u00e9zm\u00e9nyek k\u00f6z\u00f6tti f\u0151bb vit\u00e1s k\u00e9rd\u00e9seket, majd id\u00e9zte Cs\u00e9falvay \u00e1llamtitk\u00e1rt, aki elmondta: a konfliktus az EU m\u0171k\u00f6d\u00e9s\u00e9re vonatkoz\u00f3, elt\u00e9r\u0151 n\u00e9zetb\u0151l fakad. Magyarorsz\u00e1g ugyanis abban hisz, hogy az Eur\u00f3pai Uni\u00f3 nemzet\u00e1llamok k\u00f6z\u00f6ss\u00e9ge, m\u00edg a m\u00e1sik felfog\u00e1s szerint egy &#8222;eur\u00f3pai egyes\u00fclt \u00e1llamokra&#8221; van sz\u00fcks\u00e9g, er\u0151s br\u00fcsszeli k\u00f6zponttal.<br \/>\nA CNBC megjegyezte, az Orb\u00e1n Viktor politik\u00e1ja miatti aggodalmak dac\u00e1ra javul a magyar gazdas\u00e1g teljes\u00edtm\u00e9nye. A hazai \u00f6sszterm\u00e9k (GDP) a harmadik negyed\u00e9vben 1,7 sz\u00e1zal\u00e9kkal n\u0151tt \u00e9ves \u00f6sszevet\u00e9sben, a munkan\u00e9lk\u00fclis\u00e9g 10,1 sz\u00e1zal\u00e9k, vagyis alacsonyabb, mint a 11 sz\u00e1zal\u00e9kos EU-\u00e1tlag. Mi t\u00f6bb, Magyarorsz\u00e1g el\u0151t\u00f6rlesztve, augusztusban visszafizette a Nemzetk\u00f6zi Valutaalapt\u00f3l (IMF) 2008-ban felvett k\u00f6lcs\u00f6n utols\u00f3 r\u00e9szlet\u00e9t.<br \/>\n&#8222;Magyarorsz\u00e1g n\u00f6veked\u00e9si p\u00e1ly\u00e1n van, de a legfontosabb, hogy a n\u00f6veked\u00e9s eg\u00e9szs\u00e9ges alapokon nyugszik&#8221; &#8211; mondta Cs\u00e9falvay Zolt\u00e1n, az NGM \u00e1llamtitk\u00e1ra a CNBC amerikai h\u00edrtelev\u00edzi\u00f3nak adott interj\u00faban.(MTI)<\/p>\n","protected":false},"excerpt":{"rendered":"<p>Egyre kisz\u00e1m\u00edthat\u00f3bb lesz a magyar gazdas\u00e1gpolitika &#8211; mondta a Nemzetgazdas\u00e1gi Miniszt\u00e9rium (NGM) \u00e1llamtitk\u00e1ra a CNBC telev\u00edzi\u00f3nak Budapesten.<\/p>\n","protected":false},"author":1,"featured_media":0,"comment_status":"open","ping_status":"closed","sticky":false,"template":"","format":"standard","meta":[],"categories":[19],"tags":[],"_links":{"self":[{"href":"https:\/\/gazdasagportal.hu\/index.php\/wp-json\/wp\/v2\/posts\/21606"}],"collection":[{"href":"https:\/\/gazdasagportal.hu\/index.php\/wp-json\/wp\/v2\/posts"}],"about":[{"href":"https:\/\/gazdasagportal.hu\/index.php\/wp-json\/wp\/v2\/types\/post"}],"author":[{"embeddable":true,"href":"https:\/\/gazdasagportal.hu\/index.php\/wp-json\/wp\/v2\/users\/1"}],"replies":[{"embeddable":true,"href":"https:\/\/gazdasagportal.hu\/index.php\/wp-json\/wp\/v2\/comments?post=21606"}],"version-history":[{"count":1,"href":"https:\/\/gazdasagportal.hu\/index.php\/wp-json\/wp\/v2\/posts\/21606\/revisions"}],"predecessor-version":[{"id":21607,"href":"https:\/\/gazdasagportal.hu\/index.php\/wp-json\/wp\/v2\/posts\/21606\/revisions\/21607"}],"wp:attachment":[{"href":"https:\/\/gazdasagportal.hu\/index.php\/wp-json\/wp\/v2\/media?parent=21606"}],"wp:term":[{"taxonomy":"category","embeddable":true,"href":"https:\/\/gazdasagportal.hu\/index.php\/wp-json\/wp\/v2\/categories?post=21606"},{"taxonomy":"post_tag","embeddable":true,"href":"https:\/\/gazdasagportal.hu\/index.php\/wp-json\/wp\/v2\/tags?post=21606"}],"curies":[{"name":"wp","href":"https:\/\/api.w.org\/{rel}","templated":true}]}}