{"id":21604,"date":"2013-11-20T14:32:48","date_gmt":"2013-11-20T13:32:48","guid":{"rendered":"http:\/\/stockportal.hu\/?p=21604"},"modified":"2013-11-20T14:32:48","modified_gmt":"2013-11-20T13:32:48","slug":"kartellbirsag-otp-allitasa-szerint-semmilyen-modon-nem-hangolta-ossze-strategiajat-mas-penzintezetekkel","status":"publish","type":"post","link":"https:\/\/gazdasagportal.hu\/index.php\/kartellbirsag-otp-allitasa-szerint-semmilyen-modon-nem-hangolta-ossze-strategiajat-mas-penzintezetekkel\/","title":{"rendered":"Kartellb\u00edrs\u00e1g &#8211; OTP \u00e1ll\u00edt\u00e1sa szerint semmilyen m\u00f3don nem hangolta \u00f6ssze strat\u00e9gi\u00e1j\u00e1t m\u00e1s p\u00e9nzint\u00e9zetekkel"},"content":{"rendered":"<p><strong>Az OTP Bank b\u00edr\u00f3s\u00e1ghoz fordul a Gazdas\u00e1gi Versenyhivatal (GVH) versenytan\u00e1cs\u00e1nak elmarasztal\u00f3 hat\u00e1rozata miatt; az Erste Bank Hungary Zrt. jelenleg vizsg\u00e1lja az \u00fcgyet, \u00e9s k\u00e9s\u0151bb d\u00f6nt a jogi l\u00e9p\u00e9sekr\u0151l.<!--more--><\/strong><\/p>\n<p>Az OTP Bank nem k\u00f6vette el a Gazdas\u00e1gi Versenyhivatal (GVH) versenytan\u00e1csa \u00e1ltal terh\u00e9re r\u00f3tt cselekm\u00e9nyeket, a hat\u00e1rozatban megfogalmazott meg\u00e1llap\u00edt\u00e1sokat megalapozatlannak tartja, ez\u00e9rt a b\u00edr\u00f3s\u00e1ghoz fordul &#8211; k\u00f6z\u00f6lte a p\u00e9nzint\u00e9zet az MTI \u00e9rdekl\u0151d\u00e9s\u00e9re szerd\u00e1n.<br \/>\nA GVH tizenegy p\u00e9nzint\u00e9zettel szemben a v\u00e9gt\u00f6rleszt\u00e9s korl\u00e1toz\u00e1s\u00e1ra ir\u00e1nyul\u00f3 \u00f6sszehangolt magatart\u00e1s miatt \u00f6sszesen 9,488 milli\u00e1rd forint \u00f6sszeg\u0171 b\u00edrs\u00e1got szabott ki. A GVH szerint 2011. szeptembere \u00e9s 2012. janu\u00e1rja k\u00f6z\u00f6tt a fix \u00e1rfolyam\u00fa v\u00e9gt\u00f6rleszt\u00e9sek cs\u00f6kkent\u00e9se \u00e9rdek\u00e9ben, a hitelkiv\u00e1lt\u00f3 k\u00f6lcs\u00f6n\u00f6k ny\u00fajt\u00e1s\u00e1nak korl\u00e1toz\u00e1s\u00e1val k\u00f6vettek el jogs\u00e9rt\u00e9st a bankok \u00fagy, hogy \u00f6sszehangolt\u00e1k strat\u00e9gi\u00e1jukat, \u00e9s ennek sor\u00e1n \u00fczleti titoknak min\u0151s\u00fcl\u0151 inform\u00e1ci\u00f3kat is megosztottak egym\u00e1ssal. Az OTP-t 3,922 milli\u00e1rd, az Erst\u00e9t 1,725 milli\u00e1rd forintos b\u00edrs\u00e1ggal s\u00fajtotta a hat\u00f3s\u00e1g.<br \/>\nAz OTP Bank szerd\u00e1n az MTI-hez eljuttatott k\u00f6zlem\u00e9nye szerint semmilyen m\u00f3don nem hangolta \u00f6ssze strat\u00e9gi\u00e1j\u00e1t m\u00e1s p\u00e9nzint\u00e9zetekkel a fix \u00e1rfolyam\u00fa v\u00e9gt\u00f6rleszt\u00e9sek korl\u00e1toz\u00e1sa \u00e9rdek\u00e9ben, a v\u00e9gt\u00f6rleszt\u00e9sre vonatkoz\u00f3\u00a0\u00a0 d\u00f6nt\u00e9sei a piaci racionalit\u00e1son alapultak. Mint \u00edrt\u00e1k, nyilv\u00e1nosan hozz\u00e1f\u00e9rhet\u0151 inform\u00e1ci\u00f3kat \u00e9s bels\u0151 \u00fczleti sz\u00e1m\u00edt\u00e1sokat m\u00e9rlegelve sz\u00fclettek az \u00fczletileg \u00e9sszer\u0171 l\u00e9p\u00e9sek.<br \/>\n&#8222;A bank nem k\u00f6vetett el versenyjogs\u00e9rt\u00e9st a vizsg\u00e1latban \u00e9rintett forinthitelek \u00fczleti param\u00e9tereinek meghat\u00e1roz\u00e1sakor, ez\u00e9rt a GVH d\u00f6nt\u00e9se miatt a hat\u00e1rozat fel\u00fclvizsg\u00e1lat\u00e1t kezdem\u00e9nyezi a F\u0151v\u00e1rosi K\u00f6zigazgat\u00e1si \u00e9s Munka\u00fcgyi B\u00edr\u00f3s\u00e1gn\u00e1l&#8221; &#8211; fogalmaz a bank k\u00f6zlem\u00e9nye. Kiemelt\u00e9k: a bank jogk\u00f6vet\u0151 magatart\u00e1st tan\u00fas\u00edtott, a vonatkoz\u00f3 t\u00f6rv\u00e9nyi el\u0151\u00edr\u00e1sokat marad\u00e9ktalanul betartotta.<br \/>\nA k\u00f6zlem\u00e9ny szerint a v\u00e9gt\u00f6rleszt\u00e9shez kapcsol\u00f3d\u00f3an \u00faj hitelkiv\u00e1lt\u00f3 term\u00e9ket vezettek be, \u00e9s mindent megtettek annak \u00e9rdek\u00e9ben, hogy a lehet\u0151 leghosszabb ideig el\u00e9rhet\u0151ek legyenek a forinthitelek a r\u00f6gz\u00edtett \u00e1rfolyamon t\u00f6rt\u00e9n\u0151 v\u00e9gt\u00f6rleszt\u00e9shez.<br \/>\nAz OTP szem\u00e9lyi \u00e9s t\u00e1rgyi kapacit\u00e1sainak hat\u00e1r\u00e1ig elmenve, meghosszabb\u00edtott nyitva tart\u00e1ssal, er\u0151forr\u00e1sainak \u00e1tcsoportos\u00edt\u00e1s\u00e1val biztos\u00edtotta a hitelkiv\u00e1lt\u00e1s lehet\u0151s\u00e9g\u00e9t \u00fcgyfelei sz\u00e1m\u00e1ra, ennek k\u00f6vetkezt\u00e9ben nem maradt olyan megalapozott hitelig\u00e9ny, amit nem el\u00e9g\u00edtettek ki &#8211; k\u00f6z\u00f6lt\u00e9k. A hitelkiv\u00e1lt\u00f3 konstrukci\u00f3nak is k\u00f6sz\u00f6nhet\u0151en az OTP Bank forinthitel \u00e1llom\u00e1nya a vizsg\u00e1lt id\u0151szakban l\u00e9nyegesen megn\u00f6vekedett, ez \u00f6nmag\u00e1ban is c\u00e1folja a GVH \u00e1ltal v\u00e9lelmezett versenykorl\u00e1toz\u00f3 tev\u00e9kenys\u00e9get.<br \/>\nAz OTP Bank a kiszabott b\u00edrs\u00e1got a t\u00f6rv\u00e9nyi el\u0151\u00edr\u00e1soknak megfelel\u0151en befizeti, ugyanakkor a b\u00edrs\u00e1g \u00f6sszeg\u00e9t is ar\u00e1nytalanul magasnak \u00e9s diszkriminat\u00edvnak tartja, ugyanis a GVH a bankokra kiszabott b\u00edrs\u00e1g t\u00f6bb mint 40 sz\u00e1zal\u00e9k\u00e1t r\u00f3tta ki r\u00e1, mik\u00f6zben a bank r\u00e9szesed\u00e9se a devizaalap\u00fa hitelez\u00e9sb\u0151l nem \u00e9ri el a 20 sz\u00e1zal\u00e9kot &#8211; olvashat\u00f3 a k\u00f6zlem\u00e9nyben.<br \/>\nAz Erste Bank az MTI \u00e9rdekl\u0151d\u00e9s\u00e9re azt k\u00f6z\u00f6lte, hogy jelenleg vizsg\u00e1lj\u00e1k a versenyhivatal d\u00f6nt\u00e9s\u00e9vel kapcsolatos, k\u00f6zel 100 oldalas hat\u00e1rozatot, az esetleges jogi l\u00e9p\u00e9sekr\u0151l k\u00e9s\u0151bb d\u00f6ntenek. K\u00f6z\u00f6lt\u00e9k, hogy fenntartj\u00e1k az elj\u00e1r\u00e1s sor\u00e1n v\u00e9gig k\u00e9pviselt \u00e1ll\u00e1spontjukat, miszerint az Erste a v\u00e9gt\u00f6rleszt\u00e9s kapcs\u00e1n nem hangolta \u00f6ssze a strat\u00e9gi\u00e1j\u00e1t a t\u00f6bbi \u00e9rintett bankkal, nem osztott meg \u00fczleti titkokat, \u00e9s semmilyen \u00e1tfog\u00f3 tervben nem \u00e1llapodott meg a t\u00f6bbi bankkal.(MTI)<\/p>\n<p>&nbsp;<\/p><div id=\"gazda-2290299459\" class=\"gazda-tartalomban gazda-entity-placement\"><script async src=\"https:\/\/pagead2.googlesyndication.com\/pagead\/js\/adsbygoogle.js\"><\/script>\r\n<ins class=\"adsbygoogle\"\r\n     style=\"display:block\"\r\n     data-ad-format=\"fluid\"\r\n     data-ad-layout-key=\"-6t+ed+2i-1n-4w\"\r\n     data-ad-client=\"ca-pub-1959107119989764\"\r\n     data-ad-slot=\"4008251320\"><\/ins>\r\n<script>\r\n     (adsbygoogle = window.adsbygoogle || []).push({});\r\n<\/script><\/div>\n<p>&nbsp;<\/p>\n<p>&nbsp;<\/p>\n","protected":false},"excerpt":{"rendered":"<p>Az OTP Bank b\u00edr\u00f3s\u00e1ghoz fordul a Gazdas\u00e1gi Versenyhivatal (GVH) versenytan\u00e1cs\u00e1nak elmarasztal\u00f3 hat\u00e1rozata miatt; az Erste Bank Hungary Zrt. jelenleg vizsg\u00e1lja az \u00fcgyet, \u00e9s k\u00e9s\u0151bb d\u00f6nt a jogi l\u00e9p\u00e9sekr\u0151l.<\/p>\n","protected":false},"author":1,"featured_media":21141,"comment_status":"open","ping_status":"closed","sticky":false,"template":"","format":"standard","meta":[],"categories":[19,7,122],"tags":[],"_links":{"self":[{"href":"https:\/\/gazdasagportal.hu\/index.php\/wp-json\/wp\/v2\/posts\/21604"}],"collection":[{"href":"https:\/\/gazdasagportal.hu\/index.php\/wp-json\/wp\/v2\/posts"}],"about":[{"href":"https:\/\/gazdasagportal.hu\/index.php\/wp-json\/wp\/v2\/types\/post"}],"author":[{"embeddable":true,"href":"https:\/\/gazdasagportal.hu\/index.php\/wp-json\/wp\/v2\/users\/1"}],"replies":[{"embeddable":true,"href":"https:\/\/gazdasagportal.hu\/index.php\/wp-json\/wp\/v2\/comments?post=21604"}],"version-history":[{"count":1,"href":"https:\/\/gazdasagportal.hu\/index.php\/wp-json\/wp\/v2\/posts\/21604\/revisions"}],"predecessor-version":[{"id":21605,"href":"https:\/\/gazdasagportal.hu\/index.php\/wp-json\/wp\/v2\/posts\/21604\/revisions\/21605"}],"wp:featuredmedia":[{"embeddable":true,"href":"https:\/\/gazdasagportal.hu\/index.php\/wp-json\/wp\/v2\/media\/21141"}],"wp:attachment":[{"href":"https:\/\/gazdasagportal.hu\/index.php\/wp-json\/wp\/v2\/media?parent=21604"}],"wp:term":[{"taxonomy":"category","embeddable":true,"href":"https:\/\/gazdasagportal.hu\/index.php\/wp-json\/wp\/v2\/categories?post=21604"},{"taxonomy":"post_tag","embeddable":true,"href":"https:\/\/gazdasagportal.hu\/index.php\/wp-json\/wp\/v2\/tags?post=21604"}],"curies":[{"name":"wp","href":"https:\/\/api.w.org\/{rel}","templated":true}]}}