{"id":21602,"date":"2013-11-20T14:58:47","date_gmt":"2013-11-20T13:58:47","guid":{"rendered":"http:\/\/stockportal.hu\/?p=21602"},"modified":"2013-11-20T14:29:27","modified_gmt":"2013-11-20T13:29:27","slug":"a-dk-szerint-munkahelyi-terror-zajlik-a-cba-nal","status":"publish","type":"post","link":"https:\/\/gazdasagportal.hu\/index.php\/a-dk-szerint-munkahelyi-terror-zajlik-a-cba-nal\/","title":{"rendered":"A DK szerint munkahelyi terror zajlik a CBA-n\u00e1l"},"content":{"rendered":"<p><strong>A Demokratikus Koal\u00edci\u00f3 (DK) tiltakozik a CBA-n\u00e1l zajl\u00f3 &#8222;munkahelyi terrorral&#8221; szemben &#8211; mondta egy, a c\u00e9g k\u00e9t tulajdonosa \u00e1ltal al\u00e1\u00edrt, a B\u00e9kementen val\u00f3 r\u00e9szv\u00e9telre buzd\u00edt\u00f3 lev\u00e9l kapcs\u00e1n az \u00e1ruh\u00e1zl\u00e1nc egyik \u00f3budai \u00fczlete el\u0151tt tartott szerdai sajt\u00f3t\u00e1j\u00e9koztat\u00f3j\u00e1n Varju L\u00e1szl\u00f3. A CBA kommunik\u00e1ci\u00f3s igazgat\u00f3ja ugyanott hangs\u00falyozta, mag\u00e1nlev\u00e9lr\u0151l volt sz\u00f3 \u00e9s egyetlen munkat\u00e1rsukat sem \u00e9rte retorzi\u00f3 az\u00e9rt, ha nem vettek r\u00e9szt a rendezv\u00e9nyen.<!--more--><\/strong><\/p>\n<p>A N\u00e9pszava kor\u00e1bban arr\u00f3l sz\u00e1molt be, hogy a CBA bels\u0151 inform\u00e1ci\u00f3s k\u00f6rlevel\u00e9ben megjelent a t\u00e1rsas\u00e1g k\u00e9t r\u00e9sztulajdonos\u00e1nak, Baldauf L\u00e1szl\u00f3nak \u00e9s L\u00e1z\u00e1r Vilmosnak az a mag\u00e1njelleg\u0171 felh\u00edv\u00e1sa, amelyben az okt\u00f3ber 23-ai B\u00e9kementre h\u00edvt\u00e1k a dolgoz\u00f3kat.<br \/>\nVarju L\u00e1szl\u00f3 azt mondta, hogy egy jobboldali k\u00f6t\u0151d\u00e9s\u0171 c\u00e9gvezet\u00e9s t\u00e1mogathatja a korm\u00e1nyt, de ezt nem tehetik \u00fagy, hogy a kiszolg\u00e1ltatott helyzetben l\u00e9v\u0151 dolgoz\u00f3kat &#8222;l\u00e9nyeg\u00e9ben k\u00f6telezik&#8221; a t\u00fcntet\u00e9sen val\u00f3 r\u00e9szv\u00e9telre.<br \/>\nAz okt\u00f3ber 23.-i B\u00e9kemenet j\u00f3 alkalom arra, hogy a nemzeti korm\u00e1ny ir\u00e1nt \u00e9rzett szimp\u00e1ti\u00e1nkat is kifejezz\u00fck &#8211; id\u00e9zett az \u00edr\u00e1sb\u00f3l a p\u00e1rtigazgat\u00f3. Hozz\u00e1tette: megl\u00e1t\u00e1suk szerint ez a megfogalmaz\u00e1s egyidej\u0171leg azt is jelenti, hogy &#8222;mindazok, akik nem tartoznak ebbe a kateg\u00f3ri\u00e1ba, azokat tulajdonk\u00e9ppen olyan gazembereknek nevezi ebben a lev\u00e9lben a korm\u00e1ny, akiknek &#8211; \u00e9n azt gondolom &#8211; , hogy egy ilyen boltban nem kell v\u00e1s\u00e1rolni&#8221;.<br \/>\nVarju L\u00e1szl\u00f3 egy\u00fattal megk\u00e9rdezte, hogy kaphat \u00e1llami t\u00e1mogat\u00e1st egy olyan &#8222;CBA tulajdonos&#8221;, aki a legnagyobb ad\u00f3tartoz\u00f3k list\u00e1j\u00e1n is szerepel. Ennek kapcs\u00e1n arra is k\u00edv\u00e1ncsi volt, hogy lehet, hogy olyan ad\u00f3sok, &#8222;akik a c\u00e9g\u00fckben l\u00e9v\u0151 ingatlanokat elt\u00fcntett\u00e9k, azokn\u00e1l ad\u00f3ellen\u0151rz\u00e9sre (&#8230;) a tov\u00e1bbiakban nem ker\u00fcl sor&#8221;.<br \/>\nA politikus azzal folytatta, szeretn\u00e9k ha a CBA vezet\u00e9se vagy a korm\u00e1ny sz\u00e1mot adna arr\u00f3l, hogy az Eximbankon kereszt\u00fcl az elm\u00falt \u00e9vekben h\u00e1ny milli\u00e1rd forinttal t\u00e1mogatt\u00e1k a c\u00e9get.<br \/>\nEgy\u00fattal azt is meg akarta tudni, hogy a v\u00e1llalat tulajdonosai mennyi munkahely-teremt\u00e9si t\u00e1mogat\u00e1st kaptak. Magyar\u00e1zatk\u00e9nt hozz\u00e1f\u0171zte: egy \u00e1ltala l\u00e9trehozott Facebook-oldalon a c\u00e9g dolgoz\u00f3i azt jelzik, hogy nem adj\u00e1k ki a szabads\u00e1gukat \u00e9s nem kapj\u00e1k meg a t\u00fal\u00f3rap\u00e9nz\u00fcket. Ezek a bejegyz\u00e9sek &#8222;egy\u00e9rtelm\u0171en&#8221; azt jelzik, hogy retorzi\u00f3k \u00e9rt\u00e9k azokat a dolgoz\u00f3kat, akik nem mentek el a rendezv\u00e9nyre &#8211; v\u00e1laszolta egy k\u00e9rd\u00e9sre. Hozz\u00e1tette: az, hogy az alkalmazottak nem kapj\u00e1k meg a szabads\u00e1gukat illetve t\u00fal\u00f3rap\u00e9nz\u00fcket &#8222;\u00e9n azt gondolom, hogy k\u00f6thet\u0151&#8221; ahhoz, hogy nem vettek r\u00e9szt a B\u00e9kemeneten.<br \/>\nAzzal folytatta, szeretn\u00e9k tudni, a NAV vizsg\u00e1lja-e, hogy a CBA-n\u00e1l ker\u00fcltek-e be olyan k\u00fclf\u00f6ldr\u0151l v\u00e1s\u00e1rolt term\u00e9kek, amelyek ut\u00e1n nem fizett\u00e9k be az \u00e1f\u00e1-t.<br \/>\n&#8222;Nekem nem elfogadhat\u00f3&#8221; &#8211; v\u00e1laszolta a p\u00e1rtigazgat\u00f3 arra a k\u00e9rd\u00e9sre, hogy Felcsuti P\u00e9ter a Raiffeisen volt vez\u00e9rigazgat\u00f3ja janu\u00e1rban egy Facebook \u00fczenetben k\u00e9rte a p\u00e9nzint\u00e9zet dolgoz\u00f3it, hogy tettekkel \u00e9s anyagiakkal is t\u00e1mogass\u00e1k a Bajnai Gordon vezette Haza \u00e9s Halad\u00e1s alap\u00edtv\u00e1nyt. A sajt\u00f3t\u00e1j\u00e9koztat\u00f3n ut\u00e1n viszont hozz\u00e1tette: tudom\u00e1sa szerint Felcsuti P\u00e9ter a k\u00e9rd\u00e9ses id\u0151szakban m\u00e1r nem dolgozott a Raiffeisenn\u00e9l.<br \/>\nA sajt\u00f3t\u00e1j\u00e9koztat\u00f3 k\u00f6zben megjelent a helysz\u00ednen Fodor Attila, a CBA kommunik\u00e1ci\u00f3s igazgat\u00f3ja, aki n\u00e9h\u00e1ny dolgoz\u00f3jukkal egy\u00fctt pog\u00e1cs\u00e1t \u00e9s apr\u00f3s\u00fctem\u00e9nyt k\u00edn\u00e1lt a r\u00e9sztvev\u0151knek \u00e9s a n\u00e9zel\u0151d\u0151knek. Varju L\u00e1szl\u00f3t is megk\u00edn\u00e1lt\u00e1k, aki csak azut\u00e1n vett bel\u0151le, hogy tiszt\u00e1zta, az \u00e9telek nem k\u00f6zvetlen\u00fcl a CBA-b\u00f3l, hanem egy vel\u00fck egy \u00e9p\u00fcletben l\u00e9v\u0151 p\u00e9ks\u00e9gb\u0151l sz\u00e1rmaznak.<br \/>\nA kommunik\u00e1ci\u00f3s igazgat\u00f3 sajn\u00e1latosnak nevezte, hogy a politikus nem k\u00f6zvetlen\u00fcl \u0151ket kereste meg a v\u00e1dakkal. Hangs\u00falyozta kor\u00e1bbi \u00e9rvel\u00e9s\u00fcket, hogy k\u00e9t tulajdonosuk egy mag\u00e1nlevelet \u00edrt, amiben semmif\u00e9le k\u00f6telez\u0151 \u00e9rv\u00e9ny\u0171 utas\u00edt\u00e1st nem fogalmaztak meg \u00e9s a rendezv\u00e9nyr\u0151l t\u00e1volmarad\u00f3kat sem \u00e9rte semmilyen retorzi\u00f3. Kijelentette: err\u0151l b\u00e1rmely dolgoz\u00f3jukat meg lehet k\u00e9rdezni.<br \/>\nV\u00e9g\u00fcl azt k\u00e9rte, hogy juttass\u00e1k el hozz\u00e1juk a k\u00e9rd\u00e9seket, amelyeket meg fognak v\u00e1laszolni. Azt viszont elmondta, egy ad\u00f3foly\u00f3sz\u00e1ml\u00e1val kor\u00e1bban m\u00e1r bizony\u00edtott\u00e1k, hogy nem \u00e1ll fent az a tartoz\u00e1s, amelynek alapj\u00e1n Varju L\u00e1szl\u00f3 azt mondta, hogy egy &#8222;CBA tulajdonos&#8221; is szerepel a NAV sz\u00e9gyenlist\u00e1j\u00e1n.(MTI)<\/p>\n","protected":false},"excerpt":{"rendered":"<p>A Demokratikus Koal\u00edci\u00f3 (DK) tiltakozik a CBA-n\u00e1l zajl\u00f3 &#8222;munkahelyi terrorral&#8221; szemben &#8211; mondta egy, a c\u00e9g k\u00e9t tulajdonosa \u00e1ltal al\u00e1\u00edrt, a B\u00e9kementen val\u00f3 r\u00e9szv\u00e9telre buzd\u00edt\u00f3 lev\u00e9l kapcs\u00e1n az \u00e1ruh\u00e1zl\u00e1nc egyik \u00f3budai \u00fczlete el\u0151tt tartott szerdai sajt\u00f3t\u00e1j\u00e9koztat\u00f3j\u00e1n Varju L\u00e1szl\u00f3. A CBA kommunik\u00e1ci\u00f3s igazgat\u00f3ja ugyanott hangs\u00falyozta, mag\u00e1nlev\u00e9lr\u0151l volt sz\u00f3 \u00e9s egyetlen munkat\u00e1rsukat sem \u00e9rte retorzi\u00f3 az\u00e9rt, ha &#8230;<\/p>\n","protected":false},"author":1,"featured_media":0,"comment_status":"open","ping_status":"closed","sticky":false,"template":"","format":"standard","meta":[],"categories":[19],"tags":[],"_links":{"self":[{"href":"https:\/\/gazdasagportal.hu\/index.php\/wp-json\/wp\/v2\/posts\/21602"}],"collection":[{"href":"https:\/\/gazdasagportal.hu\/index.php\/wp-json\/wp\/v2\/posts"}],"about":[{"href":"https:\/\/gazdasagportal.hu\/index.php\/wp-json\/wp\/v2\/types\/post"}],"author":[{"embeddable":true,"href":"https:\/\/gazdasagportal.hu\/index.php\/wp-json\/wp\/v2\/users\/1"}],"replies":[{"embeddable":true,"href":"https:\/\/gazdasagportal.hu\/index.php\/wp-json\/wp\/v2\/comments?post=21602"}],"version-history":[{"count":2,"href":"https:\/\/gazdasagportal.hu\/index.php\/wp-json\/wp\/v2\/posts\/21602\/revisions"}],"predecessor-version":[{"id":21618,"href":"https:\/\/gazdasagportal.hu\/index.php\/wp-json\/wp\/v2\/posts\/21602\/revisions\/21618"}],"wp:attachment":[{"href":"https:\/\/gazdasagportal.hu\/index.php\/wp-json\/wp\/v2\/media?parent=21602"}],"wp:term":[{"taxonomy":"category","embeddable":true,"href":"https:\/\/gazdasagportal.hu\/index.php\/wp-json\/wp\/v2\/categories?post=21602"},{"taxonomy":"post_tag","embeddable":true,"href":"https:\/\/gazdasagportal.hu\/index.php\/wp-json\/wp\/v2\/tags?post=21602"}],"curies":[{"name":"wp","href":"https:\/\/api.w.org\/{rel}","templated":true}]}}