{"id":21582,"date":"2013-11-20T13:02:13","date_gmt":"2013-11-20T12:02:13","guid":{"rendered":"http:\/\/stockportal.hu\/?p=21582"},"modified":"2013-11-20T10:28:38","modified_gmt":"2013-11-20T09:28:38","slug":"aligha-lesz-kotelezo-a-brusszeli-lobbistak-regisztracioja","status":"publish","type":"post","link":"https:\/\/gazdasagportal.hu\/index.php\/aligha-lesz-kotelezo-a-brusszeli-lobbistak-regisztracioja\/","title":{"rendered":"Aligha lesz k\u00f6telez\u0151 a br\u00fcsszeli lobbist\u00e1k regisztr\u00e1ci\u00f3ja"},"content":{"rendered":"<p><strong>K\u00e9t \u00e9ve kezdett m\u0171k\u00f6dni az Eur\u00f3pai Bizotts\u00e1g \u00e9s az Eur\u00f3pai Parlament k\u00f6z\u00f6tti meg\u00e1llapod\u00e1s \u00e9rtelm\u00e9ben az \u00fagynevezett transzparencia regiszter, amelyre \u00f6nk\u00e9ntesen feliratkozhatnak azok, akik befoly\u00e1solni \u00f3hajtj\u00e1k a br\u00fcsszeli d\u00f6nt\u00e9shozatalt. A regiszter szab\u00e1lyainak tervezett fel\u00fclvizsg\u00e1lata most zajlik, egy magas rang\u00fa bizotts\u00e1gi tisztvisel\u0151 pedig \u00fagy nyilatkozott, hogy a lobbist\u00e1k regisztr\u00e1ci\u00f3ja aligha lesz k\u00f6telez\u0151.<!--more--><\/strong><\/p>\n<p>A bizotts\u00e1gi forr\u00e1s \u00fagy nyilatkozott, hogy a br\u00fcsszeli test\u00fclet egy\u00e9rtelm\u0171 sikernek tekinti az \u00f6nk\u00e9ntes adatb\u00e1zist, s \u00fagy gondolja, hogy a k\u00f6telez\u0151 regisztr\u00e1ci\u00f3 ak\u00e1r \u00e1rthat is az eddig el\u00e9rt eredm\u00e9nyeknek. A tisztvisel\u0151 az Egyes\u00fclt \u00c1llamokat hozta fel p\u00e9ldak\u00e9nt, mondv\u00e1n: a k\u00f6telez\u0151 regisztr\u00e1ci\u00f3 eset\u00e9n hajsz\u00e1lpontosan meg kell hat\u00e1rozni, hogy ki min\u0151s\u00fcl lobbist\u00e1nak, Washingtonban pedig hi\u00e1ba \u00e9p\u00fcl kb. 100 ezer f\u0151t foglalkoztat\u00f3 ipar\u00e1g a d\u00f6nt\u00e9sek befoly\u00e1sol\u00e1s\u00e1ra, jogilag a lobbista az az egyetlen szem\u00e9ly, aki kapcsolatot tart a d\u00f6nt\u00e9shoz\u00f3kkal, ez\u00e9rt a list\u00e1n a lobbiipar szerepl\u0151inek tizede j\u00f3 ha szerepel.<br \/>\nAz Eur\u00f3pai Parlamenttel folytatott t\u00e1rgyal\u00e1sokat ismer\u0151 bizotts\u00e1gi forr\u00e1s szerint a vita teljesen lesz\u0171k\u00fclt arra az egyetlen \u00e9rvre, hogy a &#8222;k\u00f6telez\u0151 egyben jobb is&#8221;, pedig ez egy\u00e1ltal\u00e1n nem biztos.<br \/>\nEgyr\u00e9szt jogilag is agg\u00e1lyos a dolog, mert Br\u00fcsszel t\u00f6bb jogi szak\u00e9rt\u0151 v\u00e9lem\u00e9ny\u00e9t is kik\u00e9rte \u00e9s \u00fagy fest a dolog, hogy az uni\u00f3s szerz\u0151d\u00e9s erre nem ad lehet\u0151s\u00e9get, egyed\u00fcl az a passzus tenn\u00e9 ezt lehet\u0151v\u00e9, amely az uni\u00f3s int\u00e9zm\u00e9nyek jogk\u00f6r\u00e9nek rendk\u00edv\u00fcli kib\u0151v\u00edt\u00e9s\u00e9t szab\u00e1lyozza, ahhoz viszont a tag\u00e1llamok teljes egyet\u00e9rt\u00e9se mellett az EP beleegyez\u00e9se is sz\u00fcks\u00e9ges, r\u00e1ad\u00e1sul a tag\u00e1llami szab\u00e1lyok szerint a londoni \u00e9s a berlini parlamentnek is el\u0151re felhatalmaz\u00e1st kell adnia a dologra, ez pedig &#8222;politikailag gyakorlatilag lehetetlen&#8221; &#8211; fogalmazott a magas rang\u00fa uni\u00f3s tisztvisel\u0151.<br \/>\nA bizotts\u00e1g most kifejezetten b\u00fcszke arra, hogy az \u00f6nk\u00e9ntes alapon m\u0171k\u00f6d\u0151 nyilv\u00e1ntart\u00e1s mintegy 6000 c\u00e9get, szervezetet, \u00e9s az \u00e1ltaluk foglalkoztatott mintegy 30 ezer f\u0151t tartalmaz. A list\u00e1n a lobbic\u00e9gek h\u00e1romnegyede, a civil szervezetek 60 sz\u00e1zal\u00e9ka szerepel &#8211; magyar\u00e1zta a forr\u00e1s. A k\u00f6telez\u0151v\u00e9 t\u00e9tel sok olyan szervezetet \u00e9s szem\u00e9lyt kiz\u00e1rna ebb\u0151l a k\u00f6rb\u0151l, akik nem a sz\u00f3 szoros \u00e9rtelm\u00e9ben vett lobbist\u00e1k, viszont hat\u00e1ssal akarnak lenni az uni\u00f3s d\u00f6nt\u00e9shozatalra, elemz\u0151 k\u00f6zpontok, kutat\u00f3 k\u00f6zpontok, civil szervezetek, stb. &#8211; \u00e9rvelt a forr\u00e1s, aki szerint a jogilag k\u00f6telez\u0151 regisztr\u00e1ci\u00f3 helyett a de facto k\u00f6telez\u0151 regisztr\u00e1ci\u00f3 lenne optim\u00e1lis, vagyis az, ha az uni\u00f3s int\u00e9zm\u00e9nyek effekt\u00edve csak azokat engedn\u00e9k a d\u00f6nt\u00e9shozatal k\u00f6zel\u00e9be, akik \u00f6nk\u00e9nt feliratkoznak a list\u00e1ra \u00e9s k\u00f6zz\u00e9teszik magukr\u00f3l, hogy kinek az \u00e9rdek\u00e9ben cselekszenek, kit k\u00e9pviselnek, ki t\u00e1mogatja, finansz\u00edrozza \u0151ket.<br \/>\nAzt kell l\u00e1tniuk, hogy a saj\u00e1t j\u00f3hiszem\u0171s\u00e9g\u00fckr\u0151l tehetnek tan\u00fabizonys\u00e1got a regisztr\u00e1ci\u00f3val, \u00e9s semmi h\u00e1tr\u00e1nyuk nem sz\u00e1rmazik bel\u0151le &#8211; magyar\u00e1zta az uni\u00f3s tisztvisel\u0151.(MTI)<\/p>\n","protected":false},"excerpt":{"rendered":"<p>K\u00e9t \u00e9ve kezdett m\u0171k\u00f6dni az Eur\u00f3pai Bizotts\u00e1g \u00e9s az Eur\u00f3pai Parlament k\u00f6z\u00f6tti meg\u00e1llapod\u00e1s \u00e9rtelm\u00e9ben az \u00fagynevezett transzparencia regiszter, amelyre \u00f6nk\u00e9ntesen feliratkozhatnak azok, akik befoly\u00e1solni \u00f3hajtj\u00e1k a br\u00fcsszeli d\u00f6nt\u00e9shozatalt. A regiszter szab\u00e1lyainak tervezett fel\u00fclvizsg\u00e1lata most zajlik, egy magas rang\u00fa bizotts\u00e1gi tisztvisel\u0151 pedig \u00fagy nyilatkozott, hogy a lobbist\u00e1k regisztr\u00e1ci\u00f3ja aligha lesz k\u00f6telez\u0151.<\/p>\n","protected":false},"author":1,"featured_media":0,"comment_status":"open","ping_status":"closed","sticky":false,"template":"","format":"standard","meta":[],"categories":[12],"tags":[],"_links":{"self":[{"href":"https:\/\/gazdasagportal.hu\/index.php\/wp-json\/wp\/v2\/posts\/21582"}],"collection":[{"href":"https:\/\/gazdasagportal.hu\/index.php\/wp-json\/wp\/v2\/posts"}],"about":[{"href":"https:\/\/gazdasagportal.hu\/index.php\/wp-json\/wp\/v2\/types\/post"}],"author":[{"embeddable":true,"href":"https:\/\/gazdasagportal.hu\/index.php\/wp-json\/wp\/v2\/users\/1"}],"replies":[{"embeddable":true,"href":"https:\/\/gazdasagportal.hu\/index.php\/wp-json\/wp\/v2\/comments?post=21582"}],"version-history":[{"count":1,"href":"https:\/\/gazdasagportal.hu\/index.php\/wp-json\/wp\/v2\/posts\/21582\/revisions"}],"predecessor-version":[{"id":21583,"href":"https:\/\/gazdasagportal.hu\/index.php\/wp-json\/wp\/v2\/posts\/21582\/revisions\/21583"}],"wp:attachment":[{"href":"https:\/\/gazdasagportal.hu\/index.php\/wp-json\/wp\/v2\/media?parent=21582"}],"wp:term":[{"taxonomy":"category","embeddable":true,"href":"https:\/\/gazdasagportal.hu\/index.php\/wp-json\/wp\/v2\/categories?post=21582"},{"taxonomy":"post_tag","embeddable":true,"href":"https:\/\/gazdasagportal.hu\/index.php\/wp-json\/wp\/v2\/tags?post=21582"}],"curies":[{"name":"wp","href":"https:\/\/api.w.org\/{rel}","templated":true}]}}