{"id":21561,"date":"2013-11-20T07:22:20","date_gmt":"2013-11-20T06:22:20","guid":{"rendered":"http:\/\/stockportal.hu\/?p=21561"},"modified":"2013-11-19T21:23:31","modified_gmt":"2013-11-19T20:23:31","slug":"csefalvay-140-milliard-forint-jut-a-kovetkezo-unios-ciklusban-a-start-up-programokra","status":"publish","type":"post","link":"https:\/\/gazdasagportal.hu\/index.php\/csefalvay-140-milliard-forint-jut-a-kovetkezo-unios-ciklusban-a-start-up-programokra\/","title":{"rendered":"Cs\u00e9falvay: 140 milli\u00e1rd forint jut a k\u00f6vetkez\u0151 uni\u00f3s ciklusban a start-up programokra"},"content":{"rendered":"<p><strong>A korm\u00e1ny a k\u00f6vetkez\u0151 uni\u00f3s k\u00f6lts\u00e9gvet\u00e9si ciklusban mintegy 140 milli\u00e1rd forintot sz\u00e1n uni\u00f3s \u00e9s hazai forr\u00e1sb\u00f3l a magyarorsz\u00e1gi start-up vil\u00e1g er\u0151s\u00edt\u00e9s\u00e9t c\u00e9lz\u00f3 programokra &#8211; mondta Cs\u00e9falvay Zolt\u00e1n kedden a &#8222;Fiatal v\u00e1llalkoz\u00f3k hete&#8221; rendezv\u00e9nyen, Budapesten.<!--more--><\/strong><\/p>\n<p>A Nemzetgazdas\u00e1gi Miniszt\u00e9rium \u00e1llamtitk\u00e1ra meger\u0151s\u00edtette: szeretn\u00e9k, ha Budapest 2020-ra K\u00f6z\u00e9p-Kelet-Eur\u00f3pa start-up f\u0151v\u00e1rosa lenne.<br \/>\nIlan Mor, Izrael \u00c1llam budapesti nagyk\u00f6vete megnyit\u00f3 el\u0151ad\u00e1s\u00e1ban kiemelte: Izrael nagy hangs\u00falyt helyez az innov\u00e1ci\u00f3ra, Izrael \u00c1llam a GDP t\u00f6bb mint 5 sz\u00e1zal\u00e9k\u00e1t ford\u00edtja K+F kiad\u00e1sokra.<br \/>\nIzrael a cs\u00facstechnol\u00f3giai \u00e9s kommunik\u00e1ci\u00f3s kutat\u00e1sokra, a biotechnol\u00f3giai fejleszt\u00e9sekre, \u00e9s \u00e9p\u00edt\u00e9szetre helyezi a f\u0151 hangs\u00falyt &#8211; tette hozz\u00e1.<br \/>\nAz NGM parlamenti \u00e9s gazdas\u00e1gstrat\u00e9gi\u00e1\u00e9rt felel\u0151s \u00e1llamtitk\u00e1ra Hogyan lehet\u00fcnk start-up f\u0151v\u00e1ros? c\u00edmmel tartott el\u0151ad\u00e1s\u00e1ban r\u00e1mutatott: a start-up c\u00e9gek fejl\u0151d\u00e9s\u00e9t seg\u00edt\u0151 p\u00e9nzeszk\u00f6z\u00f6k k\u00e9tharmada visszat\u00e9r\u00edtend\u0151 t\u00e1mogat\u00e1s lesz, az \u00faj, innovat\u00edv c\u00e9geknek ugyanis fejleszt\u00e9seik egy r\u00e9sz\u00e9t saj\u00e1t er\u0151forr\u00e1sb\u00f3l, saj\u00e1t kock\u00e1zatra k\u00edv\u00e1natos megval\u00f3s\u00edtaniuk. Ehhez persze kedvezm\u00e9nyes hiteleket vehetnek majd fel, illetve ehhez t\u00e1rsul\u00f3 garanciav\u00e1llal\u00e1s seg\u00edtheti a fiatal innovat\u00edv v\u00e1llalkoz\u00e1sok indul\u00e1s\u00e1t &#8211; f\u0171zte hozz\u00e1.<br \/>\nAz \u00e1llamtitk\u00e1r hangs\u00falyozta: 2012-ben K+F kiad\u00e1sokra a GDP 1,3 sz\u00e1zal\u00e9k\u00e1t k\u00f6lt\u00f6tt\u00e9k el Magyarorsz\u00e1gon, ez a kor\u00e1bbi \u00e9vekhez k\u00e9pest kiemelked\u0151 ar\u00e1ny, ami \u00f6sszesen mintegy 363 milli\u00e1rd forintot jelentett, ennek k\u00e9tharmada v\u00e1llalati fejleszt\u00e9s volt. Van azonban m\u00e9g t\u00e9r a fejl\u0151d\u00e9sre, hisz az Eur\u00f3pai Uni\u00f3 tag\u00e1llamai \u00e1tlagban 1,9 sz\u00e1zal\u00e9kot ford\u00edtanak K+F k\u00f6lts\u00e9gekre &#8211; mutatott r\u00e1.<br \/>\nCs\u00e9falvay Zolt\u00e1n kiemelte: a k\u00f6vetkez\u0151 uni\u00f3s k\u00f6lts\u00e9gvet\u00e9si ciklusban egy\u00fcttesen mintegy 7300 milli\u00e1rd forint uni\u00f3s \u00e9s hazai forr\u00e1s, t\u00e1mogat\u00e1s seg\u00edti a magyarorsz\u00e1gi fejleszt\u00e9seket, ennek mintegy 60 sz\u00e1zal\u00e9k\u00e1t k\u00f6zvetlen\u00fcl gazdas\u00e1gfejleszt\u00e9sre k\u00edv\u00e1nja k\u00f6lteni a korm\u00e1nyzat. Kifejezetten K+F kiad\u00e1sokra mintegy 700 milli\u00e1rd forintot k\u00edv\u00e1n ford\u00edtani a korm\u00e1ny &#8211; tette hozz\u00e1.<br \/>\nCs\u00e9falvay Zolt\u00e1n arr\u00f3l is sz\u00f3lt, hogy a start-up c\u00e9gek t\u00e1mogat\u00e1s\u00e1ban, fejleszt\u00e9s\u00e9ben kiemelten nagy szerepet kapnak a kock\u00e1zati t\u0151ket\u00e1rsas\u00e1gok. Hangoztatta: Magyarorsz\u00e1g az els\u0151 az Eur\u00f3pai Uni\u00f3ban azt tekintve, hogy a kock\u00e1zati t\u0151ket\u00e1rsas\u00e1gok befektet\u00e9sei a GDP h\u00e1ny sz\u00e1zal\u00e9k\u00e1t adj\u00e1k, a Magyarorsz\u00e1gon el\u00e9rt ar\u00e1ny az uni\u00f3s \u00e1tlag h\u00e1romszorosa. (MTI)<\/p>\n","protected":false},"excerpt":{"rendered":"<p>A korm\u00e1ny a k\u00f6vetkez\u0151 uni\u00f3s k\u00f6lts\u00e9gvet\u00e9si ciklusban mintegy 140 milli\u00e1rd forintot sz\u00e1n uni\u00f3s \u00e9s hazai forr\u00e1sb\u00f3l a magyarorsz\u00e1gi start-up vil\u00e1g er\u0151s\u00edt\u00e9s\u00e9t c\u00e9lz\u00f3 programokra &#8211; mondta Cs\u00e9falvay Zolt\u00e1n kedden a &#8222;Fiatal v\u00e1llalkoz\u00f3k hete&#8221; rendezv\u00e9nyen, Budapesten.<\/p>\n","protected":false},"author":1,"featured_media":0,"comment_status":"open","ping_status":"closed","sticky":false,"template":"","format":"standard","meta":[],"categories":[19],"tags":[],"_links":{"self":[{"href":"https:\/\/gazdasagportal.hu\/index.php\/wp-json\/wp\/v2\/posts\/21561"}],"collection":[{"href":"https:\/\/gazdasagportal.hu\/index.php\/wp-json\/wp\/v2\/posts"}],"about":[{"href":"https:\/\/gazdasagportal.hu\/index.php\/wp-json\/wp\/v2\/types\/post"}],"author":[{"embeddable":true,"href":"https:\/\/gazdasagportal.hu\/index.php\/wp-json\/wp\/v2\/users\/1"}],"replies":[{"embeddable":true,"href":"https:\/\/gazdasagportal.hu\/index.php\/wp-json\/wp\/v2\/comments?post=21561"}],"version-history":[{"count":1,"href":"https:\/\/gazdasagportal.hu\/index.php\/wp-json\/wp\/v2\/posts\/21561\/revisions"}],"predecessor-version":[{"id":21562,"href":"https:\/\/gazdasagportal.hu\/index.php\/wp-json\/wp\/v2\/posts\/21561\/revisions\/21562"}],"wp:attachment":[{"href":"https:\/\/gazdasagportal.hu\/index.php\/wp-json\/wp\/v2\/media?parent=21561"}],"wp:term":[{"taxonomy":"category","embeddable":true,"href":"https:\/\/gazdasagportal.hu\/index.php\/wp-json\/wp\/v2\/categories?post=21561"},{"taxonomy":"post_tag","embeddable":true,"href":"https:\/\/gazdasagportal.hu\/index.php\/wp-json\/wp\/v2\/tags?post=21561"}],"curies":[{"name":"wp","href":"https:\/\/api.w.org\/{rel}","templated":true}]}}