{"id":21547,"date":"2013-11-19T17:44:33","date_gmt":"2013-11-19T16:44:33","guid":{"rendered":"http:\/\/stockportal.hu\/?p=21547"},"modified":"2013-11-19T16:22:03","modified_gmt":"2013-11-19T15:22:03","slug":"fidesz-gondor-istvan-megemelne-az-atlagfizetes-adojat","status":"publish","type":"post","link":"https:\/\/gazdasagportal.hu\/index.php\/fidesz-gondor-istvan-megemelne-az-atlagfizetes-adojat\/","title":{"rendered":"Fidesz: G\u00f6nd\u00f6r Istv\u00e1n megemeln\u00e9 az \u00e1tlagfizet\u00e9s ad\u00f3j\u00e1t"},"content":{"rendered":"<p><strong>A Fidesz szerint G\u00f6nd\u00f6r Istv\u00e1n, az Egy\u00fctt PM nagykanizsai orsz\u00e1ggy\u0171l\u00e9si k\u00e9pvisel\u0151jel\u00f6ltje, illetve Bajnai Gordon az egykulcsos ad\u00f3 elt\u00f6rl\u00e9s\u00e9vel az \u00e1tlagos fizet\u00e9sek ad\u00f3j\u00e1nak megemel\u00e9s\u00e9t t\u0171zik ki c\u00e9lul.<!--more--><\/strong><\/p>\n<p>Err\u0151l Bizzer Andr\u00e1s, a Fidesz nagykanizsai \u00f6nkorm\u00e1nyzati k\u00e9pvisel\u0151je besz\u00e9lt keddi sajt\u00f3t\u00e1j\u00e9koztat\u00f3j\u00e1n, arra reag\u00e1lva, hogy a m\u00falt h\u00e9ten G\u00f6nd\u00f6r Istv\u00e1n &#8211; a Zalai H\u00edrlap tud\u00f3s\u00edt\u00e1sa szerint &#8211; sajt\u00f3t\u00e1j\u00e9koztat\u00f3j\u00e1n kifejtette: a korm\u00e1ny az egykulcsos ad\u00f3val hossz\u00fa t\u00e1vra konzerv\u00e1lja a t\u00e1rsadalmi igazs\u00e1gtalans\u00e1got.<br \/>\nAz k\u00e9pvisel\u0151 szerint a csal\u00e1di ad\u00f3kedvezm\u00e9ny ig\u00e9nybev\u00e9tel\u00e9nek j\u00f6v\u0151 \u00e9vi b\u0151v\u00edt\u00e9se 270 ezer csal\u00e1d helyzet\u00e9t jav\u00edtja tov\u00e1bb, s ez az int\u00e9zked\u00e9s is a korm\u00e1nyzat &#8222;stabilit\u00e1st szolg\u00e1l\u00f3, elk\u00f6telezett ad\u00f3politik\u00e1j\u00e1nak&#8221; k\u00f6sz\u00f6nhet\u0151.<br \/>\nA v\u00e1rosatya azt mondta, \u00e9ppen G\u00f6nd\u00f6r Istv\u00e1n szavainak elhangz\u00e1sa napj\u00e1n tette k\u00f6zz\u00e9 a KSH az 1,7 sz\u00e1zal\u00e9kos gazdas\u00e1gi n\u00f6veked\u00e9st mutat\u00f3 adat\u00e1t, a parlament az \u00e9l\u0151 sert\u00e9s \u00e1f\u00e1j\u00e1t pedig 5 sz\u00e1zal\u00e9kra k\u00edv\u00e1nja cs\u00f6kkenteni. A &#8222;Bajnai f\u00e9le csapat&#8221; ad\u00f3politik\u00e1ja szerint azonban mindenki gazdag, aki csak egy kicsivel t\u00f6bbet keres a minim\u00e1lb\u00e9rn\u00e9l, de a t\u00f6bbkulcsos ad\u00f3 miatt \u0151k biztosan jelent\u0151s ad\u00f3emel\u00e9st lenn\u00e9nek k\u00e9nytelenek elviselni.<br \/>\nBizzer Andr\u00e1s arr\u00f3l is besz\u00e9lt, hogy G\u00f6nd\u00f6r Istv\u00e1n &#8222;20 \u00e9ven kereszt\u00fcl volt a kem\u00e9ny diktat\u00far\u00e1t felvonultat\u00f3 K\u00e1d\u00e1r korszak szek\u00e9rtol\u00f3ja&#8221;. A jelenleg a szocialista orsz\u00e1ggy\u0171l\u00e9si frakci\u00f3ban helyet foglal\u00f3 k\u00e9pvisel\u0151 1971-ben bel\u00e9pett az MSZMP-be, majd p\u00e1rtitk\u00e1r lett, most pedig egy liber\u00e1lis p\u00e1rt szoci\u00e1ldemokrata jel\u00f6ltje.<br \/>\n&#8222;Mindezekb\u0151l az k\u00f6vetkezik, hogy G\u00f6nd\u00f6r Istv\u00e1nt csak a hatalom \u00e9rdekli \u00e9s a hatalom\u00e9rt mindenre k\u00e9pes&#8221; &#8211; fogalmazta meg a v\u00e1rosi k\u00e9pvisel\u0151.(MTI)<\/p>\n","protected":false},"excerpt":{"rendered":"<p>A Fidesz szerint G\u00f6nd\u00f6r Istv\u00e1n, az Egy\u00fctt PM nagykanizsai orsz\u00e1ggy\u0171l\u00e9si k\u00e9pvisel\u0151jel\u00f6ltje, illetve Bajnai Gordon az egykulcsos ad\u00f3 elt\u00f6rl\u00e9s\u00e9vel az \u00e1tlagos fizet\u00e9sek ad\u00f3j\u00e1nak megemel\u00e9s\u00e9t t\u0171zik ki c\u00e9lul.<\/p>\n","protected":false},"author":1,"featured_media":1033,"comment_status":"open","ping_status":"closed","sticky":false,"template":"","format":"standard","meta":[],"categories":[18],"tags":[],"_links":{"self":[{"href":"https:\/\/gazdasagportal.hu\/index.php\/wp-json\/wp\/v2\/posts\/21547"}],"collection":[{"href":"https:\/\/gazdasagportal.hu\/index.php\/wp-json\/wp\/v2\/posts"}],"about":[{"href":"https:\/\/gazdasagportal.hu\/index.php\/wp-json\/wp\/v2\/types\/post"}],"author":[{"embeddable":true,"href":"https:\/\/gazdasagportal.hu\/index.php\/wp-json\/wp\/v2\/users\/1"}],"replies":[{"embeddable":true,"href":"https:\/\/gazdasagportal.hu\/index.php\/wp-json\/wp\/v2\/comments?post=21547"}],"version-history":[{"count":1,"href":"https:\/\/gazdasagportal.hu\/index.php\/wp-json\/wp\/v2\/posts\/21547\/revisions"}],"predecessor-version":[{"id":21548,"href":"https:\/\/gazdasagportal.hu\/index.php\/wp-json\/wp\/v2\/posts\/21547\/revisions\/21548"}],"wp:featuredmedia":[{"embeddable":true,"href":"https:\/\/gazdasagportal.hu\/index.php\/wp-json\/wp\/v2\/media\/1033"}],"wp:attachment":[{"href":"https:\/\/gazdasagportal.hu\/index.php\/wp-json\/wp\/v2\/media?parent=21547"}],"wp:term":[{"taxonomy":"category","embeddable":true,"href":"https:\/\/gazdasagportal.hu\/index.php\/wp-json\/wp\/v2\/categories?post=21547"},{"taxonomy":"post_tag","embeddable":true,"href":"https:\/\/gazdasagportal.hu\/index.php\/wp-json\/wp\/v2\/tags?post=21547"}],"curies":[{"name":"wp","href":"https:\/\/api.w.org\/{rel}","templated":true}]}}