{"id":21533,"date":"2013-11-19T14:58:48","date_gmt":"2013-11-19T13:58:48","guid":{"rendered":"http:\/\/stockportal.hu\/?p=21533"},"modified":"2013-11-19T14:58:48","modified_gmt":"2013-11-19T13:58:48","slug":"meg-ot-evig-korlatoznak-a-romanok-es-a-bolgarok-bevandorlasat-a-brit-konzervativok","status":"publish","type":"post","link":"https:\/\/gazdasagportal.hu\/index.php\/meg-ot-evig-korlatoznak-a-romanok-es-a-bolgarok-bevandorlasat-a-brit-konzervativok\/","title":{"rendered":"M\u00e9g \u00f6t \u00e9vig korl\u00e1tozn\u00e1k a rom\u00e1nok \u00e9s a bolg\u00e1rok bev\u00e1ndorl\u00e1s\u00e1t a brit konzervat\u00edvok"},"content":{"rendered":"<p><strong>A rom\u00e1n \u00e9s a bolg\u00e1r munkav\u00e1llal\u00f3k nagy-britanniai letelep\u00fcl\u00e9s\u00e9t korl\u00e1toz\u00f3, janu\u00e1rban lej\u00e1r\u00f3 \u00e1tmeneti int\u00e9zked\u00e9sek tov\u00e1bbi \u00f6t\u00e9vi meghosszabb\u00edt\u00e1s\u00e1t kezdem\u00e9nyezte a korm\u00e1nyz\u00f3 brit Konzervat\u00edv P\u00e1rt t\u00f6bb k\u00e9pvisel\u0151je.<!--more--><\/strong><\/p>\n<p>Az ind\u00edtv\u00e1ny, amelynek bizotts\u00e1gi t\u00e1rgyal\u00e1sa kedden kezd\u0151d\u00f6tt, n\u00e9h\u00e1ny h\u00e9ten bel\u00fcl az als\u00f3h\u00e1z el\u00e9 ker\u00fclhet szavaz\u00e1sra.<br \/>\nA rom\u00e1n \u00e9s a bolg\u00e1r \u00e1llampolg\u00e1rok nagy-britanniai munkav\u00e1llal\u00e1s\u00e1t korl\u00e1toz\u00f3 int\u00e9zked\u00e9sek hat\u00e1lya a h\u00e9t\u00e9vi \u00e1tmeneti id\u0151szak ut\u00e1n janu\u00e1r 1-j\u00e9vel lej\u00e1r, a korm\u00e1ny bev\u00e1ndorl\u00e1si t\u00f6rv\u00e9nytervezet\u00e9hez beny\u00fajtott m\u00f3dos\u00edt\u00f3 ind\u00edtv\u00e1ny azonban 2018 december\u00e9nek v\u00e9g\u00e9ig javasolja kiterjeszteni a korl\u00e1toz\u00e1sokat.<br \/>\nA brit bel\u00fcgyminiszt\u00e9rium sz\u00f3viv\u0151je a Daily Mail c\u00edm\u0171 konzervat\u00edv napilap keddi k\u00f6zl\u00e9se szerint kijelentette, hogy az uni\u00f3s csatlakoz\u00e1si szerz\u0151d\u00e9s alapj\u00e1n a brit korm\u00e1nynak nem \u00e1ll m\u00f3dj\u00e1ban a korl\u00e1toz\u00e1sok meghosszabb\u00edt\u00e1sa.<br \/>\nA bel\u00fcgyi sz\u00f3viv\u0151 hozz\u00e1tette: a brit korm\u00e1ny arra \u00f6sszpontos\u00edt, hogy elej\u00e9t vegye az EU-n bel\u00fcli szabad munkaer\u0151-\u00e1raml\u00e1shoz kapcsol\u00f3d\u00f3 vissza\u00e9l\u00e9seknek.<br \/>\nNagy-Britanni\u00e1ban mindazon\u00e1ltal &#8211; \u00e9ppen a rom\u00e1n \u00e9s a bolg\u00e1r \u00e1llampolg\u00e1rokkal szembeni korl\u00e1toz\u00e1sok lej\u00e1rt\u00e1nak k\u00f6zeledt\u00e9vel &#8211; egyre fajs\u00falyosabb belpolitikai vitat\u00e9m\u00e1v\u00e1 v\u00e1lik az uni\u00f3s t\u00e1rs\u00e1llamokb\u00f3l \u00e9rkez\u0151k bev\u00e1ndorl\u00e1s\u00e1nak szab\u00e1lyoz\u00e1sa.<br \/>\nA m\u00falt h\u00e9ten m\u00e9g a brit Munk\u00e1sp\u00e1rt egyik legtekint\u00e9lyesebb veter\u00e1n politikusa, Jack Straw volt bel\u00fcgy- \u00e9s k\u00fcl\u00fcgyminiszter is &#8222;l\u00e1tv\u00e1nyos hib\u00e1nak&#8221; min\u0151s\u00edtette, hogy a Labour vezette korabeli brit korm\u00e1ny az EU-szab\u00e1lyok \u00e1ltal lehet\u0151v\u00e9 tett \u00e1tmeneti korl\u00e1toz\u00e1sok n\u00e9lk\u00fcl beengedte Nagy-Britanni\u00e1ba a k\u00f6z\u00e9p- \u00e9s kelet-eur\u00f3pai \u00faj uni\u00f3s tag\u00e1llamok munkav\u00e1llal\u00f3it a 2004-es EU-b\u0151v\u00edt\u00e9s ut\u00e1n.<br \/>\nA 2010-es v\u00e1laszt\u00e1sok \u00f3ta ellenz\u00e9kben politiz\u00e1l\u00f3 Munk\u00e1sp\u00e1rt jelenlegi vezet\u0151je \u00e9s minisztereln\u00f6k-jel\u00f6ltje, Ed Miliband is kijelentette nemr\u00e9giben, hogy a Munk\u00e1sp\u00e1rt ma m\u00e1r nem engedn\u00e9 be korl\u00e1toz\u00e1s n\u00e9lk\u00fcl a k\u00f6z\u00e9p- \u00e9s kelet-eur\u00f3pai EU-tag\u00e1llamokb\u00f3l \u00e9rkez\u0151 munkav\u00e1llal\u00f3kat.<br \/>\nNagy-Britannia volt a legnagyobb olyan nyugati EU-tagorsz\u00e1g, amely 2004-ben a lehets\u00e9ges \u00e1tmeneti korl\u00e1toz\u00e1sokkal nem \u00e9lve, azonnal megnyitotta munkaer\u0151piac\u00e1t az akkor uni\u00f3s tagg\u00e1 v\u00e1lt nyolc k\u00f6z\u00e9p- \u00e9s kelet-eur\u00f3pai orsz\u00e1g, k\u00f6zt\u00fck Magyarorsz\u00e1g el\u0151tt. A brit bel\u00fcgyminiszt\u00e9rium akkori el\u0151rejelz\u00e9se \u00e9vi 5-13 ezerre taks\u00e1lta az \u00faj EU-tag\u00e1llamokb\u00f3l \u00e9rkez\u0151 munkav\u00e1llal\u00f3k v\u00e1rhat\u00f3 sz\u00e1m\u00e1t, hivatalos becsl\u00e9sek szerint azonban a b\u0151v\u00edt\u00e9s \u00f3ta \u00f6sszesen 1-1,5 milli\u00f3 keleti EU-polg\u00e1r telep\u00fclt le tart\u00f3san Nagy-Britanni\u00e1ban.<br \/>\nA Konzervat\u00edv P\u00e1rt vezet\u0151 politikusai r\u00e9sz\u00e9r\u0151l is rendszeresen elhangzott az ut\u00f3bbi h\u00f3napokban az az ig\u00e9ny, hogy az uni\u00f3s t\u00e1rs\u00e1llamokb\u00f3l \u00e9rkez\u0151k szabad nagy-britanniai munkav\u00e1llal\u00e1s\u00e1nak teljes rendszer\u00e9t \u00e1ltal\u00e1nos fel\u00fclvizsg\u00e1latnak kell al\u00e1vetni.<br \/>\nJonathan Todd, Andor L\u00e1szl\u00f3 foglalkoztat\u00e1s\u00e9rt, szoci\u00e1lis \u00fcgyek\u00e9rt \u00e9s t\u00e1rsadalmi befogad\u00e1s\u00e9rt felel\u0151s uni\u00f3s biztos sz\u00f3viv\u0151je a vit\u00e1t komment\u00e1lva a minap azonban kijelentette a BBC telev\u00edzi\u00f3ban, hogy a brit gazdas\u00e1g \u00e9s a k\u00f6lts\u00e9gvet\u00e9s j\u00f3l j\u00e1r az EU-t\u00e1rs\u00e1llamokb\u00f3l \u00e9rkez\u0151 munkav\u00e1llal\u00f3k be\u00e1raml\u00e1s\u00e1val. Todd szerint ugyanis a betelep\u00fcl\u0151 EU-polg\u00e1rok &#8222;hatalmas t\u00f6bbs\u00e9ge&#8221; t\u00f6bbet fizet be ad\u00f3 \u00e9s t\u00e1rsadalombiztos\u00edt\u00e1s form\u00e1j\u00e1ban a brit szoci\u00e1lis ell\u00e1t\u00f3rendszer k\u00f6lts\u00e9gvet\u00e9s\u00e9be, mint amennyit abb\u00f3l ig\u00e9nybe vesz. (MTI)<\/p>\n","protected":false},"excerpt":{"rendered":"<p>A rom\u00e1n \u00e9s a bolg\u00e1r munkav\u00e1llal\u00f3k nagy-britanniai letelep\u00fcl\u00e9s\u00e9t korl\u00e1toz\u00f3, janu\u00e1rban lej\u00e1r\u00f3 \u00e1tmeneti int\u00e9zked\u00e9sek tov\u00e1bbi \u00f6t\u00e9vi meghosszabb\u00edt\u00e1s\u00e1t kezdem\u00e9nyezte a korm\u00e1nyz\u00f3 brit Konzervat\u00edv P\u00e1rt t\u00f6bb k\u00e9pvisel\u0151je.<\/p>\n","protected":false},"author":1,"featured_media":0,"comment_status":"open","ping_status":"closed","sticky":false,"template":"","format":"standard","meta":[],"categories":[12],"tags":[],"_links":{"self":[{"href":"https:\/\/gazdasagportal.hu\/index.php\/wp-json\/wp\/v2\/posts\/21533"}],"collection":[{"href":"https:\/\/gazdasagportal.hu\/index.php\/wp-json\/wp\/v2\/posts"}],"about":[{"href":"https:\/\/gazdasagportal.hu\/index.php\/wp-json\/wp\/v2\/types\/post"}],"author":[{"embeddable":true,"href":"https:\/\/gazdasagportal.hu\/index.php\/wp-json\/wp\/v2\/users\/1"}],"replies":[{"embeddable":true,"href":"https:\/\/gazdasagportal.hu\/index.php\/wp-json\/wp\/v2\/comments?post=21533"}],"version-history":[{"count":1,"href":"https:\/\/gazdasagportal.hu\/index.php\/wp-json\/wp\/v2\/posts\/21533\/revisions"}],"predecessor-version":[{"id":21534,"href":"https:\/\/gazdasagportal.hu\/index.php\/wp-json\/wp\/v2\/posts\/21533\/revisions\/21534"}],"wp:attachment":[{"href":"https:\/\/gazdasagportal.hu\/index.php\/wp-json\/wp\/v2\/media?parent=21533"}],"wp:term":[{"taxonomy":"category","embeddable":true,"href":"https:\/\/gazdasagportal.hu\/index.php\/wp-json\/wp\/v2\/categories?post=21533"},{"taxonomy":"post_tag","embeddable":true,"href":"https:\/\/gazdasagportal.hu\/index.php\/wp-json\/wp\/v2\/tags?post=21533"}],"curies":[{"name":"wp","href":"https:\/\/api.w.org\/{rel}","templated":true}]}}