{"id":21529,"date":"2013-11-19T14:20:53","date_gmt":"2013-11-19T13:20:53","guid":{"rendered":"http:\/\/stockportal.hu\/?p=21529"},"modified":"2013-11-19T14:20:53","modified_gmt":"2013-11-19T13:20:53","slug":"a-jobbik-mentesitene-a-tranzakcios-illetek-alol-a-rezsibefizeteseket","status":"publish","type":"post","link":"https:\/\/gazdasagportal.hu\/index.php\/a-jobbik-mentesitene-a-tranzakcios-illetek-alol-a-rezsibefizeteseket\/","title":{"rendered":"A Jobbik mentes\u00edten\u00e9 a tranzakci\u00f3s illet\u00e9k al\u00f3l a rezsibefizet\u00e9seket"},"content":{"rendered":"<p><strong>A Jobbik azt kezdem\u00e9nyezi, hogy a j\u00f6v\u0151ben mentes\u00fcljenek a tranzakci\u00f3s illet\u00e9k al\u00f3l a k\u00f6z\u00fczemi sz\u00e1ml\u00e1k befizet\u00e9sei. Az err\u0151l sz\u00f3l\u00f3 hat\u00e1rozati javaslatot m\u00e9g a h\u00e9ten beny\u00fajtja az ellenz\u00e9ki p\u00e1rt az Orsz\u00e1ggy\u0171l\u00e9snek &#8211; jelentette be Z. K\u00e1rp\u00e1t D\u00e1niel keddi sajt\u00f3t\u00e1j\u00e9koztat\u00f3j\u00e1n.<!--more--><\/strong><\/p>\n<p>A k\u00e9pvisel\u0151 \u00fagy folytatta: ha a korm\u00e1ny val\u00f3ban ki akarja terjeszteni a rezsics\u00f6kkent\u00e9st, akkor t\u00e1mogatnia kell a Jobbik javaslat\u00e1t, amely a s\u00e1rga csekkes \u00e9s a banki \u00e1tutal\u00e1sos befizet\u00e9sek eset\u00e9ben is tehermentes\u00edten\u00e9 a rezsik\u00f6lts\u00e9geket.<br \/>\nZ. K\u00e1rp\u00e1t D\u00e1niel a sajt\u00f3t\u00e1j\u00e9koztat\u00f3j\u00e1n reag\u00e1lt arra, hogy kedden kerekasztal-megbesz\u00e9l\u00e9st tartottak a devizahitelekr\u0151l a k\u00f6zigazgat\u00e1si t\u00e1rca \u00e9p\u00fclet\u00e9ben.<br \/>\nA jobbikos politikus szerint s\u00falyos hiba, hogy az egyeztet\u00e9sen egyetlen civil szervezet sem vett r\u00e9szt, szerinte a civilek n\u00e9lk\u00fcl nem lehet megfelel\u0151 megold\u00e1st tal\u00e1lni a probl\u00e9m\u00e1ra.\u00a0\u00a0A korm\u00e1ny \u00fajabb \u00e9s \u00fajabb hat\u00e1rid\u0151k megszab\u00e1s\u00e1val &#8222;l\u00e1that\u00f3an nem akarja megoldani ebben a ciklusban ezt a probl\u00e9m\u00e1t&#8221; &#8211; mondta.(MTI)<\/p>\n","protected":false},"excerpt":{"rendered":"<p>A Jobbik azt kezdem\u00e9nyezi, hogy a j\u00f6v\u0151ben mentes\u00fcljenek a tranzakci\u00f3s illet\u00e9k al\u00f3l a k\u00f6z\u00fczemi sz\u00e1ml\u00e1k befizet\u00e9sei. Az err\u0151l sz\u00f3l\u00f3 hat\u00e1rozati javaslatot m\u00e9g a h\u00e9ten beny\u00fajtja az ellenz\u00e9ki p\u00e1rt az Orsz\u00e1ggy\u0171l\u00e9snek &#8211; jelentette be Z. K\u00e1rp\u00e1t D\u00e1niel keddi sajt\u00f3t\u00e1j\u00e9koztat\u00f3j\u00e1n.<\/p>\n","protected":false},"author":1,"featured_media":20299,"comment_status":"open","ping_status":"closed","sticky":false,"template":"","format":"standard","meta":[],"categories":[19,18],"tags":[],"_links":{"self":[{"href":"https:\/\/gazdasagportal.hu\/index.php\/wp-json\/wp\/v2\/posts\/21529"}],"collection":[{"href":"https:\/\/gazdasagportal.hu\/index.php\/wp-json\/wp\/v2\/posts"}],"about":[{"href":"https:\/\/gazdasagportal.hu\/index.php\/wp-json\/wp\/v2\/types\/post"}],"author":[{"embeddable":true,"href":"https:\/\/gazdasagportal.hu\/index.php\/wp-json\/wp\/v2\/users\/1"}],"replies":[{"embeddable":true,"href":"https:\/\/gazdasagportal.hu\/index.php\/wp-json\/wp\/v2\/comments?post=21529"}],"version-history":[{"count":1,"href":"https:\/\/gazdasagportal.hu\/index.php\/wp-json\/wp\/v2\/posts\/21529\/revisions"}],"predecessor-version":[{"id":21530,"href":"https:\/\/gazdasagportal.hu\/index.php\/wp-json\/wp\/v2\/posts\/21529\/revisions\/21530"}],"wp:featuredmedia":[{"embeddable":true,"href":"https:\/\/gazdasagportal.hu\/index.php\/wp-json\/wp\/v2\/media\/20299"}],"wp:attachment":[{"href":"https:\/\/gazdasagportal.hu\/index.php\/wp-json\/wp\/v2\/media?parent=21529"}],"wp:term":[{"taxonomy":"category","embeddable":true,"href":"https:\/\/gazdasagportal.hu\/index.php\/wp-json\/wp\/v2\/categories?post=21529"},{"taxonomy":"post_tag","embeddable":true,"href":"https:\/\/gazdasagportal.hu\/index.php\/wp-json\/wp\/v2\/tags?post=21529"}],"curies":[{"name":"wp","href":"https:\/\/api.w.org\/{rel}","templated":true}]}}