{"id":21242,"date":"2013-11-15T08:21:13","date_gmt":"2013-11-15T07:21:13","guid":{"rendered":"http:\/\/stockportal.hu\/?p=21242"},"modified":"2013-11-15T04:22:10","modified_gmt":"2013-11-15T03:22:10","slug":"az-eurocsoport-udvozli-irorszag-es-spanyolorszag-eredmenyeit","status":"publish","type":"post","link":"https:\/\/gazdasagportal.hu\/index.php\/az-eurocsoport-udvozli-irorszag-es-spanyolorszag-eredmenyeit\/","title":{"rendered":"Az eur\u00f3csoport \u00fcdv\u00f6zli \u00cdrorsz\u00e1g \u00e9s Spanyolorsz\u00e1g eredm\u00e9nyeit"},"content":{"rendered":"<p><strong>\u00dcdv\u00f6z\u00f6lte az eur\u00f3t haszn\u00e1l\u00f3 orsz\u00e1gok p\u00e9nz\u00fcgyminisztereinek test\u00fclete azt a cs\u00fct\u00f6rt\u00f6ki bejelent\u00e9st, hogy \u00cdrorsz\u00e1g \u00e9s Spanyolorsz\u00e1g hamarosan kiker\u00fcl a nemzetk\u00f6zi p\u00e9nz\u00fcgyi v\u00e9d\u0151h\u00e1l\u00f3 al\u00f3l.<!--more--><\/strong><\/p>\n<p>Az \u00fagynevezett eur\u00f3csoport &#8211; Jeroen Dijsselbloem holland p\u00e9nz\u00fcgyminiszter eln\u00f6klet\u00e9vel &#8211; az EU-orsz\u00e1gok p\u00e9nz\u00fcgyminiszteri tan\u00e1cskoz\u00e1s\u00e1nak el\u0151est\u00e9j\u00e9n \u00fcl\u00e9sezett Br\u00fcsszelben. A megbesz\u00e9l\u00e9s ut\u00e1n tartott sajt\u00f3t\u00e1j\u00e9koztat\u00f3n Olli Rehn, az Eur\u00f3pai Bizotts\u00e1g gazdas\u00e1gi \u00e9s p\u00e9nz\u00fcgyi k\u00e9rd\u00e9sekben illet\u00e9kes aleln\u00f6ke azt mondta: &#8222;j\u00f3 nap ez \u00cdrorsz\u00e1gnak \u00e9s Spanyolorsz\u00e1gnak, \u00e9s j\u00f3 nap Eur\u00f3p\u00e1nak&#8221;.<br \/>\nDijsselbloem a kedvez\u0151 fejlem\u00e9nyt az eur\u00f3\u00f6vezet szempontj\u00e1b\u00f3l fontos l\u00e9p\u00e9snek min\u0151s\u00edtette.<br \/>\nAz \u00edr p\u00e9nz\u00fcgyi ment\u0151program decemberben, a spanyol bankszan\u00e1l\u00e1si akci\u00f3 pedig j\u00f6v\u0151 janu\u00e1rban fejez\u0151dik be.<br \/>\nG\u00f6r\u00f6gorsz\u00e1ggal nem lehet ennyire el\u00e9gedett az eur\u00f3csoport: a d\u00e9lkelet-eur\u00f3pai orsz\u00e1gban m\u00e9g sz\u00e1mos p\u00e9nz\u00fcgyi stabiliz\u00e1ci\u00f3s l\u00e9p\u00e9st kell megtenni. P\u00e9nz\u00fcgyi ment\u0151csomagban r\u00e9szes\u00fcl m\u00e9g az eur\u00f3z\u00f3na orsz\u00e1gai k\u00f6z\u00fcl Ciprus \u00e9s Portug\u00e1lia.(MTI)<\/p>\n","protected":false},"excerpt":{"rendered":"<p>\u00dcdv\u00f6z\u00f6lte az eur\u00f3t haszn\u00e1l\u00f3 orsz\u00e1gok p\u00e9nz\u00fcgyminisztereinek test\u00fclete azt a cs\u00fct\u00f6rt\u00f6ki bejelent\u00e9st, hogy \u00cdrorsz\u00e1g \u00e9s Spanyolorsz\u00e1g hamarosan kiker\u00fcl a nemzetk\u00f6zi p\u00e9nz\u00fcgyi v\u00e9d\u0151h\u00e1l\u00f3 al\u00f3l.<\/p>\n","protected":false},"author":1,"featured_media":20808,"comment_status":"open","ping_status":"closed","sticky":false,"template":"","format":"standard","meta":[],"categories":[12],"tags":[],"_links":{"self":[{"href":"https:\/\/gazdasagportal.hu\/index.php\/wp-json\/wp\/v2\/posts\/21242"}],"collection":[{"href":"https:\/\/gazdasagportal.hu\/index.php\/wp-json\/wp\/v2\/posts"}],"about":[{"href":"https:\/\/gazdasagportal.hu\/index.php\/wp-json\/wp\/v2\/types\/post"}],"author":[{"embeddable":true,"href":"https:\/\/gazdasagportal.hu\/index.php\/wp-json\/wp\/v2\/users\/1"}],"replies":[{"embeddable":true,"href":"https:\/\/gazdasagportal.hu\/index.php\/wp-json\/wp\/v2\/comments?post=21242"}],"version-history":[{"count":1,"href":"https:\/\/gazdasagportal.hu\/index.php\/wp-json\/wp\/v2\/posts\/21242\/revisions"}],"predecessor-version":[{"id":21243,"href":"https:\/\/gazdasagportal.hu\/index.php\/wp-json\/wp\/v2\/posts\/21242\/revisions\/21243"}],"wp:featuredmedia":[{"embeddable":true,"href":"https:\/\/gazdasagportal.hu\/index.php\/wp-json\/wp\/v2\/media\/20808"}],"wp:attachment":[{"href":"https:\/\/gazdasagportal.hu\/index.php\/wp-json\/wp\/v2\/media?parent=21242"}],"wp:term":[{"taxonomy":"category","embeddable":true,"href":"https:\/\/gazdasagportal.hu\/index.php\/wp-json\/wp\/v2\/categories?post=21242"},{"taxonomy":"post_tag","embeddable":true,"href":"https:\/\/gazdasagportal.hu\/index.php\/wp-json\/wp\/v2\/tags?post=21242"}],"curies":[{"name":"wp","href":"https:\/\/api.w.org\/{rel}","templated":true}]}}