{"id":21240,"date":"2013-11-15T08:01:22","date_gmt":"2013-11-15T07:01:22","guid":{"rendered":"http:\/\/stockportal.hu\/?p=21240"},"modified":"2013-11-15T04:20:53","modified_gmt":"2013-11-15T03:20:53","slug":"az-ekb-kesz-negativ-kamatlabat-is-bevezetni","status":"publish","type":"post","link":"https:\/\/gazdasagportal.hu\/index.php\/az-ekb-kesz-negativ-kamatlabat-is-bevezetni\/","title":{"rendered":"Az EKB k\u00e9sz negat\u00edv kamatl\u00e1bat is bevezetni"},"content":{"rendered":"<p><strong>Ak\u00e1r negat\u00edv kamatl\u00e1bat is k\u00e9sz bevezetni az Eur\u00f3pai K\u00f6zponti Bank (EKB) annak \u00e9rdek\u00e9ben, hogy a re\u00e1lgazdas\u00e1g hitelez\u00e9s\u00e9re k\u00e9nyszer\u00edtse a bankokat, az infl\u00e1ci\u00f3s c\u00e9l el\u00e9r\u00e9se \u00e9rdek\u00e9ben pedig ak\u00e1r banki eszk\u00f6z\u00f6k v\u00e1s\u00e1rl\u00e1s\u00e1t is hajland\u00f3 fontol\u00f3ra venni &#8211; jelentette ki Peter Praet, az EKB igazgat\u00f3s\u00e1g\u00e1nak tagja a Wall Street Journalnak adott interj\u00faban, igyekezve eloszlatni azokat az aggodalmakat, hogy az EKB kezd kifutni a rendelkez\u00e9s\u00e9re \u00e1ll\u00f3 monet\u00e1ris eszk\u00f6z\u00f6kb\u0151l.<!--more--><\/strong><\/p>\n<p>&#8222;Ha mand\u00e1tumunk bet\u00f6lt\u00e9se vesz\u00e9lybe ker\u00fcl, minden eszk\u00f6zt k\u00e9szek lesz\u00fcnk ig\u00e9nybe venni annak megakad\u00e1lyoz\u00e1s\u00e1ra&#8221; &#8211; hangs\u00falyozta Peter Praet. Okt\u00f3berben 0,7 sz\u00e1zal\u00e9kra, m\u00e9lyen az EKB 2,0 sz\u00e1zal\u00e9kos c\u00e9lja al\u00e1 lassult az eur\u00f3\u00f6vezeti infl\u00e1ci\u00f3. Praet r\u00e1mutatott azonban, hogy egyel\u0151re nincs sz\u00fcks\u00e9g tov\u00e1bbi \u00f6szt\u00f6nz\u0151 int\u00e9zked\u00e9sek alkalmaz\u00e1s\u00e1ra, mivel az EKB m\u00falt cs\u00fct\u00f6rt\u00f6ki 25 b\u00e1zispontos kamatv\u00e1g\u00e1sa kell\u0151k\u00e9ppen kiegyens\u00falyozta az eur\u00f3\u00f6vezeti infl\u00e1ci\u00f3s kock\u00e1zatokat.<br \/>\nSz\u00fcks\u00e9g eset\u00e9n azonban az EKB-nek m\u00f3dj\u00e1ban \u00e1ll tov\u00e1bbi hagyom\u00e1nyos l\u00e9p\u00e9seket is megtenni: &#8222;van lehet\u0151s\u00e9ge a kamatok tov\u00e1bbi cs\u00f6kkent\u00e9s\u00e9re, \u00e9s ez vonatkozik a let\u00e9ti kamatra (Deposit facility) is &#8211; hangs\u00falyozta az EKB igazgat\u00f3tan\u00e1cs\u00e1nak tagja.<br \/>\nA m\u00e1r h\u00f3napok \u00f3ta z\u00e9r\u00f3 let\u00e9ti kamat negat\u00edvba ford\u00edt\u00e1sa gyakorlatilag d\u00edjfizet\u00e9ssel b\u00fcntetn\u00e9 a bankokat az EKB-n\u00e1l elhelyezett p\u00e9nzek ut\u00e1n. Egy ilyen l\u00e9p\u00e9s arra k\u00e9nyszer\u00edten\u00e9 a bankokat, hogy az ilyen p\u00e9nzeket ink\u00e1bb a re\u00e1lgazdas\u00e1g hitelez\u00e9sre ford\u00edts\u00e1k, ami egyr\u00e9szt gazdas\u00e1g\u00f6szt\u00f6nz\u0151, m\u00e1sr\u00e9szt infl\u00e1ci\u00f3 n\u00f6vel\u0151 hat\u00e1ssal j\u00e1rna. A negat\u00edv kamatl\u00e1b azonban cs\u00f6kkenten\u00e9 a bankok profitj\u00e1t.<br \/>\nAz EKB mindezid\u00e1ig ellen\u00e1llt annak, hogy a Fed \u00e9s a jap\u00e1n jegybank (BoJ) p\u00e9ld\u00e1j\u00e1t k\u00f6vetve nagy \u00f6sszeg\u0171 k\u00f6tv\u00e9nyv\u00e1s\u00e1rl\u00e1sokkal igyekezzen a gazdas\u00e1gi n\u00f6veked\u00e9s seg\u00edts\u00e9g\u00e9re lenni. Hajtott ugyan v\u00e9gre szuver\u00e9n k\u00f6tv\u00e9nyv\u00e1s\u00e1rl\u00e1sokat az eur\u00f3\u00f6vezeti ad\u00f3ss\u00e1gszolg\u00e1lati v\u00e1ls\u00e1g legnehezebb szakasz\u00e1ban, de l\u00e9nyegesen kisebb \u00f6sszegben mint a Fed \u00e9s a BoJ.<br \/>\nA k\u00f6tv\u00e9nyv\u00e1s\u00e1rl\u00e1sok emellett rendk\u00edv\u00fcl n\u00e9pszer\u0171tlenek p\u00e9ld\u00e1ul a n\u00e9met politika szem\u00e9ben. Az EKB mand\u00e1tuma tiltja is korm\u00e1nyok finansz\u00edroz\u00e1s\u00e1t. A korm\u00e1nyz\u00f3tan\u00e1cs teh\u00e1t b\u00e1rmely m\u00e1s \u00f6szt\u00f6nz\u0151 eszk\u00f6z alkalmaz\u00e1s\u00e1ban sokkal k\u00f6nnyebben tud meg\u00e1llapod\u00e1sra jutni.<br \/>\nK\u00f6zgazd\u00e1szok k\u00f6r\u00e9ben azonban er\u0151s\u00f6dik a v\u00e9lem\u00e9ny, hogy ideje lenne sokkal hat\u00e9konyabb \u00f6szt\u00f6nz\u0151 eszk\u00f6z\u00f6ket bevetnie az Eur\u00f3pai K\u00f6zponti Banknak.(MTI)<\/p>\n","protected":false},"excerpt":{"rendered":"<p>Ak\u00e1r negat\u00edv kamatl\u00e1bat is k\u00e9sz bevezetni az Eur\u00f3pai K\u00f6zponti Bank (EKB) annak \u00e9rdek\u00e9ben, hogy a re\u00e1lgazdas\u00e1g hitelez\u00e9s\u00e9re k\u00e9nyszer\u00edtse a bankokat, az infl\u00e1ci\u00f3s c\u00e9l el\u00e9r\u00e9se \u00e9rdek\u00e9ben pedig ak\u00e1r banki eszk\u00f6z\u00f6k v\u00e1s\u00e1rl\u00e1s\u00e1t is hajland\u00f3 fontol\u00f3ra venni &#8211; jelentette ki Peter Praet, az EKB igazgat\u00f3s\u00e1g\u00e1nak tagja a Wall Street Journalnak adott interj\u00faban, igyekezve eloszlatni azokat az aggodalmakat, hogy &#8230;<\/p>\n","protected":false},"author":1,"featured_media":20639,"comment_status":"open","ping_status":"closed","sticky":false,"template":"","format":"standard","meta":[],"categories":[12],"tags":[],"_links":{"self":[{"href":"https:\/\/gazdasagportal.hu\/index.php\/wp-json\/wp\/v2\/posts\/21240"}],"collection":[{"href":"https:\/\/gazdasagportal.hu\/index.php\/wp-json\/wp\/v2\/posts"}],"about":[{"href":"https:\/\/gazdasagportal.hu\/index.php\/wp-json\/wp\/v2\/types\/post"}],"author":[{"embeddable":true,"href":"https:\/\/gazdasagportal.hu\/index.php\/wp-json\/wp\/v2\/users\/1"}],"replies":[{"embeddable":true,"href":"https:\/\/gazdasagportal.hu\/index.php\/wp-json\/wp\/v2\/comments?post=21240"}],"version-history":[{"count":2,"href":"https:\/\/gazdasagportal.hu\/index.php\/wp-json\/wp\/v2\/posts\/21240\/revisions"}],"predecessor-version":[{"id":21246,"href":"https:\/\/gazdasagportal.hu\/index.php\/wp-json\/wp\/v2\/posts\/21240\/revisions\/21246"}],"wp:featuredmedia":[{"embeddable":true,"href":"https:\/\/gazdasagportal.hu\/index.php\/wp-json\/wp\/v2\/media\/20639"}],"wp:attachment":[{"href":"https:\/\/gazdasagportal.hu\/index.php\/wp-json\/wp\/v2\/media?parent=21240"}],"wp:term":[{"taxonomy":"category","embeddable":true,"href":"https:\/\/gazdasagportal.hu\/index.php\/wp-json\/wp\/v2\/categories?post=21240"},{"taxonomy":"post_tag","embeddable":true,"href":"https:\/\/gazdasagportal.hu\/index.php\/wp-json\/wp\/v2\/tags?post=21240"}],"curies":[{"name":"wp","href":"https:\/\/api.w.org\/{rel}","templated":true}]}}