{"id":21216,"date":"2013-11-14T19:04:45","date_gmt":"2013-11-14T18:04:45","guid":{"rendered":"http:\/\/stockportal.hu\/?p=21216"},"modified":"2013-11-14T18:30:31","modified_gmt":"2013-11-14T17:30:31","slug":"visszalepesre-szolitotta-fol-a-nav-vezetoit-horvath-andras-volt-ellenorzesi-koordinator","status":"publish","type":"post","link":"https:\/\/gazdasagportal.hu\/index.php\/visszalepesre-szolitotta-fol-a-nav-vezetoit-horvath-andras-volt-ellenorzesi-koordinator\/","title":{"rendered":"Visszal\u00e9p\u00e9sre sz\u00f3l\u00edtotta f\u00f6l a NAV vezet\u0151it Horv\u00e1th Andr\u00e1s volt ellen\u0151rz\u00e9si koordin\u00e1tor"},"content":{"rendered":"<p><strong>Visszal\u00e9p\u00e9sre sz\u00f3l\u00edtotta f\u00f6l a Nemzeti Ad\u00f3- \u00e9s V\u00e1mhivatal (NAV) jelenlegi vezet\u0151it cs\u00fct\u00f6rt\u00f6ki\u00a0\u00a0sajt\u00f3t\u00e1j\u00e9koztat\u00f3j\u00e1n Horv\u00e1th Andr\u00e1s, az ad\u00f3hivatal volt ellen\u0151rz\u00e9si koordin\u00e1tora, aki a napokban feljelent\u00e9st tett, mert \u00e1ll\u00edt\u00e1sa szerint nagyv\u00e1llalatok ezermilli\u00e1rd forintos \u00e9rt\u00e9kben csalnak ad\u00f3t a NAV tudom\u00e1s\u00e1val. A f\u00e9rfi a NAV h\u00e9tv\u00e9gi \u00e1tvil\u00e1g\u00edt\u00e1s\u00e1t nevets\u00e9gesnek \u00e9s &#8222;lezavartnak&#8221; nevezte, f\u0151leg az\u00e9rt, mert &#8222;nem tal\u00e1ltak semmit&#8221;.<!--more--><\/strong><\/p>\n<p>A f\u00e9rfi, aki m\u00e1r beny\u00fajtotta az ad\u00f3hat\u00f3s\u00e1ghoz a lemond\u00e1s\u00e1t, egy november 8-i sajt\u00f3t\u00e1j\u00e9koztat\u00f3n arr\u00f3l besz\u00e9lt: nagyobb hazai c\u00e9gek \u00e9s multinacion\u00e1lis v\u00e1llalatok t\u00f6bb mint ezer milli\u00e1rd forint \u00e9rt\u00e9kben csalnak ad\u00f3t, amihez korm\u00e1nyzati k\u00f6r\u00f6k t\u00e1mogat\u00e1s\u00e1val az ad\u00f3hat\u00f3s\u00e1g is assziszt\u00e1l.<br \/>\nEzt az \u00e1ll\u00edt\u00e1s\u00e1t a cs\u00fct\u00f6rt\u00f6ki sajt\u00f3t\u00e1j\u00e9koztat\u00f3j\u00e1n is megism\u00e9telte, hozz\u00e1t\u00e9ve, ezzel kapcsolatban tett feljelent\u00e9s\u00e9t k\u00f6vet\u0151en, egy sajt\u00f3h\u00edr alapj\u00e1n \u00fagy tudja, hogy az \u00fcgy\u00e9szs\u00e9g feljelent\u00e9skieg\u00e9sz\u00edt\u00e9st k\u00e9rt. Ha ez \u00edgy van, akkor szerinte az \u00fcgy\u00e9szs\u00e9g hozz\u00e1\u00e1ll\u00e1sa id\u0151h\u00faz\u00f3, mivel elmond\u00e1sa szerint \u0151 t\u00f6bb \u00fcgyben is bizony\u00edt\u00e9kokat szolg\u00e1ltatott az \u00fcgy\u00e9szs\u00e9gnek.<br \/>\nHorv\u00e1th Andr\u00e1s arr\u00f3l is sz\u00f3lt, ha t\u00e9nyleg \u00e1tvil\u00e1g\u00edtottak volna azokat az \u00fcgyeket, amelyeket kor\u00e1bban jelzett, az j\u00f3val t\u00f6bb id\u0151t vett volna ig\u00e9nybe, \u00e9s l\u00e1tniuk kellett volna az \u00fcgyekkel kapcsolatos lek\u00e9rdez\u00e9seket is, mert azokat mindig r\u00f6gz\u00edtik \u00e9s elmentik.<br \/>\nKiemelte: &#8222;irdatlan adatmennyis\u00e9gr\u0151l&#8221; van sz\u00f3, mivel csak \u0151 h\u00e1rom szektor ad\u00f3csal\u00e1sait vizsg\u00e1lta, ha t\u00e9nyleg t\u00f6rt\u00e9nt volna \u00e9rdemleges fel\u00fclvizsg\u00e1lat, akkor ezekre \u00e9rdemben kellett volna reag\u00e1lniuk.<br \/>\nHorv\u00e1th Andr\u00e1s azt mondta: nem \u00e9rti, hogy Cs\u00e1nyi S\u00e1ndor, az OTP eln\u00f6k-vez\u00e9rigazgat\u00f3ja most mi\u00e9rt nem sz\u00f3lal meg, hisz kor\u00e1bban azt mondta, a kiskereskedelem tele van ad\u00f3csal\u00e1sb\u00f3l sz\u00e1rmaz\u00f3 \u00e1ruval.<br \/>\nElmondta: kor\u00e1bban m\u00e1r korm\u00e1nyzati szerepl\u0151ket is megkeresett az \u00fcgy\u00e9vel, de Rog\u00e1n Antal Fidesz-frakci\u00f3vezet\u0151 kiv\u00e9tel\u00e9vel \u00e9rdemben nem foglakoztak a felvet\u00e9seivel.<br \/>\nHorv\u00e1th Andr\u00e1s szerint az \u0151 \u00fcgye r\u00e1vil\u00e1g\u00edt majd arra, hogy m\u0171k\u00f6dik-e a bejelent\u0151-v\u00e9delmi t\u00f6rv\u00e9ny. Ha b\u00e1rmif\u00e9le b\u00e1nt\u00f3d\u00e1sa lesz neki vagy a tan\u00fainak, a korm\u00e1nyzat\u00e9 lesz felel\u0151ss\u00e9g &#8211; jelentette ki.<br \/>\nMeg\u00edt\u00e9l\u00e9se szerint a korm\u00e1nynak sz\u00e1m\u00e1ra a legmagasabb szint\u0171 v\u00e9delmet kellene adnia, s\u0151t, a tan\u00fainak is, akikre &#8222;m\u00e1r most nagy nyom\u00e1s nehezedik&#8221;.<br \/>\nHorv\u00e1th Andr\u00e1s konkr\u00e9t \u00fcgyekr\u0151l, \u00f6sszegekr\u0151l nem besz\u00e9lt, az MTI k\u00e9rd\u00e9s\u00e9re annyit mondott, az \u0151 vizsg\u00e1l\u00f3d\u00e1sai szerint 2011-ben a gabonaszektorban 10-12 c\u00e9g mintegy 30 milli\u00e1rd forint \u00e1facsal\u00e1st val\u00f3s\u00edtott meg.(MTI)<\/p>\n","protected":false},"excerpt":{"rendered":"<p>Visszal\u00e9p\u00e9sre sz\u00f3l\u00edtotta f\u00f6l a Nemzeti Ad\u00f3- \u00e9s V\u00e1mhivatal (NAV) jelenlegi vezet\u0151it cs\u00fct\u00f6rt\u00f6ki\u00a0\u00a0sajt\u00f3t\u00e1j\u00e9koztat\u00f3j\u00e1n Horv\u00e1th Andr\u00e1s, az ad\u00f3hivatal volt ellen\u0151rz\u00e9si koordin\u00e1tora, aki a napokban feljelent\u00e9st tett, mert \u00e1ll\u00edt\u00e1sa szerint nagyv\u00e1llalatok ezermilli\u00e1rd forintos \u00e9rt\u00e9kben csalnak ad\u00f3t a NAV tudom\u00e1s\u00e1val. A f\u00e9rfi a NAV h\u00e9tv\u00e9gi \u00e1tvil\u00e1g\u00edt\u00e1s\u00e1t nevets\u00e9gesnek \u00e9s &#8222;lezavartnak&#8221; nevezte, f\u0151leg az\u00e9rt, mert &#8222;nem tal\u00e1ltak semmit&#8221;.<\/p>\n","protected":false},"author":1,"featured_media":1704,"comment_status":"open","ping_status":"closed","sticky":false,"template":"","format":"standard","meta":[],"categories":[20],"tags":[],"_links":{"self":[{"href":"https:\/\/gazdasagportal.hu\/index.php\/wp-json\/wp\/v2\/posts\/21216"}],"collection":[{"href":"https:\/\/gazdasagportal.hu\/index.php\/wp-json\/wp\/v2\/posts"}],"about":[{"href":"https:\/\/gazdasagportal.hu\/index.php\/wp-json\/wp\/v2\/types\/post"}],"author":[{"embeddable":true,"href":"https:\/\/gazdasagportal.hu\/index.php\/wp-json\/wp\/v2\/users\/1"}],"replies":[{"embeddable":true,"href":"https:\/\/gazdasagportal.hu\/index.php\/wp-json\/wp\/v2\/comments?post=21216"}],"version-history":[{"count":1,"href":"https:\/\/gazdasagportal.hu\/index.php\/wp-json\/wp\/v2\/posts\/21216\/revisions"}],"predecessor-version":[{"id":21217,"href":"https:\/\/gazdasagportal.hu\/index.php\/wp-json\/wp\/v2\/posts\/21216\/revisions\/21217"}],"wp:featuredmedia":[{"embeddable":true,"href":"https:\/\/gazdasagportal.hu\/index.php\/wp-json\/wp\/v2\/media\/1704"}],"wp:attachment":[{"href":"https:\/\/gazdasagportal.hu\/index.php\/wp-json\/wp\/v2\/media?parent=21216"}],"wp:term":[{"taxonomy":"category","embeddable":true,"href":"https:\/\/gazdasagportal.hu\/index.php\/wp-json\/wp\/v2\/categories?post=21216"},{"taxonomy":"post_tag","embeddable":true,"href":"https:\/\/gazdasagportal.hu\/index.php\/wp-json\/wp\/v2\/tags?post=21216"}],"curies":[{"name":"wp","href":"https:\/\/api.w.org\/{rel}","templated":true}]}}