{"id":21140,"date":"2013-11-14T10:57:51","date_gmt":"2013-11-14T09:57:51","guid":{"rendered":"http:\/\/stockportal.hu\/?p=21140"},"modified":"2013-11-14T14:03:25","modified_gmt":"2013-11-14T13:03:25","slug":"jo-hir-az-otp-tol-megallt-a-portfolio-romlasa","status":"publish","type":"post","link":"https:\/\/gazdasagportal.hu\/index.php\/jo-hir-az-otp-tol-megallt-a-portfolio-romlasa\/","title":{"rendered":"J\u00f3 h\u00edr az OTP-t\u0151l, meg\u00e1llt a portf\u00f3li\u00f3 roml\u00e1sa"},"content":{"rendered":"<p><strong>A v\u00e1ls\u00e1g kezdete \u00f3ta el\u0151sz\u00f6r az id\u00e9n a harmadik negyed\u00e9vben \u00e1llt meg az OTP Bankcsoportban a portf\u00f3li\u00f3 roml\u00e1sa, a kilencven napon t\u00fal k\u00e9sedelemben l\u00e9v\u0151 hitelek ar\u00e1nya 20,6 sz\u00e1zal\u00e9kra m\u00e9rs\u00e9kl\u0151d\u00f6tt az el\u0151z\u0151 negyed\u00e9vi 20,8 sz\u00e1zal\u00e9kr\u00f3l &#8211; fejtette ki Bencsik L\u00e1szl\u00f3 vez\u00e9rigazgat\u00f3-helyettes a p\u00e9nzint\u00e9zet cs\u00fct\u00f6rt\u00f6ki sajt\u00f3t\u00e1j\u00e9koztat\u00f3j\u00e1n Budapesten.<!--more--><\/strong><\/p>\n<p><a href=\"http:\/\/stockportal.hu\/wp-content\/uploads\/2013\/11\/otp4.jpg\" target=\"_blank\" rel=\"noopener\"><img decoding=\"async\" loading=\"lazy\" class=\"alignnone size-medium wp-image-21141\" alt=\"otp4\" src=\"http:\/\/stockportal.hu\/wp-content\/uploads\/2013\/11\/otp4-300x198.jpg\" width=\"300\" height=\"198\" srcset=\"https:\/\/gazdasagportal.hu\/wp-content\/uploads\/2013\/11\/otp4-300x198.jpg 300w, https:\/\/gazdasagportal.hu\/wp-content\/uploads\/2013\/11\/otp4-83x55.jpg 83w, https:\/\/gazdasagportal.hu\/wp-content\/uploads\/2013\/11\/otp4-310x204.jpg 310w, https:\/\/gazdasagportal.hu\/wp-content\/uploads\/2013\/11\/otp4-180x120.jpg 180w, https:\/\/gazdasagportal.hu\/wp-content\/uploads\/2013\/11\/otp4.jpg 548w\" sizes=\"(max-width: 300px) 100vw, 300px\" \/><\/a><\/p>\n<p><span id=\"ctl05_lbBody\">A vez\u00e9rigazgat\u00f3-helyettes a gyorsjelent\u00e9st k\u00f6vet\u0151 t\u00e1j\u00e9koztat\u00f3n kiemelte: az MNB n\u00f6veked\u00e9si hitelprogramja r\u00e9v\u00e9n a v\u00e1llalati hitelez\u00e9s lend\u00fcletet kapott, az OTP-csoport a program eddigi els\u0151 \u00fctem\u00e9ben 91 milli\u00e1rd forint keret\u00f6sszeg\u0171 hitelszerz\u0151d\u00e9st k\u00f6t\u00f6tt. Ennek tudhat\u00f3 be, hogy a bankcsoport magyarorsz\u00e1gi v\u00e1llalati hitel\u00e1llom\u00e1nya 5 sz\u00e1zal\u00e9kkal n\u0151tt, mik\u00f6zben a hitelint\u00e9zeti szektor csak 2 sz\u00e1zal\u00e9kkal n\u00f6velte v\u00e1llalati hitel\u00e1llom\u00e1ny\u00e1t &#8211; f\u0171zte hozz\u00e1.<br \/>\nBencsik L\u00e1szl\u00f3 r\u00e1mutatott: f\u0151leg egyedi t\u00e9telek hat\u00e1s\u00e1ra volt a bankcsoport konszolid\u00e1lt eredm\u00e9nye csup\u00e1n 10,9 milli\u00e1rd forint az idei harmadik negyed\u00e9vben, a legjelent\u0151sebb egyszeri t\u00e9tel az ukr\u00e1n le\u00e1nybank eset\u00e9ben elk\u00f6nyvelt 37,2 milli\u00e1rd forintnyi goodwill le\u00edr\u00e1s volt, ami a bankcsoport nyeres\u00e9g\u00e9re 30,8 milli\u00e1rd forint \u00f6sszegben hatott negat\u00edvan.<br \/>\nElmondta, hogy az ukrajnai OTP-vel el\u00e9gedettek ugyan, de az ukr\u00e1n gazdas\u00e1ggal, az eg\u00e9sz Ukrajn\u00e1val \u00f6sszef\u00fcgg\u0151 aggodalmak miatt n\u0151tt egy esetleges negat\u00edv szcen\u00e1ri\u00f3 lehet\u0151s\u00e9ge az orsz\u00e1gban, ez \u00e1ll a goodwill le\u00edr\u00e1s h\u00e1tter\u00e9ben.<br \/>\nKiemelte: az OTP-csoport portf\u00f3li\u00f3ja javult a harmadik negyed\u00e9vben, a 90 napon t\u00fal k\u00e9sedelembe jutott hitelek ar\u00e1nya 20,8 sz\u00e1zal\u00e9kr\u00f3l 20,6 sz\u00e1zal\u00e9kra m\u00e9rs\u00e9kl\u0151d\u00f6tt csoportszinten, a konszolid\u00e1lt c\u00e9ltartal\u00e9kkal val\u00f3 fedezetts\u00e9g t\u00f6rt\u00e9nelmi cs\u00facsra, 80,6 sz\u00e1zal\u00e9kra n\u00f6vekedett a bankcsoportban.<br \/>\nA nem teljes\u00edt\u0151 hitel\u00e1llom\u00e1ny cs\u00f6kken\u00e9se r\u00e9szben annak volt k\u00f6sz\u00f6nhet\u0151, hogy az OTP nem teljes\u00edt\u0151 hiteleket nyeres\u00e9ggel \u00e9rt\u00e9kes\u00edtett a harmadik negyed\u00e9v sor\u00e1n.<br \/>\nIsmertette: az OTP Bank lakoss\u00e1gi bet\u00e9t\u00e1llom\u00e1nya a hazai piacon a harmadik negyed\u00e9v sor\u00e1n \u00e1rfolyamsz\u0171rten 4 sz\u00e1zal\u00e9kkal cs\u00f6kkent, mivel az alapkamat-cs\u00f6kkent\u00e9sek hat\u00e1s\u00e1ra a kisbefektet\u0151k egyre ink\u00e1bb m\u00e1s megtakar\u00edt\u00e1si form\u00e1kat r\u00e9szes\u00edtenek el\u0151nyben. Az OTP r\u00e9szesed\u00e9se a hazai lakoss\u00e1gi megtakar\u00edt\u00e1sokban az id\u00e9n a harmadik negyed\u00e9v v\u00e9g\u00e9n 28 sz\u00e1zal\u00e9kot \u00e9rt el, hasonl\u00f3an az idei el\u0151z\u0151 negyed\u00e9vekhez, azaz a bank stabil h\u00e1nyaddal rendelkezik a magyarorsz\u00e1gi megtakar\u00edt\u00e1sokb\u00f3l &#8211; f\u0171zte hozz\u00e1.<br \/>\nK\u00e9rd\u00e9sre v\u00e1laszolva Bencsik L\u00e1szl\u00f3 elmondta: a t\u00e1rsas\u00e1gi ad\u00f3n k\u00edv\u00fcl 2013-ban mintegy 360-370 milli\u00e1rd forint k\u00fcl\u00f6nb\u00f6z\u0151 plusz ad\u00f3terhet fizet be a b\u00fcdzs\u00e9be a hazai bankszf\u00e9ra, tavaly ez mintegy 140-150 milli\u00e1rd forintot tett ki. Ezen extra terheknek egy kor\u00e1bbi meg\u00e1llapod\u00e1s szerint az id\u00e9n meg kellett volna felez\u0151dni\u00fck, ehhez k\u00e9pest t\u00f6bb mint dupl\u00e1j\u00e1ra emelkedett az \u00f6sszeg\u00fck.<br \/>\nMegjegyezte: ha valaki tov\u00e1bbi terheket akar r\u00f3ni a bankszektorra, az j\u00f3, ha megfontolja ezeket a sz\u00e1mokat, ann\u00e1l is ink\u00e1bb, mert\u00a0\u00a0tavaly mintegy 200 milli\u00e1rd forint vesztes\u00e9ge volt a szektornak.<br \/>\nA plusz terhek 2014-ben sem cs\u00f6kkennek, hiszen a tranzakci\u00f3s ad\u00f3val kapcsolatban mintegy 170 milli\u00e1rd forintot v\u00e1rnak a b\u00fcdzs\u00e9be, \u00e9s az ingyenes k\u00e9szp\u00e9nzfelv\u00e9tel is s\u00falyos terhet jelent majd a bankok j\u00f6vedelmez\u0151s\u00e9g\u00e9t tekintve &#8211; emelte ki Bencsik L\u00e1szl\u00f3.<\/span>(MTI)<\/p>\n","protected":false},"excerpt":{"rendered":"<p>A v\u00e1ls\u00e1g kezdete \u00f3ta el\u0151sz\u00f6r az id\u00e9n a harmadik negyed\u00e9vben \u00e1llt meg az OTP Bankcsoportban a portf\u00f3li\u00f3 roml\u00e1sa, a kilencven napon t\u00fal k\u00e9sedelemben l\u00e9v\u0151 hitelek ar\u00e1nya 20,6 sz\u00e1zal\u00e9kra m\u00e9rs\u00e9kl\u0151d\u00f6tt az el\u0151z\u0151 negyed\u00e9vi 20,8 sz\u00e1zal\u00e9kr\u00f3l &#8211; fejtette ki Bencsik L\u00e1szl\u00f3 vez\u00e9rigazgat\u00f3-helyettes a p\u00e9nzint\u00e9zet cs\u00fct\u00f6rt\u00f6ki sajt\u00f3t\u00e1j\u00e9koztat\u00f3j\u00e1n Budapesten.<\/p>\n","protected":false},"author":1,"featured_media":21141,"comment_status":"open","ping_status":"closed","sticky":false,"template":"","format":"standard","meta":[],"categories":[130,7,56],"tags":[],"_links":{"self":[{"href":"https:\/\/gazdasagportal.hu\/index.php\/wp-json\/wp\/v2\/posts\/21140"}],"collection":[{"href":"https:\/\/gazdasagportal.hu\/index.php\/wp-json\/wp\/v2\/posts"}],"about":[{"href":"https:\/\/gazdasagportal.hu\/index.php\/wp-json\/wp\/v2\/types\/post"}],"author":[{"embeddable":true,"href":"https:\/\/gazdasagportal.hu\/index.php\/wp-json\/wp\/v2\/users\/1"}],"replies":[{"embeddable":true,"href":"https:\/\/gazdasagportal.hu\/index.php\/wp-json\/wp\/v2\/comments?post=21140"}],"version-history":[{"count":2,"href":"https:\/\/gazdasagportal.hu\/index.php\/wp-json\/wp\/v2\/posts\/21140\/revisions"}],"predecessor-version":[{"id":21163,"href":"https:\/\/gazdasagportal.hu\/index.php\/wp-json\/wp\/v2\/posts\/21140\/revisions\/21163"}],"wp:featuredmedia":[{"embeddable":true,"href":"https:\/\/gazdasagportal.hu\/index.php\/wp-json\/wp\/v2\/media\/21141"}],"wp:attachment":[{"href":"https:\/\/gazdasagportal.hu\/index.php\/wp-json\/wp\/v2\/media?parent=21140"}],"wp:term":[{"taxonomy":"category","embeddable":true,"href":"https:\/\/gazdasagportal.hu\/index.php\/wp-json\/wp\/v2\/categories?post=21140"},{"taxonomy":"post_tag","embeddable":true,"href":"https:\/\/gazdasagportal.hu\/index.php\/wp-json\/wp\/v2\/tags?post=21140"}],"curies":[{"name":"wp","href":"https:\/\/api.w.org\/{rel}","templated":true}]}}