{"id":21031,"date":"2013-11-13T09:04:41","date_gmt":"2013-11-13T08:04:41","guid":{"rendered":"http:\/\/stockportal.hu\/?p=21031"},"modified":"2013-11-13T09:04:41","modified_gmt":"2013-11-13T08:04:41","slug":"gyozteskent-kerulhet-ki-a-mol-az-europai-bizottsag-altal-2010-ben-inditott-perbol","status":"publish","type":"post","link":"https:\/\/gazdasagportal.hu\/index.php\/gyozteskent-kerulhet-ki-a-mol-az-europai-bizottsag-altal-2010-ben-inditott-perbol\/","title":{"rendered":"Gy\u0151ztesk\u00e9nt ker\u00fclhet ki a Mol az Eur\u00f3pai Bizotts\u00e1g \u00e1ltal, 2010-ben ind\u00edtott perb\u0151l"},"content":{"rendered":"<p><strong>Gy\u0151ztesk\u00e9nt ker\u00fclhet ki a Mol az Eur\u00f3pai Bizotts\u00e1g \u00e1ltal, 2010-ben ind\u00edtott perb\u0151l, a magyar olajt\u00e1rsas\u00e1g speci\u00e1lisan alacsony b\u00e1nyaj\u00e1rad\u00e9kai tiltott \u00e1llami t\u00e1mogat\u00e1snak min\u0151s\u00fclnek &#8211; \u00e1ll\u00edtja az EB. Vegyes sz\u00e1mokat hozott a CIG Pann\u00f3nia gyorsjelent\u00e9s\u00e9ben<!--more--><\/strong><\/p>\n<p>&nbsp;<br \/>\n<object width=\"512\" height=\"288\" data=\"http:\/\/gazdasagtv.hu\/embed\/?id=6090\" type=\"application\/x-shockwave-flash\"><param value=\"http:\/\/gazdasagtv.hu\/embed\/?id=6090\" name=\"data\"><param value=\"http:\/\/gazdasagtv.hu\/embed\/?id=6090\" name=\"src\"><param value=\"false\" name=\"menu\"><param value=\"high\" name=\"quality\"><param value=\"#000000\" name=\"bgcolor\"><param value=\"transparent\" name=\"wmode\"><param value=\"file=http:\/\/88.151.99.192\/video\/2013-11-13\/gtv-tozsdenyitas-equilor-2013-11-13-hd.mp4&#038;image=http:\/\/88.151.99.192\/image\/gen\/2013-11-13\/6090.jpg&#038;showdigits=true&#038;autostart=false&#038;repeat=false&#038;dock=true&#038;controlbar=over&#038;plugins=http:\/\/plugins.longtailvideo.com\/yourlytics-1.swf,timeslidertooltipplugin-2&#038;skin=http:\/\/gazdasagtv.hu\/swf\/skin.zip\" name=\"flashvars\"><\/object><br \/>Forr\u00e1s: <a href=\"http:\/\/gazdasagtv.hu\" style=\"color: #df1100; font-weight: bold; text-decoration: none;\" target=\"_blank\" rel=\"noopener\">Gazdas\u00e1gTV.hu<\/a><\/p>\n","protected":false},"excerpt":{"rendered":"<p>Gy\u0151ztesk\u00e9nt ker\u00fclhet ki a Mol az Eur\u00f3pai Bizotts\u00e1g \u00e1ltal, 2010-ben ind\u00edtott perb\u0151l, a magyar olajt\u00e1rsas\u00e1g speci\u00e1lisan alacsony b\u00e1nyaj\u00e1rad\u00e9kai tiltott \u00e1llami t\u00e1mogat\u00e1snak min\u0151s\u00fclnek &#8211; \u00e1ll\u00edtja az EB. Vegyes sz\u00e1mokat hozott a CIG Pann\u00f3nia gyorsjelent\u00e9s\u00e9ben<\/p>\n","protected":false},"author":1,"featured_media":18389,"comment_status":"open","ping_status":"closed","sticky":false,"template":"","format":"standard","meta":[],"categories":[7,122],"tags":[],"_links":{"self":[{"href":"https:\/\/gazdasagportal.hu\/index.php\/wp-json\/wp\/v2\/posts\/21031"}],"collection":[{"href":"https:\/\/gazdasagportal.hu\/index.php\/wp-json\/wp\/v2\/posts"}],"about":[{"href":"https:\/\/gazdasagportal.hu\/index.php\/wp-json\/wp\/v2\/types\/post"}],"author":[{"embeddable":true,"href":"https:\/\/gazdasagportal.hu\/index.php\/wp-json\/wp\/v2\/users\/1"}],"replies":[{"embeddable":true,"href":"https:\/\/gazdasagportal.hu\/index.php\/wp-json\/wp\/v2\/comments?post=21031"}],"version-history":[{"count":2,"href":"https:\/\/gazdasagportal.hu\/index.php\/wp-json\/wp\/v2\/posts\/21031\/revisions"}],"predecessor-version":[{"id":21033,"href":"https:\/\/gazdasagportal.hu\/index.php\/wp-json\/wp\/v2\/posts\/21031\/revisions\/21033"}],"wp:featuredmedia":[{"embeddable":true,"href":"https:\/\/gazdasagportal.hu\/index.php\/wp-json\/wp\/v2\/media\/18389"}],"wp:attachment":[{"href":"https:\/\/gazdasagportal.hu\/index.php\/wp-json\/wp\/v2\/media?parent=21031"}],"wp:term":[{"taxonomy":"category","embeddable":true,"href":"https:\/\/gazdasagportal.hu\/index.php\/wp-json\/wp\/v2\/categories?post=21031"},{"taxonomy":"post_tag","embeddable":true,"href":"https:\/\/gazdasagportal.hu\/index.php\/wp-json\/wp\/v2\/tags?post=21031"}],"curies":[{"name":"wp","href":"https:\/\/api.w.org\/{rel}","templated":true}]}}