{"id":209,"date":"2013-01-16T13:07:15","date_gmt":"2013-01-16T12:07:15","guid":{"rendered":"http:\/\/stockportal.hu\/?p=209"},"modified":"2013-01-16T13:07:15","modified_gmt":"2013-01-16T12:07:15","slug":"a-nemet-kormany-jelentosen-rontott-a-gazdasagnovekedesi-elorejelzesen","status":"publish","type":"post","link":"https:\/\/gazdasagportal.hu\/index.php\/a-nemet-kormany-jelentosen-rontott-a-gazdasagnovekedesi-elorejelzesen\/","title":{"rendered":"A n\u00e9met korm\u00e1ny jelent\u0151sen rontott a gazdas\u00e1gn\u00f6veked\u00e9si el\u0151rejelz\u00e9s\u00e9n"},"content":{"rendered":"<p><strong>A n\u00e9met korm\u00e1ny jelent\u0151sen rontott a gazdas\u00e1g idei n\u00f6veked\u00e9s\u00e9re adott el\u0151rejelz\u00e9s\u00e9n, a szerd\u00e1n bemutatott progn\u00f3zis szerint N\u00e9metorsz\u00e1g hazai \u00f6sszterm\u00e9ke (GDP) a kor\u00e1bban v\u00e1rt 1 sz\u00e1zal\u00e9k helyett 0,4 sz\u00e1zal\u00e9kkal n\u00f6vekedhet 2013-ban.<\/strong><!--more--><\/p>\n<p>Philipp R\u00f6sler gazdas\u00e1gi miniszter a jelent\u00e9st Berlinben ismertetve hangs\u00falyozta: a n\u00f6veked\u00e9st az eur\u00f3\u00f6vezeti v\u00e1ls\u00e1g \u00e9s vil\u00e1ggazdas\u00e1g gyenges\u00e9ge fogja vissza, de az Eur\u00f3pai Uni\u00f3 legnagyobb gazdas\u00e1ga hamar kiker\u00fcl a t\u00e9li hull\u00e1mv\u00f6lgyb\u0151l, \u00e9s az \u00e9v folyam\u00e1n fokozatosan er\u0151re kap. 2014-ben m\u00e1r 1,6 sz\u00e1zal\u00e9kos n\u00f6veked\u00e9s v\u00e1rhat\u00f3. A munkaer\u0151piac az id\u00e9n stabil marad, az infl\u00e1ci\u00f3 m\u00e9rs\u00e9kelt lesz, \u00e9s tov\u00e1bb emelkedik a lakoss\u00e1g j\u00f6vedelme &#8211; tette hozz\u00e1.<br \/>\nA n\u00e9met GDP a tavalyi utols\u00f3 negyed\u00e9vben 0,5 sz\u00e1zal\u00e9kkal cs\u00f6kkent, 2012 eg\u00e9sz\u00e9ben pedig 0,7 sz\u00e1zal\u00e9kkal n\u0151tt a n\u00e9met statisztikai hivatal el\u0151zetes adatai szerint. 2011-ben m\u00e9g 3 sz\u00e1zal\u00e9kkal, 2010-ben 4,2 sz\u00e1zal\u00e9kkal n\u0151tt a n\u00e9met gazdas\u00e1g.<\/p>\n<p>Forr\u00e1s: MTI<\/p><div id=\"gazda-1504025614\" class=\"gazda-tartalomban gazda-entity-placement\"><script async src=\"https:\/\/pagead2.googlesyndication.com\/pagead\/js\/adsbygoogle.js\"><\/script>\r\n<ins class=\"adsbygoogle\"\r\n     style=\"display:block\"\r\n     data-ad-format=\"fluid\"\r\n     data-ad-layout-key=\"-6t+ed+2i-1n-4w\"\r\n     data-ad-client=\"ca-pub-1959107119989764\"\r\n     data-ad-slot=\"4008251320\"><\/ins>\r\n<script>\r\n     (adsbygoogle = window.adsbygoogle || []).push({});\r\n<\/script><\/div>\n","protected":false},"excerpt":{"rendered":"<p>A n\u00e9met korm\u00e1ny jelent\u0151sen rontott a gazdas\u00e1g idei n\u00f6veked\u00e9s\u00e9re adott el\u0151rejelz\u00e9s\u00e9n, a szerd\u00e1n bemutatott progn\u00f3zis szerint N\u00e9metorsz\u00e1g hazai \u00f6sszterm\u00e9ke (GDP) a kor\u00e1bban v\u00e1rt 1 sz\u00e1zal\u00e9k helyett 0,4 sz\u00e1zal\u00e9kkal n\u00f6vekedhet 2013-ban.<\/p>\n","protected":false},"author":1,"featured_media":0,"comment_status":"closed","ping_status":"closed","sticky":false,"template":"","format":"standard","meta":[],"categories":[12,8],"tags":[],"_links":{"self":[{"href":"https:\/\/gazdasagportal.hu\/index.php\/wp-json\/wp\/v2\/posts\/209"}],"collection":[{"href":"https:\/\/gazdasagportal.hu\/index.php\/wp-json\/wp\/v2\/posts"}],"about":[{"href":"https:\/\/gazdasagportal.hu\/index.php\/wp-json\/wp\/v2\/types\/post"}],"author":[{"embeddable":true,"href":"https:\/\/gazdasagportal.hu\/index.php\/wp-json\/wp\/v2\/users\/1"}],"replies":[{"embeddable":true,"href":"https:\/\/gazdasagportal.hu\/index.php\/wp-json\/wp\/v2\/comments?post=209"}],"version-history":[{"count":2,"href":"https:\/\/gazdasagportal.hu\/index.php\/wp-json\/wp\/v2\/posts\/209\/revisions"}],"predecessor-version":[{"id":211,"href":"https:\/\/gazdasagportal.hu\/index.php\/wp-json\/wp\/v2\/posts\/209\/revisions\/211"}],"wp:attachment":[{"href":"https:\/\/gazdasagportal.hu\/index.php\/wp-json\/wp\/v2\/media?parent=209"}],"wp:term":[{"taxonomy":"category","embeddable":true,"href":"https:\/\/gazdasagportal.hu\/index.php\/wp-json\/wp\/v2\/categories?post=209"},{"taxonomy":"post_tag","embeddable":true,"href":"https:\/\/gazdasagportal.hu\/index.php\/wp-json\/wp\/v2\/tags?post=209"}],"curies":[{"name":"wp","href":"https:\/\/api.w.org\/{rel}","templated":true}]}}