{"id":20756,"date":"2013-11-08T16:08:10","date_gmt":"2013-11-08T15:08:10","guid":{"rendered":"http:\/\/stockportal.hu\/?p=20756"},"modified":"2013-11-08T16:08:10","modified_gmt":"2013-11-08T15:08:10","slug":"mol-ina-ugy-a-horvat-fel-uj-vallaltvezetesi-modot-javasolt","status":"publish","type":"post","link":"https:\/\/gazdasagportal.hu\/index.php\/mol-ina-ugy-a-horvat-fel-uj-vallaltvezetesi-modot-javasolt\/","title":{"rendered":"Mol-INA-\u00fcgy &#8211; A horv\u00e1t f\u00e9l \u00faj v\u00e1llaltvezet\u00e9si m\u00f3dot javasolt"},"content":{"rendered":"<p><strong>\u00daj v\u00e1llalatvezet\u00e9si m\u00f3dot javasolt a horv\u00e1t korm\u00e1ny p\u00e9nteken, a Mol olajipari v\u00e1llalat vezet\u0151ivel folytatott t\u00e1rgyal\u00e1sok m\u00e1sodik k\u00f6r\u00e9ben Ivan Vrdoljak horv\u00e1t gazdas\u00e1gi miniszter k\u00f6zl\u00e9se szerint.<!--more--><\/strong><\/p>\n<p>A z\u00e1gr\u00e1bi tal\u00e1lkoz\u00f3t k\u00f6vet\u0151en a horv\u00e1t korm\u00e1ny honlapj\u00e1n t\u00e1j\u00e9koztat\u00f3t tett k\u00f6zz\u00e9, amelyben annyit k\u00f6z\u00f6lt: jelent\u0151s n\u00e9zetk\u00fcl\u00f6nbs\u00e9gekre vil\u00e1g\u00edtott r\u00e1 a Mol olajipari v\u00e1llalat \u00e9s a horv\u00e1t korm\u00e1ny k\u00f6z\u00f6tti t\u00e1rgyal\u00e1sok m\u00e1sodik k\u00f6re. Ez egybecseng a Mol v\u00e9lem\u00e9ny\u00e9vel, amelyr\u0151l Budapesten kiadott k\u00f6zlem\u00e9ny\u00e9ben t\u00e1j\u00e9koztatott.<br \/>\nIvan Vrdoljak horv\u00e1t gazdas\u00e1gi miniszter ugyanakkor a tal\u00e1lkoz\u00f3 ut\u00e1n kiemelte, hogy a t\u00e1rgyal\u00e1sok komoly \u00e9s felel\u0151ss\u00e9gteljes hangnemben folytak. Szint\u00e9n jelezte, hogy sok nyitott k\u00e9rd\u00e9s \u00e9s egyet nem \u00e9rt\u00e9s van m\u00e9g a felek k\u00f6z\u00f6tt.<br \/>\nEgyben t\u00e1j\u00e9koztatott arr\u00f3l, hogy ez\u00fattal egy \u00faj v\u00e1llalatvezet\u00e9si m\u00f3dot javasoltak. &#8222;Ezt holnap hivatalosan is tov\u00e1bb\u00edtjuk koll\u00e9g\u00e1inknak a Moln\u00e1l&#8221; &#8211; nyilatkozta Vrdoljak.<br \/>\nBesz\u00e1molt arr\u00f3l is, hogy megegyez\u00e9s sz\u00fcletett a t\u00e1rgyal\u00e1sok menet\u00e9nek gyors\u00edt\u00e1s\u00e1r\u00f3l. &#8222;Szeretn\u00e9m lesz\u00f6gezni, hogy a nyitott t\u00e9m\u00e1k \u00e9s nyilv\u00e1nval\u00f3 ellent\u00e9tek dac\u00e1ra a folyamat felgyors\u00edt\u00e1s\u00e1val tov\u00e1bbra is a legjobb megold\u00e1st \u00e9rhetj\u00fck el&#8221; &#8211; hangs\u00falyozta a gazdas\u00e1gi miniszter.<br \/>\nKiemelte ugyanakkor, hogy a horv\u00e1t korm\u00e1ny mindent megtesz annak \u00e9rdek\u00e9ben, hogy meg\u00f3vja az INA-t, vagyis olyan megegyez\u00e9sre t\u00f6rekednek, amely a v\u00e1llalat \u00e9s az ott dolgoz\u00f3k \u00e9rdekeit is szolg\u00e1lja, emellett pedig Horv\u00e1torsz\u00e1g energetikai stabilit\u00e1s\u00e1nak \u00e9rdekeit is.<br \/>\nA Mol \u00e9s a horv\u00e1t korm\u00e1ny k\u00f6z\u00f6tt szeptember 18-\u00e1n kezd\u0151dtek t\u00e1rgyal\u00e1sok az INA horv\u00e1t olajipari v\u00e1llalatr\u00f3l. A t\u00e1rgyal\u00e1soknak okt\u00f3ber v\u00e9g\u00e9n kellett volna folytat\u00f3dniuk, ezt azonban elhalasztott\u00e1k a horv\u00e1t f\u00e9l k\u00e9r\u00e9s\u00e9re. Arra hivatkoztak, hogy megv\u00e1ltozott a magyar t\u00e1rgyal\u00f3csoport \u00f6sszet\u00e9tele \u00e9s a t\u00e1rgyal\u00e1sok t\u00e9m\u00e1ja is m\u00f3dosult.<br \/>\nA horv\u00e1t \u00e1llam birtokolja az INA r\u00e9szv\u00e9nyeinek 44,84 sz\u00e1zal\u00e9k\u00e1t, a Mol tulajdon\u00e1ban van a r\u00e9szv\u00e9nyek 49,1 sz\u00e1zal\u00e9ka, valamint a magyar c\u00e9g rendelkezik az ir\u00e1ny\u00edt\u00f3i jogokkal. A k\u00e9t f\u00e9l k\u00f6z\u00f6tt a legnagyobb vit\u00e1t az INA ir\u00e1ny\u00edt\u00e1si modellje v\u00e1ltotta ki, amely a horv\u00e1t f\u00e9l szerint nincs \u00f6sszhangban a gazdas\u00e1gi t\u00e1rsas\u00e1gokr\u00f3l sz\u00f3l\u00f3 horv\u00e1t t\u00f6rv\u00e9nnyel.(MTI)<\/p>\n","protected":false},"excerpt":{"rendered":"<p>\u00daj v\u00e1llalatvezet\u00e9si m\u00f3dot javasolt a horv\u00e1t korm\u00e1ny p\u00e9nteken, a Mol olajipari v\u00e1llalat vezet\u0151ivel folytatott t\u00e1rgyal\u00e1sok m\u00e1sodik k\u00f6r\u00e9ben Ivan Vrdoljak horv\u00e1t gazdas\u00e1gi miniszter k\u00f6zl\u00e9se szerint.<\/p>\n","protected":false},"author":1,"featured_media":18063,"comment_status":"open","ping_status":"closed","sticky":false,"template":"","format":"standard","meta":[],"categories":[7,122],"tags":[],"_links":{"self":[{"href":"https:\/\/gazdasagportal.hu\/index.php\/wp-json\/wp\/v2\/posts\/20756"}],"collection":[{"href":"https:\/\/gazdasagportal.hu\/index.php\/wp-json\/wp\/v2\/posts"}],"about":[{"href":"https:\/\/gazdasagportal.hu\/index.php\/wp-json\/wp\/v2\/types\/post"}],"author":[{"embeddable":true,"href":"https:\/\/gazdasagportal.hu\/index.php\/wp-json\/wp\/v2\/users\/1"}],"replies":[{"embeddable":true,"href":"https:\/\/gazdasagportal.hu\/index.php\/wp-json\/wp\/v2\/comments?post=20756"}],"version-history":[{"count":1,"href":"https:\/\/gazdasagportal.hu\/index.php\/wp-json\/wp\/v2\/posts\/20756\/revisions"}],"predecessor-version":[{"id":20757,"href":"https:\/\/gazdasagportal.hu\/index.php\/wp-json\/wp\/v2\/posts\/20756\/revisions\/20757"}],"wp:featuredmedia":[{"embeddable":true,"href":"https:\/\/gazdasagportal.hu\/index.php\/wp-json\/wp\/v2\/media\/18063"}],"wp:attachment":[{"href":"https:\/\/gazdasagportal.hu\/index.php\/wp-json\/wp\/v2\/media?parent=20756"}],"wp:term":[{"taxonomy":"category","embeddable":true,"href":"https:\/\/gazdasagportal.hu\/index.php\/wp-json\/wp\/v2\/categories?post=20756"},{"taxonomy":"post_tag","embeddable":true,"href":"https:\/\/gazdasagportal.hu\/index.php\/wp-json\/wp\/v2\/tags?post=20756"}],"curies":[{"name":"wp","href":"https:\/\/api.w.org\/{rel}","templated":true}]}}