{"id":20751,"date":"2013-11-08T14:59:04","date_gmt":"2013-11-08T13:59:04","guid":{"rendered":"http:\/\/stockportal.hu\/?p=20751"},"modified":"2013-11-08T14:59:04","modified_gmt":"2013-11-08T13:59:04","slug":"a-mol-meggyozodese-hogy-az-ina-vallalatiranyitasi-modellje-osszhangban-van-a-nemzetkozi-gyakorlattal","status":"publish","type":"post","link":"https:\/\/gazdasagportal.hu\/index.php\/a-mol-meggyozodese-hogy-az-ina-vallalatiranyitasi-modellje-osszhangban-van-a-nemzetkozi-gyakorlattal\/","title":{"rendered":"A Mol meggy\u0151z\u0151d\u00e9se, hogy az INA v\u00e1llalatir\u00e1ny\u00edt\u00e1si modellje \u00f6sszhangban van a nemzetk\u00f6zi gyakorlattal"},"content":{"rendered":"<p><strong>Mol: m\u00e9g jelent\u0151s n\u00e9zetk\u00fcl\u00f6nbs\u00e9gek vannak a felek k\u00f6z\u00f6tt.<\/strong><\/p>\n<p><strong>Tov\u00e1bbra is jelent\u0151s n\u00e9zetk\u00fcl\u00f6nbs\u00e9gek vannak a Mol \u00e9s a horv\u00e1t korm\u00e1ny k\u00f6z\u00f6tt az INA olajipari v\u00e1llalat helyzet\u00e9nek meg\u00edt\u00e9l\u00e9s\u00e9ben; a Mol meggy\u0151z\u0151d\u00e9se, hogy az INA v\u00e1llalatir\u00e1ny\u00edt\u00e1si modellje \u00f6sszhangban van a nemzetk\u00f6zi gyakorlattal, valamint a horv\u00e1torsz\u00e1gi \u00e9s az eur\u00f3pai szab\u00e1lyoz\u00e1ssal is &#8211; der\u00fcl ki a Mol k\u00f6zlem\u00e9ny\u00e9b\u0151l.<!--more--><\/strong><\/p>\n<p><a href=\"http:\/\/stockportal.hu\/wp-content\/uploads\/2013\/11\/ina_tulajdon.jpg\" target=\"_blank\" rel=\"noopener\"><img decoding=\"async\" loading=\"lazy\" class=\"alignnone size-full wp-image-20752\" alt=\"ina_tulajdon\" src=\"http:\/\/stockportal.hu\/wp-content\/uploads\/2013\/11\/ina_tulajdon.jpg\" width=\"600\" height=\"408\" srcset=\"https:\/\/gazdasagportal.hu\/wp-content\/uploads\/2013\/11\/ina_tulajdon.jpg 600w, https:\/\/gazdasagportal.hu\/wp-content\/uploads\/2013\/11\/ina_tulajdon-300x204.jpg 300w, https:\/\/gazdasagportal.hu\/wp-content\/uploads\/2013\/11\/ina_tulajdon-80x55.jpg 80w, https:\/\/gazdasagportal.hu\/wp-content\/uploads\/2013\/11\/ina_tulajdon-310x210.jpg 310w\" sizes=\"(max-width: 600px) 100vw, 600px\" \/><\/a><\/p>\n<p>Moln\u00e1r J\u00f3zsef, a Mol-csoport vez\u00e9rigazgat\u00f3ja p\u00e9nteken a Mol \u00e9s a horv\u00e1t \u00e1llam k\u00e9pvisel\u0151i k\u00f6z\u00f6tt az INA horv\u00e1t olajipari v\u00e1llalat \u00fcgy\u00e9nek rendez\u00e9s\u00e9r\u0151l Z\u00e1gr\u00e1bban folytatott t\u00e1rgyal\u00e1sok m\u00e1sodik fordul\u00f3ja ut\u00e1n a k\u00f6zlem\u00e9nyben ismertette: &#8222;a mai t\u00e1rgyal\u00e1s igazolta, hogy m\u00e9g jelent\u0151s n\u00e9zetk\u00fcl\u00f6nbs\u00e9gek vannak a felek k\u00f6z\u00f6tt&#8221;.<br \/>\n&#8222;Az INA v\u00e1llalatir\u00e1ny\u00edt\u00e1si modellj\u00e9t illet\u0151en meggy\u0151z\u0151d\u00e9s\u00fcnk, hogy az \u00f6sszhangban van a nemzetk\u00f6zi gyakorlattal, valamint a horv\u00e1torsz\u00e1gi \u00e9s az eur\u00f3pai szab\u00e1lyoz\u00e1ssal is. Mindemellett tov\u00e1bbra is b\u00edzunk abban, hogy a horv\u00e1t korm\u00e1nnyal egy\u00fcttm\u0171k\u00f6dve a tov\u00e1bbi t\u00e1rgyal\u00e1sok sor\u00e1n megtal\u00e1ljuk az INA j\u00f6v\u0151je sz\u00e1m\u00e1ra legel\u0151ny\u00f6sebb megold\u00e1st&#8221; &#8211; k\u00f6z\u00f6lte Moln\u00e1r J\u00f3zsef.<br \/>\nA horv\u00e1t \u00e1llam \u00e9s a Mol Nyrt. tulajdon\u00e1ban l\u00e9v\u0151 INA olajipari v\u00e1llalatr\u00f3l szeptemberben kezd\u0151dtek megbesz\u00e9l\u00e9sek, amelyeknek okt\u00f3ber v\u00e9g\u00e9n kellett volna folytat\u00f3dniuk. A horv\u00e1t f\u00e9l azonban a tal\u00e1lkoz\u00f3 elhalaszt\u00e1s\u00e1t k\u00e9rte arra hivatkozva, hogy megv\u00e1ltozott a magyar t\u00e1rgyal\u00f3csoport \u00f6sszet\u00e9tele, \u00e9s m\u00f3dos\u00edtott\u00e1k a t\u00e1rgyal\u00e1sok t\u00e9m\u00e1j\u00e1t is. A t\u00e1rgyal\u00e1sok m\u00e1sodik fordul\u00f3ja p\u00e9nteken volt.<br \/>\nA szeptember 18-\u00e1n tartott els\u0151 t\u00e1rgyal\u00e1si fordul\u00f3 ut\u00e1n kiadott k\u00f6z\u00f6s k\u00f6zlem\u00e9ny szerint a felek megegyeztek a t\u00e1rgyal\u00e1sok menet\u00e9r\u0151l \u00e9s m\u00f3dj\u00e1r\u00f3l, megbesz\u00e9lt\u00e9k, hogy havonta tal\u00e1lkoznak majd, \u00e9s a t\u00e1rgyal\u00e1sok ideje alatt nem lesznek a felek k\u00f6z\u00f6tt nem hivatalos tal\u00e1lkoz\u00f3k.<br \/>\nAbban is megegyeztek az els\u0151 tal\u00e1lkoz\u00f3n, hogy a t\u00e1rgyal\u00e1sok sor\u00e1n a v\u00e1llalati vezet\u00e9s j\u00f6v\u0151je, a kiad\u00e1sok ir\u00e1ny\u00edt\u00e1sa, a bev\u00e9telek befektet\u00e9se \u00e9s eloszt\u00e1sa, a kutat\u00e1sok, a vezet\u00e9kek fejleszt\u00e9se \u00e9s gy\u00e1rt\u00e1sa, az olaj \u00e9s olajsz\u00e1rmaz\u00e9kok beszerz\u00e9se \u00e9s \u00e1tdolgoz\u00e1sa, az olajsz\u00e1rmaz\u00e9kok elad\u00e1sa \u00e9s a g\u00e1z\u00fczlet\u00e1g is t\u00e9mak\u00e9nt szerepel majd. Emellett \u00f6sszehangolt\u00e1k k\u00f6z\u00f6s c\u00e9ljaikat az INA-r\u00f3l, amelyek a k\u00f6vetkez\u0151k: a befektet\u00e9sek n\u00f6vel\u00e9se, az \u00fczletvezet\u00e9s hat\u00e9konys\u00e1ga \u00e9s az INA nagyobb hozz\u00e1j\u00e1rul\u00e1sa a horv\u00e1t gazdas\u00e1ghoz.<br \/>\nA horv\u00e1t \u00e1llam birtokolja az INA r\u00e9szv\u00e9nyeinek 44,84 sz\u00e1zal\u00e9k\u00e1t, a Mol tulajdon\u00e1ban van a r\u00e9szv\u00e9nyek 49,1 sz\u00e1zal\u00e9ka, valamint a magyar c\u00e9g rendelkezik az ir\u00e1ny\u00edt\u00f3i jogokkal. A tulajdonosok k\u00f6z\u00f6tti vita egyik f\u0151 pontja az ir\u00e1ny\u00edt\u00e1son bel\u00fcli viszonyok k\u00e9rd\u00e9se. Emellett a horv\u00e1t \u00e1llam szerint a Mol nem hajtotta v\u00e9gre egyes fejleszt\u00e9si \u00edg\u00e9reteit az INA-val kapcsolatban, m\u00edg a magyar olajt\u00e1rsas\u00e1g szerint a horv\u00e1t \u00e1llam szegte meg kor\u00e1bbi szerz\u0151d\u00e9ses k\u00f6telezetts\u00e9geit, ezzel k\u00e1rt okozva a Mol r\u00e9szv\u00e9nyeseinek.(MTI)<\/p><div id=\"gazda-3995959440\" class=\"gazda-tartalomban gazda-entity-placement\"><script async src=\"https:\/\/pagead2.googlesyndication.com\/pagead\/js\/adsbygoogle.js\"><\/script>\r\n<ins class=\"adsbygoogle\"\r\n     style=\"display:block\"\r\n     data-ad-format=\"fluid\"\r\n     data-ad-layout-key=\"-6t+ed+2i-1n-4w\"\r\n     data-ad-client=\"ca-pub-1959107119989764\"\r\n     data-ad-slot=\"4008251320\"><\/ins>\r\n<script>\r\n     (adsbygoogle = window.adsbygoogle || []).push({});\r\n<\/script><\/div>\n","protected":false},"excerpt":{"rendered":"<p>Mol: m\u00e9g jelent\u0151s n\u00e9zetk\u00fcl\u00f6nbs\u00e9gek vannak a felek k\u00f6z\u00f6tt. Tov\u00e1bbra is jelent\u0151s n\u00e9zetk\u00fcl\u00f6nbs\u00e9gek vannak a Mol \u00e9s a horv\u00e1t korm\u00e1ny k\u00f6z\u00f6tt az INA olajipari v\u00e1llalat helyzet\u00e9nek meg\u00edt\u00e9l\u00e9s\u00e9ben; a Mol meggy\u0151z\u0151d\u00e9se, hogy az INA v\u00e1llalatir\u00e1ny\u00edt\u00e1si modellje \u00f6sszhangban van a nemzetk\u00f6zi gyakorlattal, valamint a horv\u00e1torsz\u00e1gi \u00e9s az eur\u00f3pai szab\u00e1lyoz\u00e1ssal is &#8211; der\u00fcl ki a Mol k\u00f6zlem\u00e9ny\u00e9b\u0151l.<\/p>\n","protected":false},"author":1,"featured_media":20752,"comment_status":"open","ping_status":"closed","sticky":false,"template":"","format":"standard","meta":[],"categories":[7,122],"tags":[],"_links":{"self":[{"href":"https:\/\/gazdasagportal.hu\/index.php\/wp-json\/wp\/v2\/posts\/20751"}],"collection":[{"href":"https:\/\/gazdasagportal.hu\/index.php\/wp-json\/wp\/v2\/posts"}],"about":[{"href":"https:\/\/gazdasagportal.hu\/index.php\/wp-json\/wp\/v2\/types\/post"}],"author":[{"embeddable":true,"href":"https:\/\/gazdasagportal.hu\/index.php\/wp-json\/wp\/v2\/users\/1"}],"replies":[{"embeddable":true,"href":"https:\/\/gazdasagportal.hu\/index.php\/wp-json\/wp\/v2\/comments?post=20751"}],"version-history":[{"count":1,"href":"https:\/\/gazdasagportal.hu\/index.php\/wp-json\/wp\/v2\/posts\/20751\/revisions"}],"predecessor-version":[{"id":20753,"href":"https:\/\/gazdasagportal.hu\/index.php\/wp-json\/wp\/v2\/posts\/20751\/revisions\/20753"}],"wp:featuredmedia":[{"embeddable":true,"href":"https:\/\/gazdasagportal.hu\/index.php\/wp-json\/wp\/v2\/media\/20752"}],"wp:attachment":[{"href":"https:\/\/gazdasagportal.hu\/index.php\/wp-json\/wp\/v2\/media?parent=20751"}],"wp:term":[{"taxonomy":"category","embeddable":true,"href":"https:\/\/gazdasagportal.hu\/index.php\/wp-json\/wp\/v2\/categories?post=20751"},{"taxonomy":"post_tag","embeddable":true,"href":"https:\/\/gazdasagportal.hu\/index.php\/wp-json\/wp\/v2\/tags?post=20751"}],"curies":[{"name":"wp","href":"https:\/\/api.w.org\/{rel}","templated":true}]}}