{"id":20631,"date":"2013-11-07T14:19:16","date_gmt":"2013-11-07T13:19:16","guid":{"rendered":"http:\/\/stockportal.hu\/?p=20631"},"modified":"2013-11-07T14:19:16","modified_gmt":"2013-11-07T13:19:16","slug":"dunaferr-a-kormany-nem-vasarolja-meg-a-cegcsoportot","status":"publish","type":"post","link":"https:\/\/gazdasagportal.hu\/index.php\/dunaferr-a-kormany-nem-vasarolja-meg-a-cegcsoportot\/","title":{"rendered":"Dunaferr &#8211; A korm\u00e1ny nem v\u00e1s\u00e1rolja meg a c\u00e9gcsoportot"},"content":{"rendered":"<p><strong>A magyar korm\u00e1ny tudom\u00e1sul vette, hogy az ISD Dunaferr Zrt. menedzsmentje az elad\u00e1s helyett a t\u00e1rsas\u00e1g hossz\u00fa t\u00e1v\u00fa, stabil m\u0171k\u00f6dtet\u00e9s\u00e9ben \u00e9rdekelt, \u00e9s ennek megfelel\u0151en pr\u00f3b\u00e1l m\u00e1s ter\u00fcleteken seg\u00edts\u00e9get ny\u00fajtani a c\u00e9gnek \u00e9s a munkav\u00e1llal\u00f3knak &#8211; jelentette be a foglalkoztat\u00e1spolitik\u00e1\u00e9rt felel\u0151s \u00e1llamtitk\u00e1r cs\u00fct\u00f6rt\u00f6k\u00f6n Duna\u00fajv\u00e1rosban, miut\u00e1n t\u00e1rgyalt a c\u00e9g menedzsmentj\u00e9vel \u00e9s a szakszervezetek k\u00e9pvisel\u0151ivel.<!--more--><\/strong><\/p>\n<p>Czomba S\u00e1ndor k\u00f6z\u00f6lte: a c\u00e9gvezet\u00e9s meger\u0151s\u00edtette, hogy mintegy 400 f\u0151s l\u00e9tsz\u00e1mle\u00e9p\u00edt\u00e9st tervez, ami a kor\u00e1bban bejelentett 1500-as sz\u00e1mhoz k\u00e9pest jelent\u0151s v\u00e1ltoz\u00e1s.<br \/>\nElmondta: a korm\u00e1ny azon dolgozik, hogy ez a n\u00e9gysz\u00e1z ember a le\u00e9p\u00edt\u00e9s utols\u00f3 f\u00e1zisa legyen \u00e9s ne az els\u0151. Hozz\u00e1tette: az \u00e9rintetteknek minden lehet\u0151s\u00e9get meg k\u00edv\u00e1nnak adni, hogy az elbocs\u00e1t\u00e1s \u201ea lehet\u0151 legkisebb vesztes\u00e9ggel j\u00e1rjon\u201d.(MTI)<\/p>\n","protected":false},"excerpt":{"rendered":"<p>A magyar korm\u00e1ny tudom\u00e1sul vette, hogy az ISD Dunaferr Zrt. menedzsmentje az elad\u00e1s helyett a t\u00e1rsas\u00e1g hossz\u00fa t\u00e1v\u00fa, stabil m\u0171k\u00f6dtet\u00e9s\u00e9ben \u00e9rdekelt, \u00e9s ennek megfelel\u0151en pr\u00f3b\u00e1l m\u00e1s ter\u00fcleteken seg\u00edts\u00e9get ny\u00fajtani a c\u00e9gnek \u00e9s a munkav\u00e1llal\u00f3knak &#8211; jelentette be a foglalkoztat\u00e1spolitik\u00e1\u00e9rt felel\u0151s \u00e1llamtitk\u00e1r cs\u00fct\u00f6rt\u00f6k\u00f6n Duna\u00fajv\u00e1rosban, miut\u00e1n t\u00e1rgyalt a c\u00e9g menedzsmentj\u00e9vel \u00e9s a szakszervezetek k\u00e9pvisel\u0151ivel.<\/p>\n","protected":false},"author":1,"featured_media":0,"comment_status":"open","ping_status":"closed","sticky":false,"template":"","format":"standard","meta":[],"categories":[19],"tags":[],"_links":{"self":[{"href":"https:\/\/gazdasagportal.hu\/index.php\/wp-json\/wp\/v2\/posts\/20631"}],"collection":[{"href":"https:\/\/gazdasagportal.hu\/index.php\/wp-json\/wp\/v2\/posts"}],"about":[{"href":"https:\/\/gazdasagportal.hu\/index.php\/wp-json\/wp\/v2\/types\/post"}],"author":[{"embeddable":true,"href":"https:\/\/gazdasagportal.hu\/index.php\/wp-json\/wp\/v2\/users\/1"}],"replies":[{"embeddable":true,"href":"https:\/\/gazdasagportal.hu\/index.php\/wp-json\/wp\/v2\/comments?post=20631"}],"version-history":[{"count":1,"href":"https:\/\/gazdasagportal.hu\/index.php\/wp-json\/wp\/v2\/posts\/20631\/revisions"}],"predecessor-version":[{"id":20632,"href":"https:\/\/gazdasagportal.hu\/index.php\/wp-json\/wp\/v2\/posts\/20631\/revisions\/20632"}],"wp:attachment":[{"href":"https:\/\/gazdasagportal.hu\/index.php\/wp-json\/wp\/v2\/media?parent=20631"}],"wp:term":[{"taxonomy":"category","embeddable":true,"href":"https:\/\/gazdasagportal.hu\/index.php\/wp-json\/wp\/v2\/categories?post=20631"},{"taxonomy":"post_tag","embeddable":true,"href":"https:\/\/gazdasagportal.hu\/index.php\/wp-json\/wp\/v2\/tags?post=20631"}],"curies":[{"name":"wp","href":"https:\/\/api.w.org\/{rel}","templated":true}]}}