{"id":2062,"date":"2013-02-05T13:01:18","date_gmt":"2013-02-05T12:01:18","guid":{"rendered":"http:\/\/stockportal.hu\/?p=2062"},"modified":"2013-02-05T13:01:18","modified_gmt":"2013-02-05T12:01:18","slug":"jok-az-eselyei-az-uj-unios-koltsegvetes-elfogadasanak","status":"publish","type":"post","link":"https:\/\/gazdasagportal.hu\/index.php\/jok-az-eselyei-az-uj-unios-koltsegvetes-elfogadasanak\/","title":{"rendered":"J\u00f3k az es\u00e9lyei az \u00faj uni\u00f3s k\u00f6lts\u00e9gvet\u00e9s elfogad\u00e1s\u00e1nak"},"content":{"rendered":"<p><strong>Garancia nincs a sikerre, de j\u00f3k az es\u00e9lyei annak, hogy az Eur\u00f3pai Uni\u00f3 2014-2020 id\u0151szakra sz\u00f3l\u00f3 k\u00f6lts\u00e9gvet\u00e9s\u00e9t elfogadj\u00e1k a tagorsz\u00e1gok k\u00e9pvisel\u0151i az Eur\u00f3pai Tan\u00e1cs febru\u00e1r 7-8-i br\u00fcsszeli tan\u00e1cskoz\u00e1s\u00e1n &#8211; mondta Gy\u0151ri Enik\u0151 EU-\u00fcgyek\u00e9rt felel\u0151s \u00e1llamtitk\u00e1r kedden Budapesten.<!--more--><\/strong><\/p>\n<p>A K\u00fcl\u00fcgyminiszt\u00e9riumban tartott sajt\u00f3besz\u00e9lget\u00e9sen Gy\u0151ri Enik\u0151 a Magyarorsz\u00e1g szempontj\u00e1b\u00f3l legfontosabb c\u00e9lok k\u00f6z\u00f6tt eml\u00edtette meg, hogy a koh\u00e9zi\u00f3s forr\u00e1sok eloszt\u00e1s\u00e1nak ne a szeg\u00e9nyebb tagorsz\u00e1gok legyenek a vesztesei, az agr\u00e1rpolitik\u00e1ban az eddigihez hasonl\u00f3 szint\u0171 t\u00e1mogat\u00e1st kapjon az orsz\u00e1g, valamint a vid\u00e9kfejleszt\u00e9sn\u00e9l ne a szeg\u00e9nyebb tagorsz\u00e1gokt\u00f3l csoportos\u00edtsanak \u00e1t p\u00e9nzt a gazdagabbakhoz.<br \/>\n&#8222;Az uni\u00f3 versenyk\u00e9pess\u00e9ge s\u00e9r\u00fcl, ha \u00f3ri\u00e1siak a k\u00fcl\u00f6nbs\u00e9gek a tagorsz\u00e1gok k\u00f6z\u00f6tt&#8221; &#8211; tette hozz\u00e1. \u00a0\u00a0\u00a0\u00a0Az EU-\u00fcgyek\u00e9rt felel\u0151s \u00e1llamtitk\u00e1r felh\u00edvta a figyelmet arra, hogy a mostani h\u00e9t\u00e9ves k\u00f6lts\u00e9gvet\u00e9si id\u0151szakhoz k\u00e9pest kisebb p\u00e9nz\u00fcgyi keretre kell sz\u00e1m\u00edtani. &#8222;Botors\u00e1g lenne pont annyi p\u00e9nzt k\u00e9rni, mint h\u00e9t \u00e9ve&#8221; &#8211; mondta, magyar\u00e1zatk\u00e9nt hozz\u00e1f\u0171zve, eg\u00e9szen m\u00e1s a jelenlegi vil\u00e1ggazdas\u00e1gi helyzet, mint az el\u0151z\u0151 uni\u00f3s k\u00f6lts\u00e9gvet\u00e9s megalkot\u00e1sakor. \u00a0\u00a0\u00a0\u00a0Hangs\u00falyozta ugyanakkor: az uni\u00f3s k\u00f6lts\u00e9gvet\u00e9si p\u00e9nzek eloszt\u00e1s\u00e1n\u00e1l \u00fcgyelni kell arra, hogy az ne \u00fctk\u00f6zz\u00f6n az EU alapelveibe. &#8222;Magyarorsz\u00e1g r\u00e9szesed\u00e9s\u00e9t is az uni\u00f3s elvek \u00e9s \u00e9rt\u00e9kek ment\u00e9n szeretn\u00e9nk meghat\u00e1rozni&#8221; &#8211; mondta. \u00a0\u00a0\u00a0\u00a0Gy\u0151ri Enik\u0151 fontosnak nevezte azt is, hogy ne v\u00e1ltozzanak meg a t\u00e1rsfinansz\u00edroz\u00e1sra \u00e9s az \u00e1fa elsz\u00e1mol\u00e1s\u00e1ra vonatkoz\u00f3 szab\u00e1lyok. P\u00e9ld\u00e1ul maradjon meg az uni\u00f3 85 sz\u00e1zal\u00e9kos t\u00e1rsfinansz\u00edroz\u00e1si r\u00e1t\u00e1ja, hogy ne h\u00e1ruljon az eddigin\u00e9l nagyobb teher a tagorsz\u00e1gok k\u00f6lts\u00e9gvet\u00e9s\u00e9re. \u00a0\u00a0\u00a0\u00a0Az Eur\u00f3pai Tan\u00e1cs uni\u00f3s k\u00f6lts\u00e9gvet\u00e9sr\u0151l folytatott el\u0151z\u0151, novemberi tan\u00e1cskoz\u00e1sa megegyez\u00e9s n\u00e9lk\u00fcl z\u00e1rult.(MTI)<\/p>\n","protected":false},"excerpt":{"rendered":"<p>Garancia nincs a sikerre, de j\u00f3k az es\u00e9lyei annak, hogy az Eur\u00f3pai Uni\u00f3 2014-2020 id\u0151szakra sz\u00f3l\u00f3 k\u00f6lts\u00e9gvet\u00e9s\u00e9t elfogadj\u00e1k a tagorsz\u00e1gok k\u00e9pvisel\u0151i az Eur\u00f3pai Tan\u00e1cs febru\u00e1r 7-8-i br\u00fcsszeli tan\u00e1cskoz\u00e1s\u00e1n &#8211; mondta Gy\u0151ri Enik\u0151 EU-\u00fcgyek\u00e9rt felel\u0151s \u00e1llamtitk\u00e1r kedden Budapesten.<\/p>\n","protected":false},"author":1,"featured_media":0,"comment_status":"closed","ping_status":"closed","sticky":false,"template":"","format":"standard","meta":[],"categories":[12],"tags":[],"_links":{"self":[{"href":"https:\/\/gazdasagportal.hu\/index.php\/wp-json\/wp\/v2\/posts\/2062"}],"collection":[{"href":"https:\/\/gazdasagportal.hu\/index.php\/wp-json\/wp\/v2\/posts"}],"about":[{"href":"https:\/\/gazdasagportal.hu\/index.php\/wp-json\/wp\/v2\/types\/post"}],"author":[{"embeddable":true,"href":"https:\/\/gazdasagportal.hu\/index.php\/wp-json\/wp\/v2\/users\/1"}],"replies":[{"embeddable":true,"href":"https:\/\/gazdasagportal.hu\/index.php\/wp-json\/wp\/v2\/comments?post=2062"}],"version-history":[{"count":2,"href":"https:\/\/gazdasagportal.hu\/index.php\/wp-json\/wp\/v2\/posts\/2062\/revisions"}],"predecessor-version":[{"id":2064,"href":"https:\/\/gazdasagportal.hu\/index.php\/wp-json\/wp\/v2\/posts\/2062\/revisions\/2064"}],"wp:attachment":[{"href":"https:\/\/gazdasagportal.hu\/index.php\/wp-json\/wp\/v2\/media?parent=2062"}],"wp:term":[{"taxonomy":"category","embeddable":true,"href":"https:\/\/gazdasagportal.hu\/index.php\/wp-json\/wp\/v2\/categories?post=2062"},{"taxonomy":"post_tag","embeddable":true,"href":"https:\/\/gazdasagportal.hu\/index.php\/wp-json\/wp\/v2\/tags?post=2062"}],"curies":[{"name":"wp","href":"https:\/\/api.w.org\/{rel}","templated":true}]}}