{"id":20598,"date":"2013-11-07T10:06:25","date_gmt":"2013-11-07T09:06:25","guid":{"rendered":"http:\/\/stockportal.hu\/?p=20598"},"modified":"2013-11-07T10:06:25","modified_gmt":"2013-11-07T09:06:25","slug":"nem-valtozik-az-erzsebet-utalvany","status":"publish","type":"post","link":"https:\/\/gazdasagportal.hu\/index.php\/nem-valtozik-az-erzsebet-utalvany\/","title":{"rendered":"Nem v\u00e1ltozik az Erzs\u00e9bet-utalv\u00e1ny"},"content":{"rendered":"<p><strong>Marad az Erzs\u00e9bet-utalv\u00e1ny, felhaszn\u00e1l\u00e1si felt\u00e9telei sem v\u00e1ltoznak &#8211; k\u00f6z\u00f6lte a korm\u00e1nysz\u00f3viv\u0151 cs\u00fct\u00f6rt\u00f6k\u00f6n az MTI-vel.<!--more--><\/strong><\/p>\n<p>A napokban t\u00f6bb sajt\u00f3org\u00e1numban is olyan h\u00edrek l\u00e1ttak napvil\u00e1got, amelyek szerint a kabinet m\u00e9rlegeli az Erzs\u00e9bet-utalv\u00e1ny megsz\u00fcntet\u00e9s\u00e9t vagy \u00e1talak\u00edt\u00e1s\u00e1t oly m\u00f3don, hogy kiz\u00e1rja a felhaszn\u00e1lhat\u00f3s\u00e1g k\u00f6r\u00e9b\u0151l az \u00e9lelmiszer-v\u00e1s\u00e1rl\u00e1st.<br \/>\nA korm\u00e1ny szerd\u00e1n megt\u00e1rgyalta az Erzs\u00e9bet-utalv\u00e1nnyal kapcsolatos k\u00e9rd\u00e9seket; a t\u00e1rc\u00e1khoz eddig \u00e9rkezett visszajelz\u00e9sek alapj\u00e1n a munkav\u00e1llal\u00f3k sz\u00e1m\u00e1ra ez a juttat\u00e1si forma fontos, szeretik, \u00edgy marad &#8211; jelentette ki Gir\u00f3-Sz\u00e1sz Andr\u00e1s az MTI-nek.<br \/>\nA korm\u00e1nysz\u00f3viv\u0151 ezzel meger\u0151s\u00edtette a Nemzetgazdas\u00e1gi Miniszt\u00e9rium parlamenti \u00e9s gazdas\u00e1gstrat\u00e9gi\u00e1\u00e9rt felel\u0151s \u00e1llamtitk\u00e1r\u00e1nak h\u00e9tf\u0151n a parlamentben, egy k\u00e9pvisel\u0151i k\u00e9rd\u00e9sre adott v\u00e1lasz\u00e1t, amelyben Cs\u00e9falvay Zolt\u00e1n lesz\u00f6gezte: nincs sz\u00f3 az Erzs\u00e9bet-utalv\u00e1ny megsz\u00fcntet\u00e9s\u00e9r\u0151l vagy felhaszn\u00e1l\u00e1si lehet\u0151s\u00e9geinek sz\u0171k\u00edt\u00e9s\u00e9r\u0151l.<br \/>\nA korm\u00e1nysz\u00f3viv\u0151 az MTI-t t\u00e1j\u00e9koztatta arr\u00f3l is, hogy a kabinet megt\u00e1rgyalta a magyarorsz\u00e1gi b\u00e1ny\u00e1szat helyzet\u00e9r\u0151l \u00e9s j\u00f6v\u0151beni fejleszt\u00e9si lehet\u0151s\u00e9geir\u0151l sz\u00f3l\u00f3 jelent\u00e9st, \u00e9s elk\u00f6telezett a hazai b\u00e1ny\u00e1szati szakmai kult\u00fara fenntart\u00e1sa, illetve a v\u00e1j\u00e1rk\u00e9pz\u00e9s megtart\u00e1sa mellett.(MTI)<\/p>\n","protected":false},"excerpt":{"rendered":"<p>Marad az Erzs\u00e9bet-utalv\u00e1ny, felhaszn\u00e1l\u00e1si felt\u00e9telei sem v\u00e1ltoznak &#8211; k\u00f6z\u00f6lte a korm\u00e1nysz\u00f3viv\u0151 cs\u00fct\u00f6rt\u00f6k\u00f6n az MTI-vel.<\/p>\n","protected":false},"author":1,"featured_media":0,"comment_status":"open","ping_status":"closed","sticky":false,"template":"","format":"standard","meta":[],"categories":[19],"tags":[],"_links":{"self":[{"href":"https:\/\/gazdasagportal.hu\/index.php\/wp-json\/wp\/v2\/posts\/20598"}],"collection":[{"href":"https:\/\/gazdasagportal.hu\/index.php\/wp-json\/wp\/v2\/posts"}],"about":[{"href":"https:\/\/gazdasagportal.hu\/index.php\/wp-json\/wp\/v2\/types\/post"}],"author":[{"embeddable":true,"href":"https:\/\/gazdasagportal.hu\/index.php\/wp-json\/wp\/v2\/users\/1"}],"replies":[{"embeddable":true,"href":"https:\/\/gazdasagportal.hu\/index.php\/wp-json\/wp\/v2\/comments?post=20598"}],"version-history":[{"count":1,"href":"https:\/\/gazdasagportal.hu\/index.php\/wp-json\/wp\/v2\/posts\/20598\/revisions"}],"predecessor-version":[{"id":20599,"href":"https:\/\/gazdasagportal.hu\/index.php\/wp-json\/wp\/v2\/posts\/20598\/revisions\/20599"}],"wp:attachment":[{"href":"https:\/\/gazdasagportal.hu\/index.php\/wp-json\/wp\/v2\/media?parent=20598"}],"wp:term":[{"taxonomy":"category","embeddable":true,"href":"https:\/\/gazdasagportal.hu\/index.php\/wp-json\/wp\/v2\/categories?post=20598"},{"taxonomy":"post_tag","embeddable":true,"href":"https:\/\/gazdasagportal.hu\/index.php\/wp-json\/wp\/v2\/tags?post=20598"}],"curies":[{"name":"wp","href":"https:\/\/api.w.org\/{rel}","templated":true}]}}