{"id":20593,"date":"2013-11-07T09:31:16","date_gmt":"2013-11-07T08:31:16","guid":{"rendered":"http:\/\/stockportal.hu\/?p=20593"},"modified":"2013-11-07T09:32:02","modified_gmt":"2013-11-07T08:32:02","slug":"magyar-telekom-sajtotajekoztato-a-keszpenztermelo-kepesseg-javitasara-osszpontosit-a-vallalat","status":"publish","type":"post","link":"https:\/\/gazdasagportal.hu\/index.php\/magyar-telekom-sajtotajekoztato-a-keszpenztermelo-kepesseg-javitasara-osszpontosit-a-vallalat\/","title":{"rendered":"Magyar Telekom Sajt\u00f3t\u00e1j\u00e9koztat\u00f3 &#8211; A k\u00e9szp\u00e9nztermel\u0151 k\u00e9pess\u00e9g jav\u00edt\u00e1s\u00e1ra \u00f6sszpontos\u00edt a v\u00e1llalat"},"content":{"rendered":"<p><strong>\u00c9ves szinten tov\u00e1bbra is bev\u00e9teln\u00f6veked\u00e9ssel \u00e9s az EBITDA 9-12 sz\u00e1zal\u00e9k k\u00f6z\u00f6tti &#8211; s\u00e1von als\u00f3 sz\u00e9l\u00e9hez k\u00f6zelebbi &#8211; cs\u00f6kken\u00e9s\u00e9vel sz\u00e1mol a Magyar Telekom, emellett a v\u00e1llalat a k\u00e9szp\u00e9nztermel\u0151 k\u00e9pess\u00e9g\u00e9nek jav\u00edt\u00e1s\u00e1ra koncentr\u00e1l &#8211; mondta Szab\u00f3 J\u00e1nos gazdas\u00e1gi vez\u00e9rigazgat\u00f3-helyettes a v\u00e1llalat harmadik negyed\u00e9ves eredm\u00e9nyeit ismertet\u0151 sajt\u00f3t\u00e1j\u00e9koztat\u00f3n cs\u00fct\u00f6rt\u00f6k\u00f6n Budapesten.<!--more--><\/strong><\/p>\n<p>A harmadik negyed\u00e9vet befoly\u00e1sol\u00f3 esem\u00e9nyek k\u00f6z\u00fcl pozit\u00edvumk\u00e9nt kiemelte, hogy a t\u00f6rv\u00e9nyhoz\u00e1s elfogadta azt a szab\u00e1lym\u00f3dos\u00edt\u00e1st, amely lehet\u0151v\u00e9 teszi, hogy az energiapiacon az alternat\u00edv szolg\u00e1ltat\u00f3k, \u00edgy a Magyar Telekom is azonos felt\u00e9telekkel tudjon m\u0171k\u00f6dni.<br \/>\nA v\u00e1rhat\u00f3 frekvenciatenderrel kapcsolatban \u00fagy v\u00e9lte, hogy az idei negyedik negyed\u00e9vben vagy a j\u00f6v\u0151 \u00e9v elej\u00e9n megt\u00f6rt\u00e9nhet a ki\u00edr\u00e1s, \u00e9s a tavaszi v\u00e1laszt\u00e1sok el\u0151tt mindenk\u00e9ppen lezajlik az \u00e9rt\u00e9kes\u00edt\u00e9s.(MTI)<\/p>\n<p>&nbsp;<\/p><div id=\"gazda-3272240908\" class=\"gazda-tartalomban gazda-entity-placement\"><script async src=\"https:\/\/pagead2.googlesyndication.com\/pagead\/js\/adsbygoogle.js\"><\/script>\r\n<ins class=\"adsbygoogle\"\r\n     style=\"display:block\"\r\n     data-ad-format=\"fluid\"\r\n     data-ad-layout-key=\"-6t+ed+2i-1n-4w\"\r\n     data-ad-client=\"ca-pub-1959107119989764\"\r\n     data-ad-slot=\"4008251320\"><\/ins>\r\n<script>\r\n     (adsbygoogle = window.adsbygoogle || []).push({});\r\n<\/script><\/div>\n","protected":false},"excerpt":{"rendered":"<p>\u00c9ves szinten tov\u00e1bbra is bev\u00e9teln\u00f6veked\u00e9ssel \u00e9s az EBITDA 9-12 sz\u00e1zal\u00e9k k\u00f6z\u00f6tti &#8211; s\u00e1von als\u00f3 sz\u00e9l\u00e9hez k\u00f6zelebbi &#8211; cs\u00f6kken\u00e9s\u00e9vel sz\u00e1mol a Magyar Telekom, emellett a v\u00e1llalat a k\u00e9szp\u00e9nztermel\u0151 k\u00e9pess\u00e9g\u00e9nek jav\u00edt\u00e1s\u00e1ra koncentr\u00e1l &#8211; mondta Szab\u00f3 J\u00e1nos gazdas\u00e1gi vez\u00e9rigazgat\u00f3-helyettes a v\u00e1llalat harmadik negyed\u00e9ves eredm\u00e9nyeit ismertet\u0151 sajt\u00f3t\u00e1j\u00e9koztat\u00f3n cs\u00fct\u00f6rt\u00f6k\u00f6n Budapesten.<\/p>\n","protected":false},"author":1,"featured_media":20594,"comment_status":"open","ping_status":"closed","sticky":false,"template":"","format":"standard","meta":[],"categories":[130,7,47,122],"tags":[],"_links":{"self":[{"href":"https:\/\/gazdasagportal.hu\/index.php\/wp-json\/wp\/v2\/posts\/20593"}],"collection":[{"href":"https:\/\/gazdasagportal.hu\/index.php\/wp-json\/wp\/v2\/posts"}],"about":[{"href":"https:\/\/gazdasagportal.hu\/index.php\/wp-json\/wp\/v2\/types\/post"}],"author":[{"embeddable":true,"href":"https:\/\/gazdasagportal.hu\/index.php\/wp-json\/wp\/v2\/users\/1"}],"replies":[{"embeddable":true,"href":"https:\/\/gazdasagportal.hu\/index.php\/wp-json\/wp\/v2\/comments?post=20593"}],"version-history":[{"count":1,"href":"https:\/\/gazdasagportal.hu\/index.php\/wp-json\/wp\/v2\/posts\/20593\/revisions"}],"predecessor-version":[{"id":20595,"href":"https:\/\/gazdasagportal.hu\/index.php\/wp-json\/wp\/v2\/posts\/20593\/revisions\/20595"}],"wp:featuredmedia":[{"embeddable":true,"href":"https:\/\/gazdasagportal.hu\/index.php\/wp-json\/wp\/v2\/media\/20594"}],"wp:attachment":[{"href":"https:\/\/gazdasagportal.hu\/index.php\/wp-json\/wp\/v2\/media?parent=20593"}],"wp:term":[{"taxonomy":"category","embeddable":true,"href":"https:\/\/gazdasagportal.hu\/index.php\/wp-json\/wp\/v2\/categories?post=20593"},{"taxonomy":"post_tag","embeddable":true,"href":"https:\/\/gazdasagportal.hu\/index.php\/wp-json\/wp\/v2\/tags?post=20593"}],"curies":[{"name":"wp","href":"https:\/\/api.w.org\/{rel}","templated":true}]}}