{"id":20573,"date":"2013-11-07T02:44:48","date_gmt":"2013-11-07T01:44:48","guid":{"rendered":"http:\/\/stockportal.hu\/?p=20573"},"modified":"2013-11-07T03:29:53","modified_gmt":"2013-11-07T02:29:53","slug":"csokkent-a-magyar-telekom-netto-eredmenye-a-harmadik-negyedevben","status":"publish","type":"post","link":"https:\/\/gazdasagportal.hu\/index.php\/csokkent-a-magyar-telekom-netto-eredmenye-a-harmadik-negyedevben\/","title":{"rendered":"Gyorsjelent\u00e9s &#8211; Cs\u00f6kkent a Magyar Telekom nett\u00f3 eredm\u00e9nye a harmadik negyed\u00e9vben"},"content":{"rendered":"<p><strong>Cs\u00f6kkent a Magyar Telekom Nyrt. nett\u00f3 eredm\u00e9nye a harmadik negyed\u00e9vben, m\u00edg tavaly ugyanebben az id\u0151szakban 14,8 milli\u00e1rd forint volt a t\u00e1rsas\u00e1g r\u00e9szv\u00e9nyeseire jut\u00f3 eredm\u00e9ny, addig az id\u00e9n 37 sz\u00e1zal\u00e9kkal kevesebb, 9,3 milli\u00e1rd forint, a visszaes\u00e9st a t\u00e1rsas\u00e1g az alacsonyabb ad\u00f3z\u00e1s el\u0151tti eredm\u00e9nnyel magyar\u00e1zza.<!--more--><\/strong><\/p>\n<p><a href=\"http:\/\/stockportal.hu\/wp-content\/uploads\/2013\/10\/Magyar-Telekom.jpg\" target=\"_blank\" rel=\"noopener\"><img decoding=\"async\" loading=\"lazy\" class=\"alignnone size-full wp-image-18465\" alt=\"Magyar-Telekom\" src=\"http:\/\/stockportal.hu\/wp-content\/uploads\/2013\/10\/Magyar-Telekom.jpg\" width=\"500\" height=\"384\" srcset=\"https:\/\/gazdasagportal.hu\/wp-content\/uploads\/2013\/10\/Magyar-Telekom.jpg 500w, https:\/\/gazdasagportal.hu\/wp-content\/uploads\/2013\/10\/Magyar-Telekom-300x230.jpg 300w, https:\/\/gazdasagportal.hu\/wp-content\/uploads\/2013\/10\/Magyar-Telekom-71x55.jpg 71w, https:\/\/gazdasagportal.hu\/wp-content\/uploads\/2013\/10\/Magyar-Telekom-310x238.jpg 310w, https:\/\/gazdasagportal.hu\/wp-content\/uploads\/2013\/10\/Magyar-Telekom-60x45.jpg 60w\" sizes=\"(max-width: 500px) 100vw, 500px\" \/><\/a><\/p>\n<p>A portfolio.hu \u00e1ltal megk\u00e9rdezett elemz\u0151k a harmadik negyed\u00e9vre 11,155 milli\u00e1rd forint profitot v\u00e1rtak.<br \/>\nA Magyar Telekom konszolid\u00e1lt, a nemzetk\u00f6zi p\u00e9nz\u00fcgyi jelent\u00e9si szabv\u00e1nyok (IFRS) alapj\u00e1n k\u00e9sz\u00fclt eredm\u00e9nykimutat\u00e1sa szerint a harmadik negyed\u00e9vben a bev\u00e9tel 5,4 sz\u00e1zal\u00e9kkal, 158,3 milli\u00e1rd forintra n\u0151tt az egy \u00e9vvel kor\u00e1bbi b\u00e1zishoz k\u00e9pest.<br \/>\nA Magyar Telekom a m\u00e1sodik negyed\u00e9vben 12,2 milli\u00e1rd forint nett\u00f3 eredm\u00e9nyt \u00e9rt el, 14,3 sz\u00e1zal\u00e9kkal t\u00f6bbet az egy \u00e9vvel kor\u00e1bbi 10,7 milli\u00e1rd forintn\u00e1l, ami a p\u00e9nz\u00fcgyi k\u00f6lts\u00e9gek m\u00e9rs\u00e9kl\u0151d\u00e9s\u00e9nek \u00e9s az alacsonyabb \u00e9rt\u00e9kcs\u00f6kken\u00e9si le\u00edr\u00e1snak volt k\u00f6sz\u00f6nhet\u0151. A t\u00e1rsas\u00e1g m\u00e1sodik negyed\u00e9vi \u00e1rbev\u00e9tele 156,9 milli\u00e1rd forint volt, ami 7,9 sz\u00e1zal\u00e9kkal t\u00f6bb az egy \u00e9vvel kor\u00e1bbin\u00e1l.<br \/>\nA Budapesti \u00c9rt\u00e9kt\u0151zsde (B\u00c9T) honlapj\u00e1n cs\u00fct\u00f6rt\u00f6k\u00f6n k\u00f6zz\u00e9tett eredm\u00e9nykimutat\u00e1s szerint az els\u0151 kilenc h\u00f3napban a nett\u00f3 eredm\u00e9ny 23,2 milli\u00e1rd forint volt, szemben a tavalyi 38,5 milli\u00e1rd forinttal. A bev\u00e9tel 6,7 sz\u00e1zal\u00e9kkal 471,8 milli\u00e1rd forintra n\u0151tt.<br \/>\nA t\u00e1rsas\u00e1g k\u00f6zlem\u00e9nye id\u00e9zi Christopher Mattheisen vez\u00e9rigazgat\u00f3t, aki szerint a harmadik negyed\u00e9vben kedvez\u0151 fejlem\u00e9nyeket tapasztaltak. A brutt\u00f3 profitot sikeresen stabiliz\u00e1lt\u00e1k, m\u00edg a kamatfizet\u00e9s, ad\u00f3z\u00e1s \u00e9s \u00e9rt\u00e9kcs\u00f6kken\u00e9si le\u00edr\u00e1s el\u0151tti profitban (EBITDA) bek\u00f6vetkezett 8 sz\u00e1zal\u00e9kos cs\u00f6kken\u00e9s nagyr\u00e9szt a tavalyi, eredm\u00e9nyt jav\u00edt\u00f3 egyszeri t\u00e9teleknek volt k\u00f6sz\u00f6nhet\u0151.<br \/>\nHozz\u00e1tette: a magyarorsz\u00e1gi lakoss\u00e1gi szegmensben tov\u00e1bb tudt\u00e1k cs\u00f6kkenteni a vezet\u00e9kes hangszolg\u00e1ltat\u00e1sok lemorzsol\u00f3d\u00e1s\u00e1t \u00e9s m\u00e9rs\u00e9kelt\u00e9k az egy f\u0151re es\u0151 bev\u00e9tel (ARPU) es\u00e9s\u00e9nek \u00fctem\u00e9t is az \u00f6sszekapcsolt aj\u00e1nlatoknak k\u00f6sz\u00f6nhet\u0151en. El\u00e9gedett azzal is, hogy a vonatkoz\u00f3 jogszab\u00e1lyok v\u00e1ltoz\u00e1s\u00e1t k\u00f6vet\u0151en k\u00e9pesek folytatni az energiaszolg\u00e1ltat\u00e1sokkal kapcsolatos strat\u00e9gi\u00e1t. Arra sz\u00e1m\u00edtanak, hogy az egyetemes \u00e9s a verseny szegmensnek ny\u00fajtott energiaszolg\u00e1ltat\u00e1sb\u00f3l sz\u00e1rmaz\u00f3 \u00e9ves bev\u00e9teleik \u00f6sszesen 46 milli\u00e1rd forint k\u00f6r\u00fcl lesznek az id\u00e9n. Tavaly ez az \u00f6sszeg 25,49 milli\u00e1rd forint volt.<br \/>\nA vez\u00e9rigazgat\u00f3 szerint a magyar lakoss\u00e1gi mobil piacon egy nagyon fontos m\u00e9rf\u00f6ldk\u0151h\u00f6z \u00e9rtek a szolg\u00e1ltat\u00f3k a korl\u00e1tlan besz\u00e9lget\u00e9st ny\u00fajt\u00f3 d\u00edjcsomagokkal, ami minden bizonnyal a verseny er\u0151s\u00f6d\u00e9s\u00e9hez vezet. \u00dagy v\u00e9lte, r\u00e9szben az\u00e9rt, mert Magyarorsz\u00e1g legnagyobb 4G h\u00e1l\u00f3zat\u00e1val rendelkeznek, k\u00e9pesek lesznek hat\u00e9konyan kezelni a helyzetb\u0151l ad\u00f3d\u00f3 kock\u00e1zatokat.<br \/>\nA vez\u00e9rigazgat\u00f3 kifejtette, az \u00e9v h\u00e1tral\u00e9v\u0151 r\u00e9sz\u00e9re fenntartj\u00e1k a n\u00f6vekv\u0151 bev\u00e9telekre \u00e9s a 9-12 sz\u00e1zal\u00e9kkal cs\u00f6kken\u0151 EBITDA-ra vonatkoz\u00f3 c\u00e9lkit\u0171z\u00e9seket, azonban arra sz\u00e1m\u00edtanak, hogy az EBITDA-cs\u00f6kken\u00e9s m\u00e9rt\u00e9ke a s\u00e1v kedvez\u0151bb sz\u00e9l\u00e9hez lesz k\u00f6zelebb. V\u00e1rakoz\u00e1saik szerint a beruh\u00e1z\u00e1sok 5 sz\u00e1zal\u00e9kkal cs\u00f6kkennek, \u00e1m a CAPEX (a t\u00e1rgyi eszk\u00f6z\u00f6kbe \u00e9s immateri\u00e1lis javakba t\u00f6rt\u00e9nt beruh\u00e1z\u00e1s) sem a spektrum akviz\u00edci\u00f3ra ford\u00edtott \u00f6sszegeket, sem a j\u00f6v\u0151beni \u00e9ves frekvenciad\u00edjak jelen\u00e9rt\u00e9k\u00e9nek aktiv\u00e1l\u00e1s\u00e1t nem tartalmazza. A c\u00e9g tavaly 607,1 milli\u00e1rd forint bev\u00e9telt \u00e9rt el, az EBITDA 194,8 milli\u00e1rd forint volt, a beruh\u00e1z\u00e1sok \u00f6sszege pedig 92,4 milli\u00e1rd forintot tett ki, ez ut\u00f3bbi szint\u00e9n nem tartalmazza a spektrum akviz\u00edci\u00f3ra ford\u00edtott \u00f6sszegeket \u00e9s az \u00e9ves frekvencia d\u00edj aktiv\u00e1l\u00e1s\u00e1t.<br \/>\nAz eredm\u00e9nykimutat\u00e1s szerint az id\u00e9n a harmadik negyed\u00e9vben az EBITDA 8,2 sz\u00e1zal\u00e9kkal, 56,6 milli\u00e1rd forintr\u00f3l 51,9 milli\u00e1rd forintra cs\u00f6kkent, els\u0151sorban az egy\u00e9b m\u0171k\u00f6d\u00e9si bev\u00e9telek 6,2 milli\u00e1rd forintos m\u00e9rs\u00e9kl\u0151d\u00e9se k\u00f6vetkezt\u00e9ben, mivel a m\u00falt \u00e9v harmadik negyed\u00e9v\u00e9ben a maced\u00f3n ingatlan tranzakci\u00f3b\u00f3l 3,7 milli\u00e1rd forint, a Pro-M c\u00e9g \u00e9rt\u00e9kes\u00edt\u00e9s\u00e9b\u0151l pedig 1,6 milli\u00e1rd forint nyeres\u00e9get sz\u00e1moltak el. Mindezek hat\u00e1s\u00e1t r\u00e9szben ellens\u00falyozta a m\u0171k\u00f6d\u00e9st terhel\u0151 ad\u00f3k cs\u00f6kken\u00e9se a harmadik negyed\u00e9vben: m\u00edg egy \u00e9vvel kor\u00e1bban a k\u00fcl\u00f6nad\u00f3, a t\u00e1vk\u00f6zl\u00e9si ad\u00f3 \u00e9s k\u00f6zm\u0171ad\u00f3 \u00f6sszesen 10,5 milli\u00e1rd forintot tett ki, addig az id\u00e9n a harmadik negyed\u00e9vben csak 6,5 milli\u00e1rd forintot. Az id\u00e9n az els\u0151 kilenc h\u00f3napban ezek az ad\u00f3k 24,7 milli\u00e1rd forintot \u00e9rtek el, szemben a tavalyi 22,7 milli\u00e1rd forinttal.<br \/>\nAz \u00fczleti tev\u00e9kenys\u00e9gb\u0151l sz\u00e1rmaz\u00f3 nett\u00f3 cash flow 30,2 milli\u00e1rd forinttal, a tavalyi els\u0151 kilenc havi 105,4 milli\u00e1rd forintr\u00f3l 75,3 milli\u00e1rd forintra cs\u00f6kkent az idei els\u0151 kilenc h\u00f3napban. A cs\u00f6kken\u00e9s oka els\u0151sorban az el\u0151z\u0151 \u00e9vihez k\u00e9pest 17,1 milli\u00e1rd forinttal alacsonyabb EBITDA.<br \/>\nAz id\u00e9n az els\u0151 kilenc h\u00f3napban a teljes CAPEX 46,6 milli\u00e1rd forinttal, 70,9 milli\u00e1rd forintr\u00f3l 117,4 milli\u00e1rd forintra n\u0151tt. A jelent\u0151s n\u00f6veked\u00e9s oka els\u0151sorban a 2013. harmadik negyed\u00e9vi 38,0 milli\u00e1rd forint \u00f6sszeg\u0171 magyarorsz\u00e1gi licenc meghosszabb\u00edt\u00e1si d\u00edj \u00e9s a 3,1 milli\u00e1rd forint \u00f6sszeg\u0171 maced\u00f3n 4G licenc d\u00edja. Mindehhez t\u00e1rsult m\u00e9g 17,3 milli\u00e1rd forint \u00f6sszegben a j\u00f6v\u0151beni \u00e9ves frekvencia d\u00edjak jelen\u00e9rt\u00e9k\u00e9nek aktiv\u00e1l\u00e1sa is. Mindezek, valamint a 2012. els\u0151 negyed\u00e9vi 10,9 milli\u00e1rd forint \u00f6sszeg\u0171 900 megahertzes spektrum licencd\u00edj n\u00e9lk\u00fcl a CAPEX kism\u00e9rt\u00e9kben, 60,0 milli\u00e1rd forintr\u00f3l 59,1 milli\u00e1rd forintra cs\u00f6kkent.<br \/>\nA nett\u00f3 ad\u00f3ss\u00e1g\u00e1llom\u00e1ny a 2012. szeptember v\u00e9gi 296,8 milli\u00e1rd forintr\u00f3l 2013. szeptember v\u00e9g\u00e9re 365,3 milli\u00e1rd forintra n\u0151tt. A nett\u00f3 elad\u00f3sodotts\u00e1gi r\u00e1ta (a nett\u00f3 ad\u00f3ss\u00e1gnak az \u00f6sszes t\u0151k\u00e9re vet\u00edtett ar\u00e1nya) a negyed\u00e9v folyam\u00e1n 42,7 sz\u00e1zal\u00e9kra emelkedett, r\u00e9szben a j\u00f6v\u0151beni \u00e9ves frekvencia d\u00edjak aktiv\u00e1l\u00e1sa miatt magasabb p\u00e9nz\u00fcgyi k\u00f6telezetts\u00e9g eredm\u00e9nyek\u00e9nt.<br \/>\nA Magyar Telekom r\u00e9szv\u00e9nyeivel a B\u00c9T pr\u00e9mium kateg\u00f3ri\u00e1ban kereskednek, az \u00e9rt\u00e9kpap\u00edr szerdai z\u00e1r\u00f3 \u00e1ra 296 forint volt, az elm\u00falt 12 h\u00f3napban pedig 428 \u00e9s 287 forint k\u00f6z\u00f6tt mozgott.(MTI)<\/p>\n<p><span style=\"color: #000080;\"><strong><a href=\"http:\/\/bet.hu\/newkibdata\/115737564\/Magyar_Telekom_2013_harmadik_negyedevi_eredmenyek.pdf\" target=\"_blank\" rel=\"noopener\"><span style=\"color: #000080;\">2013. nov. 07. 00:01 2013 III Negyed\u00e9ves jelent\u00e9s (B\u00c9T)<\/span><\/a><\/strong><\/span><\/p><div id=\"gazda-1229070253\" class=\"gazda-tartalomban gazda-entity-placement\"><script async src=\"https:\/\/pagead2.googlesyndication.com\/pagead\/js\/adsbygoogle.js\"><\/script>\r\n<ins class=\"adsbygoogle\"\r\n     style=\"display:block\"\r\n     data-ad-format=\"fluid\"\r\n     data-ad-layout-key=\"-6t+ed+2i-1n-4w\"\r\n     data-ad-client=\"ca-pub-1959107119989764\"\r\n     data-ad-slot=\"4008251320\"><\/ins>\r\n<script>\r\n     (adsbygoogle = window.adsbygoogle || []).push({});\r\n<\/script><\/div>\n<p>&nbsp;<\/p>\n<p>&nbsp;<\/p>\n<p>&nbsp;<\/p>\n","protected":false},"excerpt":{"rendered":"<p>Cs\u00f6kkent a Magyar Telekom Nyrt. nett\u00f3 eredm\u00e9nye a harmadik negyed\u00e9vben, m\u00edg tavaly ugyanebben az id\u0151szakban 14,8 milli\u00e1rd forint volt a t\u00e1rsas\u00e1g r\u00e9szv\u00e9nyeseire jut\u00f3 eredm\u00e9ny, addig az id\u00e9n 37 sz\u00e1zal\u00e9kkal kevesebb, 9,3 milli\u00e1rd forint, a visszaes\u00e9st a t\u00e1rsas\u00e1g az alacsonyabb ad\u00f3z\u00e1s el\u0151tti eredm\u00e9nnyel magyar\u00e1zza.<\/p>\n","protected":false},"author":1,"featured_media":18465,"comment_status":"open","ping_status":"closed","sticky":false,"template":"","format":"standard","meta":[],"categories":[130,7,47,122],"tags":[],"_links":{"self":[{"href":"https:\/\/gazdasagportal.hu\/index.php\/wp-json\/wp\/v2\/posts\/20573"}],"collection":[{"href":"https:\/\/gazdasagportal.hu\/index.php\/wp-json\/wp\/v2\/posts"}],"about":[{"href":"https:\/\/gazdasagportal.hu\/index.php\/wp-json\/wp\/v2\/types\/post"}],"author":[{"embeddable":true,"href":"https:\/\/gazdasagportal.hu\/index.php\/wp-json\/wp\/v2\/users\/1"}],"replies":[{"embeddable":true,"href":"https:\/\/gazdasagportal.hu\/index.php\/wp-json\/wp\/v2\/comments?post=20573"}],"version-history":[{"count":5,"href":"https:\/\/gazdasagportal.hu\/index.php\/wp-json\/wp\/v2\/posts\/20573\/revisions"}],"predecessor-version":[{"id":20579,"href":"https:\/\/gazdasagportal.hu\/index.php\/wp-json\/wp\/v2\/posts\/20573\/revisions\/20579"}],"wp:featuredmedia":[{"embeddable":true,"href":"https:\/\/gazdasagportal.hu\/index.php\/wp-json\/wp\/v2\/media\/18465"}],"wp:attachment":[{"href":"https:\/\/gazdasagportal.hu\/index.php\/wp-json\/wp\/v2\/media?parent=20573"}],"wp:term":[{"taxonomy":"category","embeddable":true,"href":"https:\/\/gazdasagportal.hu\/index.php\/wp-json\/wp\/v2\/categories?post=20573"},{"taxonomy":"post_tag","embeddable":true,"href":"https:\/\/gazdasagportal.hu\/index.php\/wp-json\/wp\/v2\/tags?post=20573"}],"curies":[{"name":"wp","href":"https:\/\/api.w.org\/{rel}","templated":true}]}}