{"id":20567,"date":"2013-11-07T07:23:31","date_gmt":"2013-11-07T06:23:31","guid":{"rendered":"http:\/\/stockportal.hu\/?p=20567"},"modified":"2013-11-06T22:04:39","modified_gmt":"2013-11-06T21:04:39","slug":"alstom-a-magyar-leanyvallalatot-varhatoan-nem-erinti-a-leepites","status":"publish","type":"post","link":"https:\/\/gazdasagportal.hu\/index.php\/alstom-a-magyar-leanyvallalatot-varhatoan-nem-erinti-a-leepites\/","title":{"rendered":"Alstom: a magyar le\u00e1nyv\u00e1llalatot v\u00e1rhat\u00f3an nem \u00e9rinti a le\u00e9p\u00edt\u00e9s"},"content":{"rendered":"<p><strong>Az Alstom-csoport 1300 f\u0151s le\u00e9p\u00edt\u00e9si terve v\u00e1rhat\u00f3an nem \u00e9rinti a magyarorsz\u00e1gi le\u00e1nyv\u00e1llalatot, az Alstom Hung\u00e1ria Zrt.-t &#8211; k\u00f6z\u00f6lte a magyarorsz\u00e1gi c\u00e9g az MTI-vel.<!--more--><\/strong><\/p>\n<p>Azt, hogy az Alstom francia ipari csoport legal\u00e1bb 1300 munkahelyet megsz\u00fcntet &#8222;els\u0151sorban Eur\u00f3p\u00e1ban&#8221;, \u00e9s a budapesti metr\u00f3szerelv\u00e9nyeket is gy\u00e1rt\u00f3 r\u00e9szlege, az Alstom Transport vagyona egy r\u00e9sz\u00e9nek elad\u00e1s\u00e1ra k\u00e9sz\u00fcl, Patrick Kron, a v\u00e1llalat eln\u00f6ke jelentette be szerd\u00e1n P\u00e1rizsban. A bemutatott &#8222;akci\u00f3tervet&#8221; a &#8222;gyenge n\u00f6veked\u00e9si forgat\u00f3k\u00f6nyvvel&#8221; indokolta.<br \/>\nAz Alstom Hung\u00e1ria Zrt. k\u00f6z\u00f6lte: a l\u00e9tsz\u00e1mle\u00e9p\u00edt\u00e9seket els\u0151sorban azon orsz\u00e1gokban hajtja v\u00e9gre a v\u00e1llalat, amelyekben jelent\u0151s gy\u00e1rt\u00f3kapacit\u00e1sokkal, ebb\u0151l ad\u00f3d\u00f3an sz\u00e1mottev\u0151 dolgoz\u00f3i \u00e9s adminisztrat\u00edv l\u00e9tsz\u00e1mmal rendelkezik.<br \/>\nMivel Magyarorsz\u00e1gon az Alstomnak gy\u00e1rt\u00f3kapacit\u00e1sa nincs, ellenben k\u00e9t fut\u00f3 projektje &#8211; az M2-es \u00e9s M4-es metr\u00f3vonal szerelv\u00e9nyeinek sz\u00e1ll\u00edt\u00e1sa \u00e9s \u00fczembe helyez\u00e9se -, valamint jelent\u0151s K+F tev\u00e9kenys\u00e9ge van, a tervezett le\u00e9p\u00edt\u00e9s a v\u00e1llalat magyar munkav\u00e1llal\u00f3it el\u0151rel\u00e1that\u00f3lag nem \u00e9rinti.<br \/>\nAz Alstom Transport Patrick Kron eln\u00f6k-vez\u00e9rigazgat\u00f3 \u00e1ltal bejelentett kisebbs\u00e9gi r\u00e9szesed\u00e9s\u00e9nek tervezett elad\u00e1s\u00e1ra az\u00e9rt van sz\u00fcks\u00e9g, mert az Alstom-csoport az elm\u00falt h\u00f3napokban t\u00f6bb olyan kiemelked\u0151 nagys\u00e1grend\u0171 megb\u00edz\u00e1st is elnyert &#8211; p\u00e9ld\u00e1ul egy 4 milli\u00e1rd eur\u00f3 \u00e9rt\u00e9k\u0171, 1300 vonatszerelv\u00e9ny gy\u00e1rt\u00e1s\u00e1ra sz\u00f3l\u00f3 megrendel\u00e9st D\u00e9l-Afrik\u00e1ban -, amelynek finansz\u00edroz\u00e1s\u00e1t csak k\u00fcls\u0151 forr\u00e1s bevon\u00e1s\u00e1val tudja megval\u00f3s\u00edtani &#8211; t\u00e1j\u00e9koztatta az MTI-t a magyar le\u00e1nyv\u00e1llalat.(MTI)<\/p>\n","protected":false},"excerpt":{"rendered":"<p>Az Alstom-csoport 1300 f\u0151s le\u00e9p\u00edt\u00e9si terve v\u00e1rhat\u00f3an nem \u00e9rinti a magyarorsz\u00e1gi le\u00e1nyv\u00e1llalatot, az Alstom Hung\u00e1ria Zrt.-t &#8211; k\u00f6z\u00f6lte a magyarorsz\u00e1gi c\u00e9g az MTI-vel.<\/p>\n","protected":false},"author":1,"featured_media":0,"comment_status":"open","ping_status":"closed","sticky":false,"template":"","format":"standard","meta":[],"categories":[19],"tags":[],"_links":{"self":[{"href":"https:\/\/gazdasagportal.hu\/index.php\/wp-json\/wp\/v2\/posts\/20567"}],"collection":[{"href":"https:\/\/gazdasagportal.hu\/index.php\/wp-json\/wp\/v2\/posts"}],"about":[{"href":"https:\/\/gazdasagportal.hu\/index.php\/wp-json\/wp\/v2\/types\/post"}],"author":[{"embeddable":true,"href":"https:\/\/gazdasagportal.hu\/index.php\/wp-json\/wp\/v2\/users\/1"}],"replies":[{"embeddable":true,"href":"https:\/\/gazdasagportal.hu\/index.php\/wp-json\/wp\/v2\/comments?post=20567"}],"version-history":[{"count":1,"href":"https:\/\/gazdasagportal.hu\/index.php\/wp-json\/wp\/v2\/posts\/20567\/revisions"}],"predecessor-version":[{"id":20568,"href":"https:\/\/gazdasagportal.hu\/index.php\/wp-json\/wp\/v2\/posts\/20567\/revisions\/20568"}],"wp:attachment":[{"href":"https:\/\/gazdasagportal.hu\/index.php\/wp-json\/wp\/v2\/media?parent=20567"}],"wp:term":[{"taxonomy":"category","embeddable":true,"href":"https:\/\/gazdasagportal.hu\/index.php\/wp-json\/wp\/v2\/categories?post=20567"},{"taxonomy":"post_tag","embeddable":true,"href":"https:\/\/gazdasagportal.hu\/index.php\/wp-json\/wp\/v2\/tags?post=20567"}],"curies":[{"name":"wp","href":"https:\/\/api.w.org\/{rel}","templated":true}]}}