{"id":20557,"date":"2013-11-06T20:49:35","date_gmt":"2013-11-06T19:49:35","guid":{"rendered":"http:\/\/stockportal.hu\/?p=20557"},"modified":"2013-11-06T17:50:17","modified_gmt":"2013-11-06T16:50:17","slug":"takarekszovetkezetek-megkezdodott-a-bolyi-takarektulajdonosoknak-az-integracio-miatt-indult-pere","status":"publish","type":"post","link":"https:\/\/gazdasagportal.hu\/index.php\/takarekszovetkezetek-megkezdodott-a-bolyi-takarektulajdonosoknak-az-integracio-miatt-indult-pere\/","title":{"rendered":"Takar\u00e9ksz\u00f6vetkezetek &#8211; Megkezd\u0151d\u00f6tt a b\u00f3lyi takar\u00e9ktulajdonosoknak az integr\u00e1ci\u00f3 miatt indult pere"},"content":{"rendered":"<p><strong>A P\u00e9csi T\u00f6rv\u00e9nysz\u00e9ken szerd\u00e1n megkezd\u0151d\u00f6tt, de f\u00e9l \u00e9vig sz\u00fcnetelni fog az az elj\u00e1r\u00e1s, amelyet a B\u00f3ly \u00e9s Vid\u00e9ke Takar\u00e9ksz\u00f6vetkezet hat tulajdonosa ind\u00edtott a takar\u00e9ksz\u00f6vetkezeti integr\u00e1ci\u00f3s t\u00f6rv\u00e9nnyel \u00f6sszef\u00fcgg\u00e9sben.<!--more--><\/strong><\/p>\n<p>A takar\u00e9ksz\u00f6vetkezetek integr\u00e1ci\u00f3j\u00e1r\u00f3l sz\u00f3l\u00f3 t\u00f6rv\u00e9nyt id\u00e9n j\u00faliusban, egy k\u00f6telez\u0151 tags\u00e1gon alapul\u00f3 takar\u00e9ksz\u00f6vetkezeti integr\u00e1ci\u00f3 l\u00e9trehoz\u00e1sa \u00e9rdek\u00e9ben fogadta el az Orsz\u00e1ggy\u0171l\u00e9s.<br \/>\nA c\u00e9l az volt, hogy az \u00e1llam fontos tulajdonosi poz\u00edci\u00f3t szerezzen a szektorban, azt a szektor \u00e1tszervez\u00e9s\u00e9re haszn\u00e1lja, majd a r\u00e9szesed\u00e9s\u00e9t \u00e9rt\u00e9kes\u00edtse. A takar\u00e9ksz\u00f6vetkezeti integr\u00e1ci\u00f3 k\u00e9t k\u00f6zponti szerve a k\u00f6zponti banki funkci\u00f3kat ell\u00e1t\u00f3 Takar\u00e9kbank \u00e9s az \u00fajonnan l\u00e9trej\u00f6tt integr\u00e1ci\u00f3s szervezet lett.<br \/>\nA B\u00f3ly \u00e9s Vid\u00e9ke Takar\u00e9ksz\u00f6vetkezet r\u00e9szjeggyel rendelkez\u0151 hat tulajdonosa azonban b\u00edr\u00f3s\u00e1ghoz fordult, mert szerint\u00fck akad\u00e1lyozta \u0151ket tulajdonosi jogaik gyakorl\u00e1s\u00e1ban, hogy a p\u00e9nzint\u00e9zet k\u00f6zgy\u0171l\u00e9s\u00e9nek olyan &#8222;k\u00f6zpontilag kiadott alapszab\u00e1lyt&#8221; kellett elfogadnia, amelynek esetleges elutas\u00edt\u00e1sa a takar\u00e9ksz\u00f6vetkezet m\u0171k\u00f6d\u00e9s\u00e9nek felf\u00fcggeszt\u00e9s\u00e9t vonta volna maga ut\u00e1n.<br \/>\nA felperesek azt k\u00e9rt\u00e9k a b\u00edr\u00f3s\u00e1gt\u00f3l: vizsg\u00e1lja meg, hogy a takar\u00e9ksz\u00f6vetkezeti integr\u00e1ci\u00f3s t\u00f6rv\u00e9ny, valamint a sz\u00f6vetkezetek feletti ellen\u0151rz\u00e9si jognak \u00e9s d\u00f6nt\u00e9si jogk\u00f6r\u00f6knek a Takar\u00e9kbankhoz ker\u00fcl\u00e9se megfelel-e az alapt\u00f6rv\u00e9nynek \u00e9s m\u00e1s jogszab\u00e1lyoknak. Ezt az ind\u00edtv\u00e1nyt az alperes B\u00f3ly \u00e9s Vid\u00e9ke Takar\u00e9ksz\u00f6vetkezet t\u00e1mogatta.<br \/>\nA t\u00f6rv\u00e9nysz\u00e9k elutas\u00edtotta azt a k\u00e9r\u00e9st, hogy \u00e1ll\u00e1sfoglal\u00e1st k\u00e9rjen az Alkotm\u00e1nyb\u00edr\u00f3s\u00e1gt\u00f3l (Ab), de mivel bebizonyosodott, hogy a felperesek az \u00fcggyel kapcsolatban panasszal \u00e9ltek az Ab-n\u00e1l, a b\u00edr\u00f3 felvet\u00e9s\u00e9re mindk\u00e9t f\u00e9l k\u00e9rte az elj\u00e1r\u00e1s sz\u00fcneteltet\u00e9s\u00e9t hat h\u00f3napra, mivel ez id\u0151 alatt a legfels\u0151bb b\u00edr\u00f3i test\u00fclet v\u00e1rhat\u00f3an \u00e1ll\u00e1st foglal a per k\u00e9s\u0151bbi kimenetele szempontj\u00e1b\u00f3l is d\u00f6nt\u0151 beadv\u00e1nnyal kapcsolatban.(MTI)<\/p>\n","protected":false},"excerpt":{"rendered":"<p>A P\u00e9csi T\u00f6rv\u00e9nysz\u00e9ken szerd\u00e1n megkezd\u0151d\u00f6tt, de f\u00e9l \u00e9vig sz\u00fcnetelni fog az az elj\u00e1r\u00e1s, amelyet a B\u00f3ly \u00e9s Vid\u00e9ke Takar\u00e9ksz\u00f6vetkezet hat tulajdonosa ind\u00edtott a takar\u00e9ksz\u00f6vetkezeti integr\u00e1ci\u00f3s t\u00f6rv\u00e9nnyel \u00f6sszef\u00fcgg\u00e9sben.<\/p>\n","protected":false},"author":1,"featured_media":0,"comment_status":"open","ping_status":"closed","sticky":false,"template":"","format":"standard","meta":[],"categories":[19],"tags":[],"_links":{"self":[{"href":"https:\/\/gazdasagportal.hu\/index.php\/wp-json\/wp\/v2\/posts\/20557"}],"collection":[{"href":"https:\/\/gazdasagportal.hu\/index.php\/wp-json\/wp\/v2\/posts"}],"about":[{"href":"https:\/\/gazdasagportal.hu\/index.php\/wp-json\/wp\/v2\/types\/post"}],"author":[{"embeddable":true,"href":"https:\/\/gazdasagportal.hu\/index.php\/wp-json\/wp\/v2\/users\/1"}],"replies":[{"embeddable":true,"href":"https:\/\/gazdasagportal.hu\/index.php\/wp-json\/wp\/v2\/comments?post=20557"}],"version-history":[{"count":1,"href":"https:\/\/gazdasagportal.hu\/index.php\/wp-json\/wp\/v2\/posts\/20557\/revisions"}],"predecessor-version":[{"id":20558,"href":"https:\/\/gazdasagportal.hu\/index.php\/wp-json\/wp\/v2\/posts\/20557\/revisions\/20558"}],"wp:attachment":[{"href":"https:\/\/gazdasagportal.hu\/index.php\/wp-json\/wp\/v2\/media?parent=20557"}],"wp:term":[{"taxonomy":"category","embeddable":true,"href":"https:\/\/gazdasagportal.hu\/index.php\/wp-json\/wp\/v2\/categories?post=20557"},{"taxonomy":"post_tag","embeddable":true,"href":"https:\/\/gazdasagportal.hu\/index.php\/wp-json\/wp\/v2\/tags?post=20557"}],"curies":[{"name":"wp","href":"https:\/\/api.w.org\/{rel}","templated":true}]}}