{"id":20535,"date":"2013-11-06T16:14:59","date_gmt":"2013-11-06T15:14:59","guid":{"rendered":"http:\/\/stockportal.hu\/?p=20535"},"modified":"2013-11-06T16:12:38","modified_gmt":"2013-11-06T15:12:38","slug":"az-energiabiztonsaghoz-a-halozatoknak-tobb-ponton-kell-kapcsolodniuk","status":"publish","type":"post","link":"https:\/\/gazdasagportal.hu\/index.php\/az-energiabiztonsaghoz-a-halozatoknak-tobb-ponton-kell-kapcsolodniuk\/","title":{"rendered":"Az energiabiztons\u00e1ghoz a h\u00e1l\u00f3zatoknak t\u00f6bb ponton kell kapcsol\u00f3dniuk"},"content":{"rendered":"<p><strong>Magyarorsz\u00e1g er\u0151s\u00edteni akarja az energiabiztons\u00e1got, \u00e9s ehhez arra van sz\u00fcks\u00e9g, hogy t\u00f6bb kapcsol\u00f3d\u00e1si pontot alak\u00edtsanak ki az orsz\u00e1got k\u00f6r\u00fclvev\u0151 t\u00e9rs\u00e9gben az egyes energetikai h\u00e1l\u00f3zatok k\u00f6z\u00f6tt &#8211; hangs\u00falyozta N\u00e9meth Zsolt, a k\u00fcl\u00fcgyminiszt\u00e9rium parlamenti \u00e1llamtitk\u00e1ra szerd\u00e1n egy br\u00fcsszeli konferenci\u00e1n.<!--more--><\/strong><\/p>\n<p>A magyar \u00e1lland\u00f3 EU-k\u00e9pviselet \u00e1ltal szervezett szakmai f\u00f3rumon azt a k\u00e9rd\u00e9st tekintett\u00e9k \u00e1t, milyen energiapolitikai utat kell k\u00f6vetnie K\u00f6z\u00e9p- \u00e9s D\u00e9lkelet-Eur\u00f3p\u00e1nak, miut\u00e1n id\u00e9n j\u00faniusban az azerbajdzs\u00e1ni Shah Deniz II. g\u00e1zmez\u0151 kitermel\u0151i konzorciuma \u00fagy d\u00f6nt\u00f6tt, hogy nem a Magyarorsz\u00e1got is \u00e9rint\u0151, Nabucco West elnevez\u00e9s\u0171 tervezett cs\u0151vezet\u00e9ket v\u00e1lasztja a f\u00f6ldg\u00e1z Eur\u00f3p\u00e1ba sz\u00e1ll\u00edt\u00e1s\u00e1ra, hanem a m\u00e9g szint\u00e9n csak a tervez\u0151asztalon l\u00e9tez\u0151 Transz-adriai Cs\u0151vezet\u00e9ket (TAP).<br \/>\nA konferenci\u00e1t a visegr\u00e1di orsz\u00e1gcsoport soros eln\u00f6kek\u00e9nt szervezte a magyar diplom\u00e1cia uni\u00f3s k\u00e9pviselete, a rendezv\u00e9nyre diplomat\u00e1k, nemzetk\u00f6zi int\u00e9zm\u00e9nyek megb\u00edzottai \u00e9s szakemberei, \u00f6sszesen mintegy 140-en regisztr\u00e1lt\u00e1k magukat.<br \/>\n&#8222;Nagyobb energiabiztons\u00e1gra t\u00f6reksz\u00fcnk, t\u00f6bb diverzifik\u00e1ci\u00f3 r\u00e9v\u00e9n. Felismert\u00fck, hogy k\u00f6z\u00e9p- \u00e9s hossz\u00fat\u00e1v\u00fa gazdas\u00e1gi j\u00f6v\u0151nk nagy m\u00e9rt\u00e9kben f\u00fcgg az eur\u00f3pai energiapiac fejl\u0151d\u00e9s\u00e9t\u0151l. Haz\u00e1nk elhelyezked\u00e9se lehet\u0151v\u00e9 teszi, hogy az eur\u00f3pai k\u00f6zj\u00f3t szolg\u00e1lva n\u00f6velj\u00fck energiabiztons\u00e1gunkat&#8221; &#8211; mondta megnyit\u00f3 besz\u00e9d\u00e9ben a k\u00fcl\u00fcgyi \u00e1llamtitk\u00e1r.<br \/>\nN\u00e9meth Zsolt magyar \u00fajs\u00e1g\u00edr\u00f3knak nyilatkozva \u00fagy \u00e9rt\u00e9kelte a j\u00faniusban hozott, \u00e9vtizedes folyamatot lez\u00e1r\u00f3 d\u00f6nt\u00e9st, hogy a vil\u00e1g legjelent\u0151sebb energiapiaca \u00e9s a legjelent\u0151sebb lel\u0151hely, a kaszpi t\u00e9rs\u00e9g k\u00f6z\u00f6tt p\u00e1r \u00e9ven bel\u00fcl k\u00f6zvetlen kapcsolat j\u00f6n l\u00e9tre.<br \/>\n&#8222;Ha a Nabucco West mellett d\u00f6nt\u00f6tt volna a konzorcium, az kedvez\u0151bb lett volna Magyarorsz\u00e1g sz\u00e1m\u00e1ra is, de ha nem sz\u00fcletett volna d\u00f6nt\u00e9s, az nyilv\u00e1nval\u00f3an l\u00e9nyegesen kedvez\u0151tlenebb lett volna&#8221; &#8211; \u00e9rt\u00e9kelte az el\u0151\u00e1llt helyzetet.<br \/>\n&#8222;Elindult a d\u00e9li folyos\u00f3 l\u00e9tes\u00edt\u00e9se, \u00e9s ez\u00e1ltal nagyon fontos energiadiverzifik\u00e1ci\u00f3 kezd\u0151dik&#8221; &#8211; tette hozz\u00e1.<br \/>\nN\u00e9meth Zsolt szerint Magyarorsz\u00e1g sz\u00e1m\u00e1ra az a fontos k\u00e9rd\u00e9s, hogy mik\u00e9nt p\u00f3tolhat\u00f3 az a &#8222;diverzifik\u00e1ci\u00f3s sz\u00fcks\u00e9glet&#8221;, amit a Nabucco West kies\u00e9se jelent. Magyarorsz\u00e1g olyan javaslatot dolgozott ki &#8211; k\u00f6z\u00f6lte -, hogy &#8222;energiafolyos\u00f3kat&#8221; kell l\u00e9tes\u00edteni, amelyek \u00f6sszek\u00f6tik az egyes nemzeti energiah\u00e1l\u00f3zatokat. Az is fontos, hogy magukat az energiafolyos\u00f3kat is \u00f6sszek\u00f6ss\u00fck egym\u00e1ssal &#8211; mondta.<br \/>\n&#8222;Nagy \u00f6r\u00f6m\u00f6mre szolg\u00e1l, hogy a(z Eur\u00f3pai) Bizotts\u00e1gnak az elk\u00e9pzel\u00e9seivel ez \u00f6sszhangban van&#8221; &#8211; tette hozz\u00e1 az \u00e1llamtitk\u00e1r. Besz\u00e1molt arr\u00f3l, hogy a br\u00fcsszeli bizotts\u00e1g list\u00e1t k\u00e9sz\u00edtett az energiapolitika vonatkoz\u00e1s\u00e1ban k\u00f6z\u00f6s \u00e9rdekl\u0151d\u00e9sre sz\u00e1mot tart\u00f3, nagy jelent\u0151s\u00e9g\u0171 fejleszt\u00e9si projektekr\u0151l (Projects of Common Interest, PCI), amelyek az energiafolyos\u00f3k l\u00e9trehoz\u00e1s\u00e1hoz sz\u00fcks\u00e9gesek.<br \/>\n&#8222;Magyarorsz\u00e1g is felt\u00fcntette a folyos\u00f3k \u00f6sszek\u00f6t\u00e9s\u00e9re vonatkoz\u00f3 projekteket. Az elk\u00f6vetkez\u0151 id\u0151szakban annak \u00e9rdek\u00e9ben kell a magyar energiadiplom\u00e1ci\u00e1nak lobbiznia, hogy azok a projektek, amelyek (&#8230;) sz\u00e1munkra strat\u00e9giai jelent\u0151s\u00e9g\u0171ek, min\u00e9l nagyobb sz\u00e1mban \u00e9s min\u00e9l el\u0151r\u00e9bb ker\u00fcljenek&#8221; &#8211; jelentette ki N\u00e9meth Zsolt. Indokl\u00e1sk\u00e9nt hozz\u00e1f\u0171zte: a PCI-list\u00e1n lev\u0151 projektek megval\u00f3s\u00edt\u00e1sa csak t\u00f6red\u00e9kesen fog megt\u00f6rt\u00e9nni a 2014 \u00e9s 2020 k\u00f6z\u00f6tti id\u0151szakban.<br \/>\nAz \u00e1llamtitk\u00e1r kifejtette, hogy a folyos\u00f3k \u00f6sszekapcsol\u00e1sa nem puszt\u00e1n infrastrukt\u00fara\u00e9p\u00edt\u00e9st jelent: fontos kieg\u00e9sz\u00edt\u0151 elem az is, hogy legyen megford\u00edthat\u00f3 a vezet\u00e9kekben az \u00e1ramoltat\u00e1s ir\u00e1nya.<br \/>\nN\u00e9meth Zsolt arra is felh\u00edvta a figyelmet, hogy &#8222;Magyarorsz\u00e1g eg\u00e9szen egyed\u00fcl\u00e1ll\u00f3 t\u00e1rol\u00f3 kapacit\u00e1ssal rendelkezik, \u00e9s ennek a kapacit\u00e1snak a be\u00e9p\u00edt\u00e9se \u00e9s kihaszn\u00e1l\u00e1sa (&#8230;) az energiatengelyek \u00f6sszekapcsol\u00e1sa szempontj\u00e1b\u00f3l nagyon saj\u00e1tos szerepet biztos\u00edthat Magyarorsz\u00e1gnak&#8221;.(MTI)<\/p>\n","protected":false},"excerpt":{"rendered":"<p>Magyarorsz\u00e1g er\u0151s\u00edteni akarja az energiabiztons\u00e1got, \u00e9s ehhez arra van sz\u00fcks\u00e9g, hogy t\u00f6bb kapcsol\u00f3d\u00e1si pontot alak\u00edtsanak ki az orsz\u00e1got k\u00f6r\u00fclvev\u0151 t\u00e9rs\u00e9gben az egyes energetikai h\u00e1l\u00f3zatok k\u00f6z\u00f6tt &#8211; hangs\u00falyozta N\u00e9meth Zsolt, a k\u00fcl\u00fcgyminiszt\u00e9rium parlamenti \u00e1llamtitk\u00e1ra szerd\u00e1n egy br\u00fcsszeli konferenci\u00e1n.<\/p>\n","protected":false},"author":1,"featured_media":0,"comment_status":"open","ping_status":"closed","sticky":false,"template":"","format":"standard","meta":[],"categories":[19],"tags":[],"_links":{"self":[{"href":"https:\/\/gazdasagportal.hu\/index.php\/wp-json\/wp\/v2\/posts\/20535"}],"collection":[{"href":"https:\/\/gazdasagportal.hu\/index.php\/wp-json\/wp\/v2\/posts"}],"about":[{"href":"https:\/\/gazdasagportal.hu\/index.php\/wp-json\/wp\/v2\/types\/post"}],"author":[{"embeddable":true,"href":"https:\/\/gazdasagportal.hu\/index.php\/wp-json\/wp\/v2\/users\/1"}],"replies":[{"embeddable":true,"href":"https:\/\/gazdasagportal.hu\/index.php\/wp-json\/wp\/v2\/comments?post=20535"}],"version-history":[{"count":1,"href":"https:\/\/gazdasagportal.hu\/index.php\/wp-json\/wp\/v2\/posts\/20535\/revisions"}],"predecessor-version":[{"id":20536,"href":"https:\/\/gazdasagportal.hu\/index.php\/wp-json\/wp\/v2\/posts\/20535\/revisions\/20536"}],"wp:attachment":[{"href":"https:\/\/gazdasagportal.hu\/index.php\/wp-json\/wp\/v2\/media?parent=20535"}],"wp:term":[{"taxonomy":"category","embeddable":true,"href":"https:\/\/gazdasagportal.hu\/index.php\/wp-json\/wp\/v2\/categories?post=20535"},{"taxonomy":"post_tag","embeddable":true,"href":"https:\/\/gazdasagportal.hu\/index.php\/wp-json\/wp\/v2\/tags?post=20535"}],"curies":[{"name":"wp","href":"https:\/\/api.w.org\/{rel}","templated":true}]}}