{"id":20520,"date":"2013-11-06T14:34:56","date_gmt":"2013-11-06T13:34:56","guid":{"rendered":"http:\/\/stockportal.hu\/?p=20520"},"modified":"2013-11-06T14:05:43","modified_gmt":"2013-11-06T13:05:43","slug":"titkos-adatgyujtes-a-nemet-kormany-nem-ad-menedekjogot-edward-snowdennek","status":"publish","type":"post","link":"https:\/\/gazdasagportal.hu\/index.php\/titkos-adatgyujtes-a-nemet-kormany-nem-ad-menedekjogot-edward-snowdennek\/","title":{"rendered":"Titkos adatgy\u0171jt\u00e9s &#8211; A n\u00e9met korm\u00e1ny nem ad mened\u00e9kjogot Edward Snowdennek"},"content":{"rendered":"<p><strong>A n\u00e9met korm\u00e1ny nem biztos\u00edt mened\u00e9kjogot Edward Snowdennek, de megvizsg\u00e1lja, hogy mik\u00e9nt lehet meghallgatni Moszkv\u00e1ban az amerikai Nemzetbiztons\u00e1gi \u00dcgyn\u00f6ks\u00e9g (NSA) volt munkat\u00e1rs\u00e1t &#8211; mondta szerd\u00e1n Berlinben a n\u00e9met bel\u00fcgyminiszter.<!--more--><\/strong><\/p>\n<p>Hans-Peter Friedrich a nemzetbiztons\u00e1gi szolg\u00e1latokat fel\u00fcgyel\u0151 parlamenti ellen\u0151rz\u0151 test\u00fclet (PKG) z\u00e1rt \u00fcl\u00e9se ut\u00e1n elmondta: Snowden nem politikai \u00fcld\u00f6z\u00f6tt, ez\u00e9rt nem illeti meg politikai mened\u00e9kjog.<br \/>\nSnowden hajland\u00f3 k\u00f6zrem\u0171k\u00f6dni a N\u00e9metorsz\u00e1g elleni amerikai k\u00e9mked\u00e9si \u00fcgyek felt\u00e1r\u00e1s\u00e1ban, de cser\u00e9be v\u00e9delmet k\u00e9r. Ezt meg is lehet adni, &#8222;csak akarni kell&#8221; &#8211; mondta Hans-Christian Str\u00f6bele, az ellenz\u00e9ki Z\u00f6ldek k\u00e9pvisel\u0151je, aki Moszkv\u00e1ban t\u00e1rgyalt az NSA megfigyel\u00e9si programjair\u00f3l sz\u00f3l\u00f3 dokumentumokat kisziv\u00e1rogtat\u00f3 informatikussal.(MTI)<\/p>\n","protected":false},"excerpt":{"rendered":"<p>A n\u00e9met korm\u00e1ny nem biztos\u00edt mened\u00e9kjogot Edward Snowdennek, de megvizsg\u00e1lja, hogy mik\u00e9nt lehet meghallgatni Moszkv\u00e1ban az amerikai Nemzetbiztons\u00e1gi \u00dcgyn\u00f6ks\u00e9g (NSA) volt munkat\u00e1rs\u00e1t &#8211; mondta szerd\u00e1n Berlinben a n\u00e9met bel\u00fcgyminiszter.<\/p>\n","protected":false},"author":1,"featured_media":0,"comment_status":"open","ping_status":"closed","sticky":false,"template":"","format":"standard","meta":[],"categories":[12],"tags":[],"_links":{"self":[{"href":"https:\/\/gazdasagportal.hu\/index.php\/wp-json\/wp\/v2\/posts\/20520"}],"collection":[{"href":"https:\/\/gazdasagportal.hu\/index.php\/wp-json\/wp\/v2\/posts"}],"about":[{"href":"https:\/\/gazdasagportal.hu\/index.php\/wp-json\/wp\/v2\/types\/post"}],"author":[{"embeddable":true,"href":"https:\/\/gazdasagportal.hu\/index.php\/wp-json\/wp\/v2\/users\/1"}],"replies":[{"embeddable":true,"href":"https:\/\/gazdasagportal.hu\/index.php\/wp-json\/wp\/v2\/comments?post=20520"}],"version-history":[{"count":1,"href":"https:\/\/gazdasagportal.hu\/index.php\/wp-json\/wp\/v2\/posts\/20520\/revisions"}],"predecessor-version":[{"id":20521,"href":"https:\/\/gazdasagportal.hu\/index.php\/wp-json\/wp\/v2\/posts\/20520\/revisions\/20521"}],"wp:attachment":[{"href":"https:\/\/gazdasagportal.hu\/index.php\/wp-json\/wp\/v2\/media?parent=20520"}],"wp:term":[{"taxonomy":"category","embeddable":true,"href":"https:\/\/gazdasagportal.hu\/index.php\/wp-json\/wp\/v2\/categories?post=20520"},{"taxonomy":"post_tag","embeddable":true,"href":"https:\/\/gazdasagportal.hu\/index.php\/wp-json\/wp\/v2\/tags?post=20520"}],"curies":[{"name":"wp","href":"https:\/\/api.w.org\/{rel}","templated":true}]}}