{"id":20518,"date":"2013-11-06T14:03:57","date_gmt":"2013-11-06T13:03:57","guid":{"rendered":"http:\/\/stockportal.hu\/?p=20518"},"modified":"2013-11-06T14:03:57","modified_gmt":"2013-11-06T13:03:57","slug":"husz-eve-most-a-legjobbak-a-magyar-ukran-kapcsolatok","status":"publish","type":"post","link":"https:\/\/gazdasagportal.hu\/index.php\/husz-eve-most-a-legjobbak-a-magyar-ukran-kapcsolatok\/","title":{"rendered":"H\u00fasz \u00e9ve most a legjobbak a magyar-ukr\u00e1n kapcsolatok"},"content":{"rendered":"<p><strong>Az ut\u00f3bbi h\u00fasz \u00e9vben most a legjobbak, probl\u00e9mamentesek a magyar-ukr\u00e1n kapcsolatok &#8211; \u00e1llap\u00edtotta meg Navracsics Tibor minisztereln\u00f6k-helyettes, k\u00f6zigazgat\u00e1si \u00e9s igazs\u00e1g\u00fcgyi miniszter kijevi l\u00e1togat\u00e1sa alatt folytatott megbesz\u00e9l\u00e9sei alapj\u00e1n szerd\u00e1n az MTI-nek nyilatkozva.<!--more--><\/strong><\/p>\n<p>A minisztereln\u00f6k-helyettes r\u00e9szt vett \u00e9s el\u0151ad\u00e1st tartott a Vil\u00e1ggazdas\u00e1gi F\u00f3rum (WEF) szervez\u00e9s\u00e9ben tartott kijevi konferenci\u00e1n, emellett k\u00e9toldal\u00fa megbesz\u00e9l\u00e9seket folytatott Mikola Azarov ukr\u00e1n korm\u00e1nyf\u0151vel, Olena Lukas igazs\u00e1g\u00fcgy-miniszterrel \u00e9s Vitalij Zaharcsenko bel\u00fcgyminiszterrel.<br \/>\nAz ukr\u00e1n minisztereln\u00f6kkel egyet\u00e9rtettek abban, hogy a horv\u00e1t-magyar-ukr\u00e1n k\u00f6z\u00f6s g\u00e1zfolyos\u00f3 l\u00e9trehoz\u00e1s\u00e1r\u00f3l mihamarabb \u00edrja al\u00e1 a h\u00e1rom orsz\u00e1g az egyezm\u00e9nyt a t\u00e9rs\u00e9g stabil energiaell\u00e1t\u00e1s\u00e1nak biztos\u00edt\u00e1sa \u00e9rdek\u00e9ben.<br \/>\nAzarov biztos\u00edtotta t\u00e1rgyal\u00f3partner\u00e9t arr\u00f3l, hogy a beregsz\u00e1szi II. R\u00e1k\u00f3czi Ferenc K\u00e1rp\u00e1taljai Magyar F\u0151iskola akkredit\u00e1ci\u00f3s elj\u00e1r\u00e1sa m\u00e9g novemberben befejez\u0151dik, s ez\u00e1ltal stabill\u00e1 v\u00e1lik az oktat\u00e1si int\u00e9zm\u00e9ny helyzete.<br \/>\nA magyar-ukr\u00e1n hat\u00e1r\u00e1tkel\u0151kkel kapcsolatos infrastruktur\u00e1lis fejleszt\u00e9sekr\u0151l is sz\u00f3t ejtettek. Navracsics Tibor \u00edg\u00e9rtet kapott Azarov minisztereln\u00f6kt\u0151l arra, hogy az ukr\u00e1n f\u00e9l megadja az \u00e1llami garanci\u00e1t a Beregsur\u00e1nyn\u00e1l \u00e9p\u00fcl\u0151 \u00fatra, \u00e9s az Exim Bank hitel\u00e9vel mihamarabb megval\u00f3sul a beruh\u00e1z\u00e1s, azaz a mintegy 25 kilom\u00e9teres ukrajnai \u00fatszakasz meg\u00e9p\u00edt\u00e9se, ami korszer\u0171bb \u00e9s gyorsabb hat\u00e1r\u00e1tkel\u00e9st tesz majd lehet\u0151v\u00e9.<br \/>\nA minisztereln\u00f6k-helyettes \u00e9s Olena Lukas igazs\u00e1g-\u00fcgyminiszter megbesz\u00e9l\u00e9s\u00e9nek k\u00f6z\u00e9ppontj\u00e1ban Ukrajn\u00e1nak az eur\u00f3pai uni\u00f3s t\u00e1rsul\u00e1ssal kapcsolatos jogalkot\u00e1si k\u00f6telezetts\u00e9gei \u00e1lltak. Navracsics Tibor kifejtette, hogy Ukrajn\u00e1nak a t\u00e1rsul\u00e1si meg\u00e1llapod\u00e1s al\u00e1\u00edr\u00e1s\u00e1val k\u00f6zel\u00edtenie kell jog- \u00e9s igazs\u00e1gszolg\u00e1ltat\u00e1si rendszer\u00e9t a k\u00f6z\u00f6ss\u00e9gi joghoz, illetve jogalkalmaz\u00e1shoz. Ezzel kapcsolatosan felaj\u00e1nlotta a magyar k\u00f6zigazgat\u00e1si \u00e9s igazs\u00e1g\u00fcgyi miniszt\u00e9rium seg\u00edts\u00e9g\u00e9t tapasztalatcser\u00e9vel, konferenci\u00e1k \u00e9s szakmai m\u0171helyek rendez\u00e9s\u00e9vel, tov\u00e1bb\u00e1 ukr\u00e1n szakemberek k\u00e9pz\u00e9s\u00e9vel.<br \/>\nVitalij Zaharcsenko bel\u00fcgyminiszterrel migr\u00e1ci\u00f3s k\u00e9rd\u00e9seket vitatott meg Navracsics Tibor, els\u0151sorban azt, hogy mik\u00e9nt tudja Magyarorsz\u00e1g \u00e9s Ukrajna hat\u00e9konyabb\u00e1 tenni a k\u00f6z\u00f6s fell\u00e9p\u00e9st az illeg\u00e1lis bev\u00e1ndorl\u00e1ssal szemben.<br \/>\nA konferenci\u00e1n mondott besz\u00e9d\u00e9ben Navracsics Tibor hangs\u00falyozta, hogy Magyarorsz\u00e1g t\u00e1mogatja Ukrajna euroatlanti integr\u00e1ci\u00f3j\u00e1t, k\u00fcl\u00f6n\u00f6sen azokat a politikai er\u0151fesz\u00edt\u00e9seket, illetve infrastruktur\u00e1lis beruh\u00e1z\u00e1sokat, amelyek a t\u00e9rs\u00e9g stabilit\u00e1s\u00e1t szolg\u00e1lj\u00e1k.(MTI)<\/p>\n","protected":false},"excerpt":{"rendered":"<p>Az ut\u00f3bbi h\u00fasz \u00e9vben most a legjobbak, probl\u00e9mamentesek a magyar-ukr\u00e1n kapcsolatok &#8211; \u00e1llap\u00edtotta meg Navracsics Tibor minisztereln\u00f6k-helyettes, k\u00f6zigazgat\u00e1si \u00e9s igazs\u00e1g\u00fcgyi miniszter kijevi l\u00e1togat\u00e1sa alatt folytatott megbesz\u00e9l\u00e9sei alapj\u00e1n szerd\u00e1n az MTI-nek nyilatkozva.<\/p>\n","protected":false},"author":1,"featured_media":0,"comment_status":"open","ping_status":"closed","sticky":false,"template":"","format":"standard","meta":[],"categories":[19],"tags":[],"_links":{"self":[{"href":"https:\/\/gazdasagportal.hu\/index.php\/wp-json\/wp\/v2\/posts\/20518"}],"collection":[{"href":"https:\/\/gazdasagportal.hu\/index.php\/wp-json\/wp\/v2\/posts"}],"about":[{"href":"https:\/\/gazdasagportal.hu\/index.php\/wp-json\/wp\/v2\/types\/post"}],"author":[{"embeddable":true,"href":"https:\/\/gazdasagportal.hu\/index.php\/wp-json\/wp\/v2\/users\/1"}],"replies":[{"embeddable":true,"href":"https:\/\/gazdasagportal.hu\/index.php\/wp-json\/wp\/v2\/comments?post=20518"}],"version-history":[{"count":1,"href":"https:\/\/gazdasagportal.hu\/index.php\/wp-json\/wp\/v2\/posts\/20518\/revisions"}],"predecessor-version":[{"id":20519,"href":"https:\/\/gazdasagportal.hu\/index.php\/wp-json\/wp\/v2\/posts\/20518\/revisions\/20519"}],"wp:attachment":[{"href":"https:\/\/gazdasagportal.hu\/index.php\/wp-json\/wp\/v2\/media?parent=20518"}],"wp:term":[{"taxonomy":"category","embeddable":true,"href":"https:\/\/gazdasagportal.hu\/index.php\/wp-json\/wp\/v2\/categories?post=20518"},{"taxonomy":"post_tag","embeddable":true,"href":"https:\/\/gazdasagportal.hu\/index.php\/wp-json\/wp\/v2\/tags?post=20518"}],"curies":[{"name":"wp","href":"https:\/\/api.w.org\/{rel}","templated":true}]}}