{"id":20504,"date":"2013-11-06T12:37:36","date_gmt":"2013-11-06T11:37:36","guid":{"rendered":"http:\/\/stockportal.hu\/?p=20504"},"modified":"2013-11-06T12:18:51","modified_gmt":"2013-11-06T11:18:51","slug":"minel-elobb-birosagi-jogegysegi-hatarozat-szukseges-a-devizahitelesek-szerzodesei-ugyeben","status":"publish","type":"post","link":"https:\/\/gazdasagportal.hu\/index.php\/minel-elobb-birosagi-jogegysegi-hatarozat-szukseges-a-devizahitelesek-szerzodesei-ugyeben\/","title":{"rendered":"Min\u00e9l el\u0151bb b\u00edr\u00f3s\u00e1gi jogegys\u00e9gi hat\u00e1rozat sz\u00fcks\u00e9ges a devizahitelesek szerz\u0151d\u00e9sei \u00fcgy\u00e9ben"},"content":{"rendered":"<p><strong>B\u00edr\u00f3s\u00e1gi jogegys\u00e9gi hat\u00e1rozatot szorgalmazott a devizahitelesek szerz\u0151d\u00e9sei \u00fcgy\u00e9ben a kereszt\u00e9nydemokrata Aradszki Andr\u00e1s szerdai budapesti sajt\u00f3t\u00e1j\u00e9koztat\u00f3j\u00e1n.<!--more--><\/strong><\/p>\n<p>A korm\u00e1nyp\u00e1rti politikus szerint ennek megfogalmaz\u00e1sakor vizsg\u00e1lni kell, hogy a hitelint\u00e9zetek \u00e1ltal kisz\u00e1m\u00edtott d\u00edj, kamatk\u00f6lts\u00e9g, amelyre az egyoldal\u00fa szerz\u0151d\u00e9sm\u00f3dos\u00edt\u00e1s joga kiterjed, tisztess\u00e9ges-e. E t\u00e9ren a nemzeti b\u00edr\u00f3s\u00e1goknak van mozg\u00e1stere &#8211; mutatott r\u00e1.<br \/>\nAradszki Andr\u00e1s v\u00e9lem\u00e9ny\u00e9t az uni\u00f3s fogyaszt\u00f3v\u00e9delmi ir\u00e1nyelvre \u00e9s b\u00edr\u00f3s\u00e1gi \u00edt\u00e9letekre alapozta. El\u0151bbi t\u00e1rgyi hat\u00e1lya al\u00e1 tartoznak azok a fogyaszt\u00f3v\u00e9delmi szerz\u0151d\u00e9sek, amelyek a devizaad\u00f3sokkal \u00f6sszef\u00fcggnek.<br \/>\nAz ir\u00e1nyelv hat\u00e1lyosul\u00e1sa az eur\u00f3pai b\u00edr\u00f3s\u00e1gi gyakorlatban nem tekint vissza nagy m\u00faltra, de m\u00e1r t\u00f6bb \u00edt\u00e9let is sz\u00fcletett &#8211; jelezte. Az \u00edt\u00e9letek r\u00e9szek\u00e9nt \u00e1ltal\u00e1nos uni\u00f3s sztenderdeket hat\u00e1roztak meg, amelyek seg\u00edtik a nemzeti b\u00edr\u00f3s\u00e1gokat a szerz\u0151d\u00e9si felt\u00e9tel tisztess\u00e9gtelen volt\u00e1nak meg\u00e1llap\u00edt\u00e1s\u00e1ban. A KDNP-s politikus k\u00f6zl\u00e9se szerint a nemzeti b\u00edr\u00f3s\u00e1g vizsg\u00e1lhatja a szerz\u0151d\u00e9si kik\u00f6t\u00e9s tisztess\u00e9gtelens\u00e9g\u00e9t akkor is, ha a kereseti k\u00e9relem erre nem terjed ki. Azt is kimondt\u00e1k, hogy nemcsak joga, hanem k\u00f6teless\u00e9ge a szerz\u0151d\u00e9si felt\u00e9tel tisztess\u00e9gtelens\u00e9g\u00e9nek vizsg\u00e1lata &#8211; jegyezte meg.<br \/>\nEllent\u00e9tesnek \u00edt\u00e9lt\u00e9k tov\u00e1bb\u00e1 azt a nemzeti joggyakorlatot, amely elz\u00e1rja a b\u00edr\u00f3kat att\u00f3l, hogy a szerz\u0151d\u00e9s tisztess\u00e9gtelens\u00e9g\u00e9t, annak felt\u00e9teleit vizsg\u00e1lja.<br \/>\nSzerinte a magyar elj\u00e1r\u00e1si jogban ilyen kock\u00e1zat a fizet\u00e9si meghagy\u00e1sos elj\u00e1r\u00e1sban van &#8211; k\u00f6z\u00f6lte.<br \/>\nKit\u00e9rt arra: a devizahitel szerz\u0151d\u00e9sek felt\u00e9telei k\u00f6z\u00f6tt sz\u00e1mtalan esetben el\u0151fordul, hogy v\u00e9teli jogot biztos\u00edt a p\u00e9nzint\u00e9zetnek a fedezeti ingatlanra, ha ad\u00f3ss\u00e1g\u00e1t nem fizeti az ad\u00f3s. Ez az egyik legtisztess\u00e9gtelenebb felt\u00e9tel &#8211; jegyezte meg.<br \/>\nEml\u00e9keztetett arra, hogy a K\u00faria polg\u00e1ri koll\u00e9giuma tavaly \u00e9v v\u00e9g\u00e9n fontos d\u00f6nt\u00e9st hozott az egyoldal\u00fa szerz\u0151d\u00e9s m\u00f3dos\u00edt\u00e1sr\u00f3l, de valamennyi felt\u00e9tel tisztess\u00e9ges volt\u00e1t vizsg\u00e1lni kell.<br \/>\nA korm\u00e1nyp\u00e1rti politikus hangs\u00falyozta: a tov\u00e1bbi l\u00e9p\u00e9sekhez mindenk\u00e9ppen sz\u00fcks\u00e9g van a jogegys\u00e9gi hat\u00e1rozatra, ez igazolni tudja azokat a jogszab\u00e1lyi l\u00e9p\u00e9seket, amelyeket a devizaad\u00f3sok joggal v\u00e1rnak el.<br \/>\nKiemelte: az eddigi tapasztalatok szerint nehezen alakul ki egys\u00e9ges gyakorlat a devizahitel szerz\u0151d\u00e9sek elb\u00edr\u00e1l\u00e1s\u00e1n\u00e1l, \u00e9s alapvet\u0151en a bankok, p\u00e9nzint\u00e9zetek sz\u00e1m\u00e1ra kedvez\u0151 jog\u00e9rtelmez\u00e9s v\u00e1lt jellemz\u0151v\u00e9.<br \/>\nA k\u00e9pvisel\u0151 szerint a visszamen\u0151leges jogalkot\u00e1s l\u00e1tszat\u00e1t is ker\u00fclni kell, de a helyzet orvosl\u00e1s\u00e1ban az \u00e1llam minden szerepl\u0151j\u00e9nek a maga ter\u00fclet\u00e9n a maga f\u00fcggetlens\u00e9g\u00e9nek fenntart\u00e1s\u00e1val r\u00e9szt kell vennie.(MTI)<\/p>\n","protected":false},"excerpt":{"rendered":"<p>B\u00edr\u00f3s\u00e1gi jogegys\u00e9gi hat\u00e1rozatot szorgalmazott a devizahitelesek szerz\u0151d\u00e9sei \u00fcgy\u00e9ben a kereszt\u00e9nydemokrata Aradszki Andr\u00e1s szerdai budapesti sajt\u00f3t\u00e1j\u00e9koztat\u00f3j\u00e1n.<\/p>\n","protected":false},"author":1,"featured_media":0,"comment_status":"open","ping_status":"closed","sticky":false,"template":"","format":"standard","meta":[],"categories":[112],"tags":[],"_links":{"self":[{"href":"https:\/\/gazdasagportal.hu\/index.php\/wp-json\/wp\/v2\/posts\/20504"}],"collection":[{"href":"https:\/\/gazdasagportal.hu\/index.php\/wp-json\/wp\/v2\/posts"}],"about":[{"href":"https:\/\/gazdasagportal.hu\/index.php\/wp-json\/wp\/v2\/types\/post"}],"author":[{"embeddable":true,"href":"https:\/\/gazdasagportal.hu\/index.php\/wp-json\/wp\/v2\/users\/1"}],"replies":[{"embeddable":true,"href":"https:\/\/gazdasagportal.hu\/index.php\/wp-json\/wp\/v2\/comments?post=20504"}],"version-history":[{"count":1,"href":"https:\/\/gazdasagportal.hu\/index.php\/wp-json\/wp\/v2\/posts\/20504\/revisions"}],"predecessor-version":[{"id":20505,"href":"https:\/\/gazdasagportal.hu\/index.php\/wp-json\/wp\/v2\/posts\/20504\/revisions\/20505"}],"wp:attachment":[{"href":"https:\/\/gazdasagportal.hu\/index.php\/wp-json\/wp\/v2\/media?parent=20504"}],"wp:term":[{"taxonomy":"category","embeddable":true,"href":"https:\/\/gazdasagportal.hu\/index.php\/wp-json\/wp\/v2\/categories?post=20504"},{"taxonomy":"post_tag","embeddable":true,"href":"https:\/\/gazdasagportal.hu\/index.php\/wp-json\/wp\/v2\/tags?post=20504"}],"curies":[{"name":"wp","href":"https:\/\/api.w.org\/{rel}","templated":true}]}}