{"id":20502,"date":"2013-11-06T12:17:10","date_gmt":"2013-11-06T11:17:10","guid":{"rendered":"http:\/\/stockportal.hu\/?p=20502"},"modified":"2013-11-06T12:17:10","modified_gmt":"2013-11-06T11:17:10","slug":"elmaradt-a-varakozasoktol-a-kiskereskedelem-bovulese","status":"publish","type":"post","link":"https:\/\/gazdasagportal.hu\/index.php\/elmaradt-a-varakozasoktol-a-kiskereskedelem-bovulese\/","title":{"rendered":"Elmaradt a v\u00e1rakoz\u00e1sokt\u00f3l a kiskereskedelem b\u0151v\u00fcl\u00e9se"},"content":{"rendered":"<p><strong>A v\u00e1rakoz\u00e1sokn\u00e1l kisebb m\u00e9rt\u00e9kben n\u0151tt a kiskereskedelmi forgalom az MTI \u00e1ltal megk\u00e9rdezett elemz\u0151k szerint.<!--more--><\/strong><\/p>\n<p>A K\u00f6zponti Statisztikai Hivatal (KSH) szerdai els\u0151 gyorsbecsl\u00e9se szerint harmadik h\u00f3napja megszak\u00edt\u00e1s n\u00e9lk\u00fcl n\u0151tt a kiskereskedelmi forgalom szeptemberben: a kiskereskedelmi forgalom volumene 0,8 sz\u00e1zal\u00e9kkal n\u0151tt a m\u00falt \u00e9v azonos h\u00f3napj\u00e1hoz k\u00e9pest, a napt\u00e1rhat\u00e1st\u00f3l megtiszt\u00edtott n\u00f6veked\u00e9s 0,3 sz\u00e1zal\u00e9kos volt. A kiigaz\u00edtott adatok szerint a szeptemberi n\u00f6veked\u00e9st az \u00fczemanyag forgalom 3,1 sz\u00e1zal\u00e9kos n\u00f6veked\u00e9se gener\u00e1lta, a nem \u00e9lelmiszer jelleg\u0171 term\u00e9kek forgalma a tavaly szeptemberi szinten stagn\u00e1lt, m\u00edg az \u00e9lelmiszerelad\u00e1sok 0,4 sz\u00e1zal\u00e9kkal cs\u00f6kkentek.<br \/>\nGabler Gergely, az Erste Bank vezet\u0151 elemz\u0151je az MTI-nek elmondta: negat\u00edv meglepet\u00e9s, hogy szeptemberben az el\u0151z\u0151 \u00e9v azonos id\u0151szak\u00e1hoz k\u00e9pest csak 0,8 sz\u00e1zal\u00e9kkal b\u0151v\u00fclt a kiskereskedelmi forgalom, az Erst\u00e9n\u00e9l 1,9 sz\u00e1zal\u00e9kos n\u00f6veked\u00e9sre sz\u00e1m\u00edtottak, m\u00e1r csak a rendk\u00edv\u00fcl alacsony b\u00e1zis miatt is.<br \/>\nAz alacsony infl\u00e1ci\u00f3, valamint a rezsics\u00f6kkent\u00e9s k\u00f6vetkezt\u00e9ben n\u0151tt a h\u00e1ztart\u00e1sok elk\u00f6lthet\u0151 j\u00f6vedelme, ez azonban a fogyaszt\u00e1sban egyel\u0151re nem l\u00e1tszik, a kiskereskedelmi forgalom az \u00e1prilisi megugr\u00e1s \u00f3ta ink\u00e1bb stagn\u00e1l &#8211; fejtette ki a szak\u00e9rt\u0151.<br \/>\nGabler Gergely kiemelte: a brutt\u00f3 hazai term\u00e9k (GDP) n\u00f6veked\u00e9s\u00e9re is hat\u00e1ssal lehet a mostani adat, mivel elemz\u0151k szerint a n\u00f6veked\u00e9st a lakoss\u00e1gi fogyaszt\u00e1s h\u00fazhatja, ez a b\u0151v\u00fcl\u00e9s azonban l\u00e1that\u00f3an m\u00e9g nem indult be.<br \/>\nSuppan Gergely, a Takar\u00e9kbank senior elemz\u0151je szerint is a v\u00e1rakoz\u00e1sokn\u00e1l l\u00e9nyegesen gyeng\u00e9bben, 0,3 sz\u00e1zal\u00e9kkal n\u00f6vekedett a kiskereskedelmi forgalom szeptemberben az el\u0151z\u0151 \u00e9vihez k\u00e9pest. Hozz\u00e1tette: az el\u0151zetes becsl\u00e9s alapj\u00e1n a kiskereskedelmi \u00e9rt\u00e9kes\u00edt\u00e9sek megk\u00f6zel\u00edt\u0151en 1,5 sz\u00e1zal\u00e9kkal cs\u00f6kkenhettek az el\u0151z\u0151 havihoz k\u00e9pest, ami igencsak meglep\u0151, mivel nem t\u00fckr\u00f6zi a fokozatosan javul\u00f3 fogyaszt\u00f3i bizalmat, valamint a 38 \u00e9ves infl\u00e1ci\u00f3s m\u00e9lypont miatt megugr\u00f3 re\u00e1lb\u00e9rek pozit\u00edv hat\u00e1s\u00e1t.<br \/>\n\u00dagy v\u00e9lte, hogy a v\u00e1rtn\u00e1l kisebb n\u00f6veked\u00e9sre a doh\u00e1nyterm\u00e9kek \u00e9rt\u00e9kes\u00edt\u00e9s\u00e9nek \u00e1talak\u00edt\u00e1sa adhat n\u00e9mi magyar\u00e1zatot, mivel a doh\u00e1nyterm\u00e9keket m\u00e1r nem lehet a hagyom\u00e1nyos \u00fczletekben megv\u00e1s\u00e1rolni, ami valamelyest visszavethette az \u00e9lelmiszerjelleg\u0171 vegyes kiskereskedelmi \u00fczletek forgalm\u00e1t, mik\u00f6zben a doh\u00e1nyterm\u00e9kek (leg\u00e1lis) forgalm\u00e1nak meredek visszaes\u00e9se miatt ezt nem ellens\u00falyozza a trafikok forgalm\u00e1nak a v\u00e1rakoz\u00e1sokt\u00f3l elmarad\u00f3 felfut\u00e1sa.<br \/>\nKiemelte, hogy a b\u00e9rek \u00e9s nyugd\u00edjak idei re\u00e1ln\u00f6veked\u00e9se miatt azonban a kiskereskedelmi forgalom az \u00e9v h\u00e1tralev\u0151 r\u00e9sz\u00e9ben gyorsabb n\u00f6veked\u00e9st mutathat, ami a negyedik negyed\u00e9vben b\u00e1zishat\u00e1sok, a pedag\u00f3gus \u00e9s eg\u00e9szs\u00e9g\u00fcgyi b\u00e9remel\u00e9sek, valamint a tov\u00e1bbi h\u00e1ztart\u00e1si energia\u00e1r cs\u00f6kkent\u00e9s miatt jelent\u0151sebb m\u00e9rt\u00e9kben gyorsulhat. \u00cdgy a kiskereskedelmi forgalom n\u00f6veked\u00e9se az utols\u00f3 negyed\u00e9vben megk\u00f6zel\u00edtheti a 4 sz\u00e1zal\u00e9kot, id\u00e9n \u00f6sszess\u00e9g\u00e9ben a kiskereskedelmi forgalom n\u00f6veked\u00e9se kiss\u00e9 meghaladhatja az 1 sz\u00e1zal\u00e9kot &#8211; mondta Suppan Gergely.<br \/>\nAz Orsz\u00e1gos Kereskedelmi Sz\u00f6vets\u00e9g (OKSZ) k\u00f6zlem\u00e9nye szerint az adatok szerint a fogyaszt\u00e1s szer\u00e9ny m\u00e9rt\u00e9k\u0171 b\u0151v\u00fcl\u00e9s\u00e9t az \u00fczemanyag elad\u00e1sok h\u00fazz\u00e1k felfel\u00e9, t\u00e9ny viszont, hogy \u00fczemanyagot nem csak a csal\u00e1dok, hanem v\u00e1llalkoz\u00e1sok, int\u00e9zm\u00e9nyek is v\u00e1s\u00e1rolnak a benzinkutakn\u00e1l. &#8222;\u00dagy t\u0171nik, a h\u00e1ztart\u00e1sok terhei m\u00e9g mindig lefel\u00e9 h\u00fazz\u00e1k a fogyaszt\u00e1s m\u00e9rleg\u00e9t, ami az\u00e9rt meglep\u0151, mivel a re\u00e1lj\u00f6vedelmek, re\u00e1lkeresetek 2-3 sz\u00e1zal\u00e9kkal n\u0151nek 2013-ban&#8221; &#8211; \u00edrt\u00e1k. A szervezet szerint az \u00e9v eddig eltelt id\u0151szak\u00e1nak tapasztalatai nyom\u00e1n arra lehet sz\u00e1m\u00edtani, hogy a kar\u00e1csonyi k\u00f6ltekez\u00e9s el\u00e9rheti ugyan a tavalyi szintet, de nagyobb megugr\u00e1s jelenleg nem jelezhet\u0151 el\u0151re, a fogyaszt\u00e1s &#8222;kil\u00e1bal\u00e1sa&#8221; m\u00e9rs\u00e9kelt \u00fctem\u0171 lesz, \u00e9s igazodik a gazdas\u00e1g teljes\u00edtm\u00e9ny\u00e9hez.(MTI)<\/p>\n","protected":false},"excerpt":{"rendered":"<p>A v\u00e1rakoz\u00e1sokn\u00e1l kisebb m\u00e9rt\u00e9kben n\u0151tt a kiskereskedelmi forgalom az MTI \u00e1ltal megk\u00e9rdezett elemz\u0151k szerint.<\/p>\n","protected":false},"author":1,"featured_media":0,"comment_status":"open","ping_status":"closed","sticky":false,"template":"","format":"standard","meta":[],"categories":[19],"tags":[],"_links":{"self":[{"href":"https:\/\/gazdasagportal.hu\/index.php\/wp-json\/wp\/v2\/posts\/20502"}],"collection":[{"href":"https:\/\/gazdasagportal.hu\/index.php\/wp-json\/wp\/v2\/posts"}],"about":[{"href":"https:\/\/gazdasagportal.hu\/index.php\/wp-json\/wp\/v2\/types\/post"}],"author":[{"embeddable":true,"href":"https:\/\/gazdasagportal.hu\/index.php\/wp-json\/wp\/v2\/users\/1"}],"replies":[{"embeddable":true,"href":"https:\/\/gazdasagportal.hu\/index.php\/wp-json\/wp\/v2\/comments?post=20502"}],"version-history":[{"count":1,"href":"https:\/\/gazdasagportal.hu\/index.php\/wp-json\/wp\/v2\/posts\/20502\/revisions"}],"predecessor-version":[{"id":20503,"href":"https:\/\/gazdasagportal.hu\/index.php\/wp-json\/wp\/v2\/posts\/20502\/revisions\/20503"}],"wp:attachment":[{"href":"https:\/\/gazdasagportal.hu\/index.php\/wp-json\/wp\/v2\/media?parent=20502"}],"wp:term":[{"taxonomy":"category","embeddable":true,"href":"https:\/\/gazdasagportal.hu\/index.php\/wp-json\/wp\/v2\/categories?post=20502"},{"taxonomy":"post_tag","embeddable":true,"href":"https:\/\/gazdasagportal.hu\/index.php\/wp-json\/wp\/v2\/tags?post=20502"}],"curies":[{"name":"wp","href":"https:\/\/api.w.org\/{rel}","templated":true}]}}